{"id":15396,"date":"2025-10-23T15:59:35","date_gmt":"2025-10-23T18:59:35","guid":{"rendered":"https:\/\/sgpsolucoes.com.br\/site\/?p=15396"},"modified":"2025-10-23T15:59:36","modified_gmt":"2025-10-23T18:59:36","slug":"sistcon-celebra-acordo-para-transposicao-de-servidores-do-ex-territorio-do-amapa-aos-quadros-da-uniao","status":"publish","type":"post","link":"https:\/\/sgpsolucoes.com.br\/site\/sistcon-celebra-acordo-para-transposicao-de-servidores-do-ex-territorio-do-amapa-aos-quadros-da-uniao\/","title":{"rendered":"SistCon celebra acordo para transposi\u00e7\u00e3o de servidores do ex-Territ\u00f3rio do Amap\u00e1 aos quadros da Uni\u00e3o"},"content":{"rendered":"<p>No dia 8 de outubro, o Sistema de Concilia\u00e7\u00e3o da Justi\u00e7a Federal da 1\u00aa Regi\u00e3o (SistCon), sob a coordena\u00e7\u00e3o do desembargador federal Pablo Zuniga Dourado, celebrou um acordo entre a Uni\u00e3o, o Estado do Amap\u00e1 e o Sindicato dos Servidores P\u00fablicos Federais Civis no Estado do Amap\u00e1 (SINDSEP\/AP) definindo crit\u00e9rios para a transposi\u00e7\u00e3o de servidores do extinto Territ\u00f3rio do Amap\u00e1 para os quadros da Uni\u00e3o.<\/p><p>O acordo foi alcan\u00e7ado ap\u00f3s quatro sess\u00f5es virtuais de concilia\u00e7\u00e3o e representa um avan\u00e7o na resolu\u00e7\u00e3o da situa\u00e7\u00e3o funcional de servidores que apresentavam pend\u00eancias documentais para a efetiva\u00e7\u00e3o da transposi\u00e7\u00e3o, na forma prevista nas Emendas Constitucionais n. 19 de 4 de junho de 1998; n. 79, de 27 de maio de 2014; n. 98, de 6 de dezembro de 2017, e na Lei n. 13.681, de 18 de junho de 2018.<\/p><p>Ap\u00f3s as tratativas, as partes definiram que:<\/p><ul class=\"wp-block-list\"><li>N\u00e3o ser\u00e1 aceita a informa\u00e7\u00e3o constante nas carteiras de trabalho dos 372 servidores listados pela Uni\u00e3o, que indica o dia 4 de outubro de 1988 como in\u00edcio do v\u00ednculo empregat\u00edcio com o ex-Territ\u00f3rio do Amap\u00e1 ou com o estado federado criado.<\/li><\/ul><ul class=\"wp-block-list\"><li>Para fins de transposi\u00e7\u00e3o, considerar-se-\u00e3o como meios probat\u00f3rios de rela\u00e7\u00e3o ou v\u00ednculo funcional, empregat\u00edcio, estatut\u00e1rio ou de trabalho, independentemente da exist\u00eancia de v\u00ednculo atual, al\u00e9m dos admitidos em lei, os descritos no art. 14 da Portaria n. 5.393, de 4 de julho de 2025, da Secretaria de Rela\u00e7\u00f5es de Trabalho do Minist\u00e9rio da Gest\u00e3o e da Inova\u00e7\u00e3o em Servi\u00e7os P\u00fablicos (SRT-MGI).<\/li><\/ul><ul class=\"wp-block-list\"><li>Caso o requerente n\u00e3o comprove a data de in\u00edcio do v\u00ednculo (ingresso) com o ex-Territ\u00f3rio do Amap\u00e1 ou com o estado federado criado, a Comiss\u00e3o Especial dos ex-Territ\u00f3rios Federais de Rond\u00f4nia, do Amap\u00e1 e de Roraima (CEEXT\/SRT-MGI) considerar\u00e1 como data de admiss\u00e3o aquela do documento mais antigo apresentado dentre aqueles referidos no art. 14 da Portaria SRT-MGI n. 5.393, de 2025.<\/li><\/ul><ul class=\"wp-block-list\"><li>A CEEXT\/SRT-MGI analisar\u00e1 os pedidos de transposi\u00e7\u00e3o, abrangidos pelo ora negociado, no prazo de 120 (cento e vinte) dias, contados da homologa\u00e7\u00e3o deste acordo.<\/li><\/ul><ul class=\"wp-block-list\"><li>As partes concordaram que, uma vez apreciados os pedidos de transposi\u00e7\u00e3o pela CEEXT\/SRT-MGI, restar\u00e1 cumprido o objeto do presente acordo.<\/li><\/ul><p>O acordo obriga as partes e os seus sucessores, em car\u00e1ter irretrat\u00e1vel e irrevog\u00e1vel, nos limites e termos nele definidos, produzindo efeitos, tamb\u00e9m, em todos os processos desmembrados do Processo n. 0001155-27.1996.4.01.3100, ou seja, em mais 10 processos que tramitam na Justi\u00e7a Federal da 1\u00aa Regi\u00e3o, independentemente da situa\u00e7\u00e3o processual, ainda que com tr\u00e2nsito em julgado.<\/p><p>Os termos acordados pelas partes foram homologados por decis\u00e3o judicial terminativa, proferida no \u00e2mbito do Sistema de Concilia\u00e7\u00e3o da Justi\u00e7a Federal da 1\u00aa Regi\u00e3o, na \u00faltima sexta-feira, dia 17 de outubro.<\/p><p>Processo n. 1036808-79.2024.4.01.0000<\/p><p>LC<\/p><p>Assessoria de Comunica\u00e7\u00e3o Social<\/p><p>Fonte: Tribunal Regional Federal da 1\u00aa Regi\u00e3o<\/p><p><\/p>\n    <div class=\"xs_social_share_widget xs_share_url after_content \t\tmain_content  wslu-style-1 wslu-share-box-shaped wslu-fill-colored wslu-none wslu-share-horizontal wslu-theme-font-no wslu-main_content\">\n\n\t\t\n        <ul>\n\t\t\t        <\/ul>\n    <\/div> \n","protected":false},"excerpt":{"rendered":"<p>No dia 8 de outubro, o Sistema de Concilia\u00e7\u00e3o da Justi\u00e7a Federal da 1\u00aa Regi\u00e3o (SistCon), sob a coordena\u00e7\u00e3o do desembargador federal Pablo Zuniga Dourado, celebrou um acordo entre a Uni\u00e3o, o Estado do Amap\u00e1 e o Sindicato dos Servidores P\u00fablicos Federais Civis no Estado do Amap\u00e1 (SINDSEP\/AP) definindo crit\u00e9rios para a transposi\u00e7\u00e3o de servidores do extinto Territ\u00f3rio do Amap\u00e1 para os quadros da Uni\u00e3o.<\/p>\n","protected":false},"author":5,"featured_media":0,"comment_status":"open","ping_status":"open","sticky":false,"template":"","format":"standard","meta":{"postBodyCss":"","postBodyMargin":[],"postBodyPadding":[],"postBodyBackground":{"backgroundType":"classic","gradient":""},"_price":"","_stock":"","_tribe_ticket_header":"","_tribe_default_ticket_provider":"","_tribe_ticket_capacity":"0","_ticket_start_date":"","_ticket_end_date":"","_tribe_ticket_show_description":"","_tribe_ticket_show_not_going":false,"_tribe_ticket_use_global_stock":"","_tribe_ticket_global_stock_level":"","_global_stock_mode":"","_global_stock_cap":"","_tribe_rsvp_for_event":"","_tribe_ticket_going_count":"","_tribe_ticket_not_going_count":"","_tribe_tickets_list":"[]","_tribe_ticket_has_attendee_info_fields":false,"footnotes":""},"categories":[46],"tags":[1077,16541,16540,16542,1344,16539,12988,1627],"class_list":["post-15396","post","type-post","status-publish","format-standard","hentry","category-noticias","tag-acordo","tag-amapa","tag-ex-territorio","tag-quadros","tag-servidores","tag-sistcon","tag-transposicao","tag-uniao"],"acf":[],"_links":{"self":[{"href":"https:\/\/sgpsolucoes.com.br\/site\/wp-json\/wp\/v2\/posts\/15396"}],"collection":[{"href":"https:\/\/sgpsolucoes.com.br\/site\/wp-json\/wp\/v2\/posts"}],"about":[{"href":"https:\/\/sgpsolucoes.com.br\/site\/wp-json\/wp\/v2\/types\/post"}],"author":[{"embeddable":true,"href":"https:\/\/sgpsolucoes.com.br\/site\/wp-json\/wp\/v2\/users\/5"}],"replies":[{"embeddable":true,"href":"https:\/\/sgpsolucoes.com.br\/site\/wp-json\/wp\/v2\/comments?post=15396"}],"version-history":[{"count":0,"href":"https:\/\/sgpsolucoes.com.br\/site\/wp-json\/wp\/v2\/posts\/15396\/revisions"}],"wp:attachment":[{"href":"https:\/\/sgpsolucoes.com.br\/site\/wp-json\/wp\/v2\/media?parent=15396"}],"wp:term":[{"taxonomy":"category","embeddable":true,"href":"https:\/\/sgpsolucoes.com.br\/site\/wp-json\/wp\/v2\/categories?post=15396"},{"taxonomy":"post_tag","embeddable":true,"href":"https:\/\/sgpsolucoes.com.br\/site\/wp-json\/wp\/v2\/tags?post=15396"}],"curies":[{"name":"wp","href":"https:\/\/api.w.org\/{rel}","templated":true}]}}