{"id":15413,"date":"2025-10-23T16:16:14","date_gmt":"2025-10-23T19:16:14","guid":{"rendered":"https:\/\/sgpsolucoes.com.br\/site\/?p=15413"},"modified":"2025-10-23T16:16:15","modified_gmt":"2025-10-23T19:16:15","slug":"substituicao-de-chefe-do-executivo-por-curto-periodo-antes-de-eleicao-nao-gera-inelegibilidade","status":"publish","type":"post","link":"https:\/\/sgpsolucoes.com.br\/site\/substituicao-de-chefe-do-executivo-por-curto-periodo-antes-de-eleicao-nao-gera-inelegibilidade\/","title":{"rendered":"Substitui\u00e7\u00e3o de chefe do Executivo por curto per\u00edodo antes de elei\u00e7\u00e3o n\u00e3o gera inelegibilidade\u00a0"},"content":{"rendered":"<p>Plen\u00e1rio do STF vai definir posteriormente a tese de repercuss\u00e3o geral, com eventual fixa\u00e7\u00e3o de prazo m\u00e1ximo<\/p><p>Por maioria de votos, o Supremo Tribunal Federal (STF) definiu que o vice que substituir o chefe do Poder Executivo por algum per\u00edodo nos seis meses anteriores \u00e0 elei\u00e7\u00e3o, em raz\u00e3o do afastamento do titular pela Justi\u00e7a, n\u00e3o est\u00e1 impedido de concorrer a um segundo mandato consecutivo.&nbsp;&nbsp;<\/p><p>A quest\u00e3o \u00e9 tratada no Recurso Extraordin\u00e1rio <a href=\"https:\/\/portal.stf.jus.br\/processos\/detalhe.asp?incidente=6291519\" target=\"_blank\" rel=\"noreferrer noopener\"><strong>(RE) 1355228<\/strong><\/a>, com repercuss\u00e3o geral (Tema 1.229). Em raz\u00e3o dos debates sobre a defini\u00e7\u00e3o de um prazo m\u00e1ximo para que essa substitui\u00e7\u00e3o n\u00e3o configure exerc\u00edcio do cargo, a fixa\u00e7\u00e3o da tese de repercuss\u00e3o geral, que orientar\u00e1 a solu\u00e7\u00e3o de casos semelhantes em todas as inst\u00e2ncias, ser\u00e1 definida posteriormente.&nbsp;<\/p><h5 class=\"wp-block-heading\"><strong>Oito dias<\/strong>&nbsp;<\/h5><p>No caso em julgamento, Allan Seixas de Sousa, reeleito prefeito de Cachoeira dos \u00cdndios (PB) em 2020, recorre de decis\u00e3o da Justi\u00e7a Eleitoral que indeferiu o registro da sua candidatura porque ele havia ocupado o cargo por oito dias (entre 31\/8 e 8\/9 de 2016), menos de seis meses antes da elei\u00e7\u00e3o. De acordo com a Constitui\u00e7\u00e3o Federal, o presidente da Rep\u00fablica, os governadores, os prefeitos e quem os houver sucedido ou substitu\u00eddo no curso dos mandatos podem ser reeleitos apenas para um mandato subsequente.&nbsp;<\/p><p>Sousa argumentou que a substitui\u00e7\u00e3o decorreu de uma decis\u00e3o judicial que afastou o ent\u00e3o prefeito e que o breve per\u00edodo de exerc\u00edcio n\u00e3o configuraria um terceiro mandato, vedado pela Constitui\u00e7\u00e3o Federal. Sustentou ainda que n\u00e3o havia praticado nenhum ato relevante de gest\u00e3o.&nbsp;<\/p><h5 class=\"wp-block-heading\"><strong>Substitui\u00e7\u00e3o involunt\u00e1ria<\/strong>&nbsp;<\/h5><p>Para o relator do recurso, ministro Nunes Marques, substitui\u00e7\u00f5es por pequeno per\u00edodo em decorr\u00eancia de decis\u00e3o judicial, mesmo nos \u00faltimos seis meses do mandato, n\u00e3o devem ser consideradas para fins de inelegibilidade. A seu ver, como a pessoa n\u00e3o teria sido a causadora da substitui\u00e7\u00e3o, n\u00e3o seria poss\u00edvel indeferir sua candidatura apenas por ter cumprido uma decis\u00e3o judicial. Esse entendimento foi acompanhado pelos ministros Cristiano Zanin, Andr\u00e9 Mendon\u00e7a, Alexandre de Moraes, Luiz Fux e Gilmar Mendes.&nbsp;<\/p><p>Em rela\u00e7\u00e3o aos prazos, a proposta inicial do relator \u00e9 de que substitui\u00e7\u00f5es por decis\u00e3o judicial por at\u00e9 90 dias, consecutivos ou alternados, n\u00e3o gerem inelegibilidade. O ministro Andr\u00e9 Mendon\u00e7a defendeu um prazo m\u00e1ximo de 15 dias. Por sua vez, o ministro Alexandre de Moraes considera que, como a substitui\u00e7\u00e3o \u00e9 involunt\u00e1ria, decorrente de uma decis\u00e3o judicial, ela pode abranger todos os seis meses.&nbsp;<\/p><h5 class=\"wp-block-heading\"><strong>Veda\u00e7\u00e3o expressa<\/strong>&nbsp;<\/h5><p>Em voto divergente, o ministro Fl\u00e1vio Dino destacou que o impedimento \u00e0 reelei\u00e7\u00e3o nesses casos \u00e9 determina\u00e7\u00e3o expressa da Constitui\u00e7\u00e3o Federal e da Lei das Inelegibilidades (Lei Complementar 64\/1990). Segundo o ministro, o legislador n\u00e3o distinguiu sucess\u00e3o de substitui\u00e7\u00e3o e criou esse per\u00edodo de seis meses em que a pessoa que assume o cargo tem um \u00f4nus. Ele foi acompanhado pela ministra C\u00e1rmen L\u00facia e pelos ministros Dias Toffoli e Edson Fachin.&nbsp;<\/p><p>(Pedro Rocha\/CR\/\/CF)&nbsp;<\/p><p>Leia mais:&nbsp;<\/p><p>23\/4\/2025 \u2013 <a href=\"https:\/\/noticias.stf.jus.br\/postsnoticias\/stf-comeca-a-discutir-inelegibilidade-de-candidatos-que-substituiram-chefes-de-executivo-por-curto-periodo\/\" target=\"_blank\" rel=\"noreferrer noopener\">STF come\u00e7a a discutir inelegibilidade de candidatos que substitu\u00edram chefes de Executivo por curto per\u00edodo<\/a>&nbsp;<\/p><p>Fonte:STF<\/p>\n    <div class=\"xs_social_share_widget xs_share_url after_content \t\tmain_content  wslu-style-1 wslu-share-box-shaped wslu-fill-colored wslu-none wslu-share-horizontal wslu-theme-font-no wslu-main_content\">\n\n\t\t\n        <ul>\n\t\t\t        <\/ul>\n    <\/div> \n","protected":false},"excerpt":{"rendered":"<p>Por maioria de votos, o Supremo Tribunal Federal (STF) definiu que o vice que substituir o chefe do Poder Executivo por algum per\u00edodo nos seis meses anteriores \u00e0 elei\u00e7\u00e3o, em raz\u00e3o do afastamento do titular pela Justi\u00e7a, n\u00e3o est\u00e1 impedido de concorrer a um segundo mandato consecutivo.\u00a0\u00a0<\/p>\n","protected":false},"author":5,"featured_media":0,"comment_status":"open","ping_status":"open","sticky":false,"template":"","format":"standard","meta":{"postBodyCss":"","postBodyMargin":[],"postBodyPadding":[],"postBodyBackground":{"backgroundType":"classic","gradient":""},"_price":"","_stock":"","_tribe_ticket_header":"","_tribe_default_ticket_provider":"","_tribe_ticket_capacity":"0","_ticket_start_date":"","_ticket_end_date":"","_tribe_ticket_show_description":"","_tribe_ticket_show_not_going":false,"_tribe_ticket_use_global_stock":"","_tribe_ticket_global_stock_level":"","_global_stock_mode":"","_global_stock_cap":"","_tribe_rsvp_for_event":"","_tribe_ticket_going_count":"","_tribe_ticket_not_going_count":"","_tribe_tickets_list":"[]","_tribe_ticket_has_attendee_info_fields":false,"footnotes":""},"categories":[46],"tags":[16550,16548,8244,16551,16549,347,10504],"class_list":["post-15413","post","type-post","status-publish","format-standard","hentry","category-noticias","tag-antes-da-eleicao","tag-chefe-do-executivo","tag-inelegibilidade","tag-nao-gera","tag-periodo-curto","tag-stf","tag-substituicao"],"acf":[],"_links":{"self":[{"href":"https:\/\/sgpsolucoes.com.br\/site\/wp-json\/wp\/v2\/posts\/15413"}],"collection":[{"href":"https:\/\/sgpsolucoes.com.br\/site\/wp-json\/wp\/v2\/posts"}],"about":[{"href":"https:\/\/sgpsolucoes.com.br\/site\/wp-json\/wp\/v2\/types\/post"}],"author":[{"embeddable":true,"href":"https:\/\/sgpsolucoes.com.br\/site\/wp-json\/wp\/v2\/users\/5"}],"replies":[{"embeddable":true,"href":"https:\/\/sgpsolucoes.com.br\/site\/wp-json\/wp\/v2\/comments?post=15413"}],"version-history":[{"count":0,"href":"https:\/\/sgpsolucoes.com.br\/site\/wp-json\/wp\/v2\/posts\/15413\/revisions"}],"wp:attachment":[{"href":"https:\/\/sgpsolucoes.com.br\/site\/wp-json\/wp\/v2\/media?parent=15413"}],"wp:term":[{"taxonomy":"category","embeddable":true,"href":"https:\/\/sgpsolucoes.com.br\/site\/wp-json\/wp\/v2\/categories?post=15413"},{"taxonomy":"post_tag","embeddable":true,"href":"https:\/\/sgpsolucoes.com.br\/site\/wp-json\/wp\/v2\/tags?post=15413"}],"curies":[{"name":"wp","href":"https:\/\/api.w.org\/{rel}","templated":true}]}}