{"id":15483,"date":"2025-10-29T17:11:40","date_gmt":"2025-10-29T20:11:40","guid":{"rendered":"https:\/\/sgpsolucoes.com.br\/site\/?p=15483"},"modified":"2025-10-29T17:11:41","modified_gmt":"2025-10-29T20:11:41","slug":"tce-pr-determina-que-tunas-do-parana-retome-obras-de-pavimentacao-paralisadas","status":"publish","type":"post","link":"https:\/\/sgpsolucoes.com.br\/site\/tce-pr-determina-que-tunas-do-parana-retome-obras-de-pavimentacao-paralisadas\/","title":{"rendered":"TCE-PR determina que Tunas do Paran\u00e1 retome obras de pavimenta\u00e7\u00e3o paralisadas"},"content":{"rendered":"<p>A Segunda C\u00e2mara do Tribunal de Contas do Estado determinou que a Prefeitura de Tunas do Paran\u00e1 retome, em at\u00e9 270 dias, obras de pavimenta\u00e7\u00e3o que se encontram paralisadas naquele munic\u00edpio da Regi\u00e3o Metropolitana de Curitiba &#8211; notadamente no que diz respeito aos trechos de vias relativos \u00e0s interven\u00e7\u00f5es 12558-3-2020 e 12558-4-2020.<\/p><p>O ente tamb\u00e9m deve enviar ao TCE-PR o termo de recebimento definitivo das obras emitido nos termos do artigo 140, al\u00ednea &#8220;b&#8221;, da Nova Lei de Licita\u00e7\u00f5es e Contratos (Lei n\u00ba 14.133\/2021), bem como o relat\u00f3rio de ensaios tecnol\u00f3gicos dos trabalhos a serem conclu\u00eddos.<\/p><p>Os conselheiros ordenaram ainda que a administra\u00e7\u00e3o municipal execute, no prazo de 30 dias, os servi\u00e7os de manuten\u00e7\u00e3o necess\u00e1rios nas obras de pavimenta\u00e7\u00e3o de vias nos trechos relativos \u00e0s interven\u00e7\u00f5es 12558-3-2020 e 12558-4-2020, com o objetivo de preservar os trabalhos j\u00e1 executados.<\/p><p>Esses servi\u00e7os envolvem a recupera\u00e7\u00e3o das caixas de liga\u00e7\u00e3o e capta\u00e7\u00e3o j\u00e1 danificadas; a prote\u00e7\u00e3o e a sinaliza\u00e7\u00e3o das caixas de liga\u00e7\u00e3o e capta\u00e7\u00e3o, de modo que n\u00e3o sejam atingidas pelo tr\u00e1fego e nem sejam obstru\u00eddas pelo carreamento de material granular; e a recupera\u00e7\u00e3o de meios fios danificados. O munic\u00edpio deve encaminhar ao TCE-PR relat\u00f3rio fotogr\u00e1fico circunstanciado, assinado pelo fiscal do contrato.<\/p><p><strong>Tomada de Contas Extraordin\u00e1ria<\/strong><\/p><p>A decis\u00e3o foi expedida no processo em que o Tribunal julgou parcialmente procedente Tomada de Contas Extraordin\u00e1ria instaurada em decorr\u00eancia de Comunica\u00e7\u00e3o de Irregularidade proposta pela sua Coordenadoria de Obras P\u00fablicas (COP), tendo por objeto irregularidades detectadas em fiscaliza\u00e7\u00e3o de obras p\u00fablicas promovida em Tunas do Paran\u00e1, no \u00e2mbito do Plano de Fiscaliza\u00e7\u00e3o (PAF) de 2022 do TCE-PR.<\/p><p>A principal falha identificada pela COP foi a aceita\u00e7\u00e3o de garantias contratuais inadequadas por parte do munic\u00edpio. A auditoria constatou que as cartas-fian\u00e7a oferecidas pela contratada, KJPR Pavimenta\u00e7\u00f5es, e emitidas pela Blue Life Intermedia\u00e7\u00e3o de Neg\u00f3cios Ltda. n\u00e3o possu\u00edam natureza banc\u00e1ria.<\/p><p>Elas eram, na verdade, &#8220;cartas de fian\u00e7a fidejuss\u00f3ria&#8221;, modalidade que n\u00e3o encontra amparo no rol taxativo do artigo 56, par\u00e1grafo 1\u00ba, da Lei n\u00ba 8.666\/93 (Lei de Licita\u00e7\u00f5es vigente \u00e0 \u00e9poca), nem no artigo 96, par\u00e1grafo 1\u00ba, da Nova Lei de Licita\u00e7\u00f5es. A legisla\u00e7\u00e3o exige expressamente &#8220;fian\u00e7a banc\u00e1ria emitida por banco ou institui\u00e7\u00e3o financeira devidamente autorizada a operar no pa\u00eds pelo Banco Central do Brasil&#8221;.<\/p><p>O TCE-PR tamb\u00e9m julgou irregulares a aus\u00eancia de procedimentos formais para a verifica\u00e7\u00e3o da legalidade e da idoneidade das garantias contratuais oferecidas; a defici\u00eancia na capacita\u00e7\u00e3o cont\u00ednua dos agentes p\u00fablicos respons\u00e1veis pela gest\u00e3o e a fiscaliza\u00e7\u00e3o de contratos; e a fragilidade nos fluxos de controle e cust\u00f3dia das garantias contratuais, evidenciando a falta de uma estrutura administrativa adequada no setor de obras e licita\u00e7\u00f5es da prefeitura.<\/p><p><strong>Recomenda\u00e7\u00f5es<\/strong><\/p><p>Em raz\u00e3o da decis\u00e3o, o TCE-PR expediu quatro recomenda\u00e7\u00f5es ao Munic\u00edpio de Tunas do Paran\u00e1, que devem ser cumpridas no prazo de 180 dias a contar do tr\u00e2nsito em julgado do processo de Tomada de Contas Extraordin\u00e1ria.<\/p><p>A primeira \u00e9 para que a administra\u00e7\u00e3o municipal implante ato normativo que estabele\u00e7a os crit\u00e9rios para recebimento das garantias contratuais autorizadas pela Lei n\u00ba 14.133\/2021, indicando as unidades administrativas e os cargos dos servidores respons\u00e1veis.<\/p><p>A segunda, para que o munic\u00edpio implante ato normativo que estabele\u00e7a as atividades e as atribui\u00e7\u00f5es dos fiscais e gestores dos contratos administrativos; e a terceira, para que apresente um estudo sobre a viabilidade de incluir, na estrutura administrativa do setor de obras do munic\u00edpio, um cargo de engenheiro civil ou de arquiteto efetivo, com admiss\u00e3o mediante concurso p\u00fablico.<\/p><p>A \u00faltima recomenda\u00e7\u00e3o \u00e9 para que a administra\u00e7\u00e3o municipal elabore programa de capacita\u00e7\u00e3o continuada dos agentes respons\u00e1veis pela gest\u00e3o e fiscaliza\u00e7\u00e3o de contratos de obras p\u00fablicas, em \u00e1reas de conhecimento correlatas.<\/p><p><strong>Decis\u00e3o<\/strong><\/p><p>O relator do processo, conselheiro Augustinho Zucchi, concordou com a COP, a ent\u00e3o Coordenadoria de Gest\u00e3o Municipal (CGM) do TCE-PR e Minist\u00e9rio P\u00fablico de Contas do Paran\u00e1 (MPC-PR) quanto \u00e0 proced\u00eancia parcial da Tomada de Contas, com a expedi\u00e7\u00e3o de determina\u00e7\u00f5es e recomenda\u00e7\u00f5es \u00e0 administra\u00e7\u00e3o municipal.<\/p><p>Em seu voto, Zucchi afirmou que h\u00e1 irregularidades de natureza sist\u00eamica na gest\u00e3o dos contratos administrativos que demandam corre\u00e7\u00e3o por parte do munic\u00edpio. Ele considerou que a aceita\u00e7\u00e3o da garantia em quest\u00e3o representou uma viola\u00e7\u00e3o direta ao princ\u00edpio da legalidade e um agravamento inaceit\u00e1vel do risco para a administra\u00e7\u00e3o p\u00fablica.<\/p><p>O conselheiro explicou que, diferentemente das fian\u00e7as banc\u00e1rias, reguladas pelo Banco Central, e do seguro-garantia, fiscalizado pela Superintend\u00eancia de Seguros Privados (Susep), a garantia fidejuss\u00f3ria n\u00e3o se submete a qualquer regula\u00e7\u00e3o ou controle por \u00f3rg\u00e3o oficial. Ele ressaltou que essa aus\u00eancia de supervis\u00e3o torna a garantia fr\u00e1gil e de dif\u00edcil execu\u00e7\u00e3o, potencializando a ocorr\u00eancia de danos ao patrim\u00f4nio p\u00fablico, como de fato se materializou com a inexecu\u00e7\u00e3o dos contratos.<\/p><p>Al\u00e9m disso, o relator apontou como agravante o fato de que as cartas-fian\u00e7a apresentadas continham cl\u00e1usula que limitava o prazo para comunica\u00e7\u00e3o do sinistro a ex\u00edguos tr\u00eas dias \u00fateis, incompat\u00edvel com os tr\u00e2mites administrativos necess\u00e1rios para tal provid\u00eancia.<\/p><p>Finalmente, Zucchi expressou que as outras tr\u00eas falhas, em seu conjunto, caracterizam viola\u00e7\u00e3o aos princ\u00edpios da efici\u00eancia e da legalidade contidos no artigo 37 da Constitui\u00e7\u00e3o Federal &#8211; o que demanda a ado\u00e7\u00e3o de medidas corretivas pelo munic\u00edpio.<\/p><p>Os demais integrantes do \u00f3rg\u00e3o colegiado do TCE-PR aprovaram, por unanimidade, o voto do relator na Sess\u00e3o de Plen\u00e1rio Virtual n\u00ba 17\/2025 da Segunda C\u00e2mara, conclu\u00edda em 2 de outubro. A decis\u00e3o, contra a qual cabe recurso, est\u00e1 expressa no Ac\u00f3rd\u00e3o n\u00ba 2750\/25 &#8211; Segunda C\u00e2mara, disponibilizado no dia 9 do mesmo m\u00eas, na <a href=\"https:\/\/www1.tce.pr.gov.br\/conteudo\/diario-eletronico-3544-2025-de-9-de-outubro-de-2025\/365629\/area\/10\">edi\u00e7\u00e3o n\u00ba 3.544 do Di\u00e1rio Eletr\u00f4nico do TCE-PR (DETC)<\/a>.<\/p><p><strong>Servi\u00e7o<\/strong><\/p><figure class=\"wp-block-table\"><table class=\"has-fixed-layout\"><tbody><tr><td><strong>Processo<\/strong>&nbsp;<strong>n\u00ba<\/strong>:<\/td><td>648710\/22<\/td><\/tr><tr><td><strong>Ac\u00f3rd\u00e3o n\u00ba<\/strong><\/td><td>2750\/25 &#8211; Segunda C\u00e2mara<\/td><\/tr><tr><td><strong>Assunto<\/strong>:<\/td><td>Tomada de Contas Extraordin\u00e1ria<\/td><\/tr><tr><td><strong>Entidade<\/strong>:<\/td><td>Munic\u00edpio de Tunas do Paran\u00e1<\/td><\/tr><tr><td><strong>Interessados<\/strong>:<\/td><td>Almir de Jesus Batista de Oliveira, Doraci Noel Lucio, Marco Antonio Baldao e Tiago Felipe Reis Feitosa Lima<\/td><\/tr><tr><td><strong>Relator<\/strong>:<\/td><td>Conselheiro Augustinho Zucchi<\/td><\/tr><\/tbody><\/table><\/figure><p>Autor: Diretoria de Comunica\u00e7\u00e3o Social <\/p><p>Fonte: TCE\/PR<\/p>\n    <div class=\"xs_social_share_widget xs_share_url after_content \t\tmain_content  wslu-style-1 wslu-share-box-shaped wslu-fill-colored wslu-none wslu-share-horizontal wslu-theme-font-no wslu-main_content\">\n\n\t\t\n        <ul>\n\t\t\t        <\/ul>\n    <\/div> \n","protected":false},"excerpt":{"rendered":"<p>A Segunda C\u00e2mara do Tribunal de Contas do Estado determinou que a Prefeitura de Tunas do Paran\u00e1 retome, em at\u00e9 270 dias, obras de pavimenta\u00e7\u00e3o que se encontram paralisadas naquele munic\u00edpio da Regi\u00e3o Metropolitana de Curitiba &#8211; notadamente no que diz respeito aos trechos de vias relativos \u00e0s interven\u00e7\u00f5es 12558-3-2020 e 12558-4-2020.<\/p>\n","protected":false},"author":5,"featured_media":0,"comment_status":"open","ping_status":"open","sticky":false,"template":"","format":"standard","meta":{"postBodyCss":"","postBodyMargin":[],"postBodyPadding":[],"postBodyBackground":{"backgroundType":"classic","gradient":""},"_price":"","_stock":"","_tribe_ticket_header":"","_tribe_default_ticket_provider":"","_tribe_ticket_capacity":"0","_ticket_start_date":"","_ticket_end_date":"","_tribe_ticket_show_description":"","_tribe_ticket_show_not_going":false,"_tribe_ticket_use_global_stock":"","_tribe_ticket_global_stock_level":"","_global_stock_mode":"","_global_stock_cap":"","_tribe_rsvp_for_event":"","_tribe_ticket_going_count":"","_tribe_ticket_not_going_count":"","_tribe_tickets_list":"[]","_tribe_ticket_has_attendee_info_fields":false,"footnotes":""},"categories":[46],"tags":[172,16571,16570,12480],"class_list":["post-15483","post","type-post","status-publish","format-standard","hentry","category-noticias","tag-obras","tag-paralisadas","tag-retome","tag-tce-pr-3"],"acf":[],"_links":{"self":[{"href":"https:\/\/sgpsolucoes.com.br\/site\/wp-json\/wp\/v2\/posts\/15483"}],"collection":[{"href":"https:\/\/sgpsolucoes.com.br\/site\/wp-json\/wp\/v2\/posts"}],"about":[{"href":"https:\/\/sgpsolucoes.com.br\/site\/wp-json\/wp\/v2\/types\/post"}],"author":[{"embeddable":true,"href":"https:\/\/sgpsolucoes.com.br\/site\/wp-json\/wp\/v2\/users\/5"}],"replies":[{"embeddable":true,"href":"https:\/\/sgpsolucoes.com.br\/site\/wp-json\/wp\/v2\/comments?post=15483"}],"version-history":[{"count":0,"href":"https:\/\/sgpsolucoes.com.br\/site\/wp-json\/wp\/v2\/posts\/15483\/revisions"}],"wp:attachment":[{"href":"https:\/\/sgpsolucoes.com.br\/site\/wp-json\/wp\/v2\/media?parent=15483"}],"wp:term":[{"taxonomy":"category","embeddable":true,"href":"https:\/\/sgpsolucoes.com.br\/site\/wp-json\/wp\/v2\/categories?post=15483"},{"taxonomy":"post_tag","embeddable":true,"href":"https:\/\/sgpsolucoes.com.br\/site\/wp-json\/wp\/v2\/tags?post=15483"}],"curies":[{"name":"wp","href":"https:\/\/api.w.org\/{rel}","templated":true}]}}