{"id":15494,"date":"2025-10-29T17:24:12","date_gmt":"2025-10-29T20:24:12","guid":{"rendered":"https:\/\/sgpsolucoes.com.br\/site\/?p=15494"},"modified":"2025-10-29T17:24:13","modified_gmt":"2025-10-29T20:24:13","slug":"stf-invalida-lei-de-sergipe-que-extinguia-carreiras-de-nivel-medio-no-magisterio-estadual","status":"publish","type":"post","link":"https:\/\/sgpsolucoes.com.br\/site\/stf-invalida-lei-de-sergipe-que-extinguia-carreiras-de-nivel-medio-no-magisterio-estadual\/","title":{"rendered":"STF invalida lei de Sergipe que extinguia carreiras de n\u00edvel m\u00e9dio no magist\u00e9rio estadual\u00a0"},"content":{"rendered":"<p>Corte reafirmou que cabe \u00e0 Uni\u00e3o fixar diretrizes gerais da educa\u00e7\u00e3o e manteve exig\u00eancia da LDB para doc\u00eancia nos primeiros anos da educa\u00e7\u00e3o b\u00e1sica&nbsp;&nbsp;<\/p><p>O Supremo Tribunal Federal (STF) declarou inconstitucional uma lei de Sergipe que extinguia o n\u00edvel m\u00e9dio como forma\u00e7\u00e3o m\u00ednima para ingresso na carreira do magist\u00e9rio estadual voltada \u00e0 educa\u00e7\u00e3o infantil e aos primeiros anos do ensino fundamental. A decis\u00e3o, tomada na A\u00e7\u00e3o Direta de Inconstitucionalidade <a href=\"https:\/\/portal.stf.jus.br\/processos\/detalhe.asp?incidente=4322974\" target=\"_blank\" rel=\"noreferrer noopener\"><strong>(ADI) 4871<\/strong><\/a>, proposta pela Confedera\u00e7\u00e3o Nacional dos Trabalhadores em Educa\u00e7\u00e3o (CNTE), foi julgada na sess\u00e3o virtual encerrada em 10\/10.&nbsp;<\/p><h5 class=\"wp-block-heading\"><strong>Exig\u00eancia de n\u00edvel superior&nbsp;<\/strong><\/h5><p>A Lei Complementar estadual 213\/2011 acabava com o n\u00edvel I do quadro permanente dos profissionais do magist\u00e9rio p\u00fablico e criava um quadro permanente em extin\u00e7\u00e3o desses profissionais. Segundo a CNTE, o resultado da mudan\u00e7a era que professores com forma\u00e7\u00e3o em n\u00edvel m\u00e9dio, na modalidade normal, n\u00e3o poderiam mais integrar os quadros docentes da rede oficial de ensino do estado.&nbsp;<\/p><h5 class=\"wp-block-heading\"><strong>Compet\u00eancia da Uni\u00e3o<\/strong>&nbsp;<\/h5><p>Prevaleceu no julgamento o voto do ministro Cristiano Zanin, que considerou que a lei estadual invadiu a compet\u00eancia privativa da Uni\u00e3o para legislar sobre diretrizes e bases da educa\u00e7\u00e3o nacional. Zanin afirmou que a exig\u00eancia m\u00ednima de forma\u00e7\u00e3o superior para ingresso no magist\u00e9rio estadual qualifica o ensino e o aprendizado no \u00e2mbito dos estados. Contudo, de acordo com a Lei de Diretrizes e Bases da Educa\u00e7\u00e3o Nacional (LDB \u2013 Lei 9.394\/1996), a forma\u00e7\u00e3o m\u00ednima para a doc\u00eancia na educa\u00e7\u00e3o infantil e nos anos iniciais do ensino fundamental \u00e9 o n\u00edvel m\u00e9dio, na modalidade normal.&nbsp;<\/p><p>O ministro lembrou que a mat\u00e9ria discutida na a\u00e7\u00e3o \u00e9 a mesma da <a href=\"https:\/\/portal.stf.jus.br\/processos\/detalhe.asp?incidente=2152226\" target=\"_blank\" rel=\"noreferrer noopener\">ADI 2965<\/a>, julgada em abril, que questionava uma lei do sistema educacional de Goi\u00e1s. Naquele caso, o STF considerou inconstitucional a exig\u00eancia de forma\u00e7\u00e3o superior para professores da educa\u00e7\u00e3o infantil, por entender que o estado havia extrapolado sua compet\u00eancia ao modificar par\u00e2metros fixados pela LDB.&nbsp;<\/p><p>Ficaram vencidos o relator, ministro Nunes Marques, e os ministros Dias Toffoli, Edson Fachin, Luiz Fux e Andr\u00e9 Mendon\u00e7a. Para Marques, os estados e o Distrito Federal podem optar pela exig\u00eancia da forma\u00e7\u00e3o em n\u00edvel superior ou em n\u00edvel m\u00e9dio.&nbsp;<\/p><p>(Gustavo Aguiar\/AS\/\/CF)&nbsp;<\/p><p>Leia mais:&nbsp;<\/p><p>9\/11\/2012 \u2013 <a href=\"https:\/\/noticias.stf.jus.br\/postsnoticias\/cnte-questiona-lei-que-extingue-nivel-medio-da-carreira-do-magisterio-publico-em-sergipe\/\" target=\"_blank\" rel=\"noreferrer noopener\">CNTE questiona lei que extingue n\u00edvel m\u00e9dio da carreira do magist\u00e9rio p\u00fablico em Sergipe<\/a>&nbsp;<\/p><p>Fonte: STF<\/p>\n    <div class=\"xs_social_share_widget xs_share_url after_content \t\tmain_content  wslu-style-1 wslu-share-box-shaped wslu-fill-colored wslu-none wslu-share-horizontal wslu-theme-font-no wslu-main_content\">\n\n\t\t\n        <ul>\n\t\t\t        <\/ul>\n    <\/div> \n","protected":false},"excerpt":{"rendered":"<p>O Supremo Tribunal Federal (STF) declarou inconstitucional uma lei de Sergipe que extinguia o n\u00edvel m\u00e9dio como forma\u00e7\u00e3o m\u00ednima para ingresso na carreira do magist\u00e9rio estadual voltada \u00e0 educa\u00e7\u00e3o infantil e aos primeiros anos do ensino fundamental. A decis\u00e3o, tomada na A\u00e7\u00e3o Direta de Inconstitucionalidade (ADI) 4871, proposta pela Confedera\u00e7\u00e3o Nacional dos Trabalhadores em Educa\u00e7\u00e3o (CNTE), foi julgada na sess\u00e3o virtual encerrada em 10\/10.\u00a0<\/p>\n","protected":false},"author":5,"featured_media":0,"comment_status":"open","ping_status":"open","sticky":false,"template":"","format":"standard","meta":{"postBodyCss":"","postBodyMargin":[],"postBodyPadding":[],"postBodyBackground":{"backgroundType":"classic","gradient":""},"_price":"","_stock":"","_tribe_ticket_header":"","_tribe_default_ticket_provider":"","_tribe_ticket_capacity":"0","_ticket_start_date":"","_ticket_end_date":"","_tribe_ticket_show_description":"","_tribe_ticket_show_not_going":false,"_tribe_ticket_use_global_stock":"","_tribe_ticket_global_stock_level":"","_global_stock_mode":"","_global_stock_cap":"","_tribe_rsvp_for_event":"","_tribe_ticket_going_count":"","_tribe_ticket_not_going_count":"","_tribe_tickets_list":"[]","_tribe_ticket_has_attendee_info_fields":false,"footnotes":""},"categories":[46],"tags":[16581,16580,1645,1563,16582,347],"class_list":["post-15494","post","type-post","status-publish","format-standard","hentry","category-noticias","tag-carreira-de-nivel-medio","tag-extinguia","tag-invalida","tag-lei","tag-magisterio-estadual","tag-stf"],"acf":[],"_links":{"self":[{"href":"https:\/\/sgpsolucoes.com.br\/site\/wp-json\/wp\/v2\/posts\/15494"}],"collection":[{"href":"https:\/\/sgpsolucoes.com.br\/site\/wp-json\/wp\/v2\/posts"}],"about":[{"href":"https:\/\/sgpsolucoes.com.br\/site\/wp-json\/wp\/v2\/types\/post"}],"author":[{"embeddable":true,"href":"https:\/\/sgpsolucoes.com.br\/site\/wp-json\/wp\/v2\/users\/5"}],"replies":[{"embeddable":true,"href":"https:\/\/sgpsolucoes.com.br\/site\/wp-json\/wp\/v2\/comments?post=15494"}],"version-history":[{"count":0,"href":"https:\/\/sgpsolucoes.com.br\/site\/wp-json\/wp\/v2\/posts\/15494\/revisions"}],"wp:attachment":[{"href":"https:\/\/sgpsolucoes.com.br\/site\/wp-json\/wp\/v2\/media?parent=15494"}],"wp:term":[{"taxonomy":"category","embeddable":true,"href":"https:\/\/sgpsolucoes.com.br\/site\/wp-json\/wp\/v2\/categories?post=15494"},{"taxonomy":"post_tag","embeddable":true,"href":"https:\/\/sgpsolucoes.com.br\/site\/wp-json\/wp\/v2\/tags?post=15494"}],"curies":[{"name":"wp","href":"https:\/\/api.w.org\/{rel}","templated":true}]}}