{"id":15519,"date":"2025-10-30T16:56:37","date_gmt":"2025-10-30T19:56:37","guid":{"rendered":"https:\/\/sgpsolucoes.com.br\/site\/?p=15519"},"modified":"2025-10-30T16:56:38","modified_gmt":"2025-10-30T19:56:38","slug":"trf1-garante-participacao-de-candidata-no-mais-medicos-apos-falha-de-comunicacao-da-administracao","status":"publish","type":"post","link":"https:\/\/sgpsolucoes.com.br\/site\/trf1-garante-participacao-de-candidata-no-mais-medicos-apos-falha-de-comunicacao-da-administracao\/","title":{"rendered":"TRF1 garante participa\u00e7\u00e3o de candidata no Mais M\u00e9dicos ap\u00f3s falha de comunica\u00e7\u00e3o da Administra\u00e7\u00e3o"},"content":{"rendered":"<p>A 5\u00aa Turma do Tribunal Regional Federal da 1\u00aa Regi\u00e3o (TRF1), de forma un\u00e2nime, deu provimento ao recurso de uma candidata inscrita no Programa Mais M\u00e9dicos para o Brasil. A candidata alegou n\u00e3o ter recebido, por e-mail, o link de acesso \u00e0 sala virtual para a etapa de heteroidentifica\u00e7\u00e3o, conforme previsto no edital, o que inviabilizou sua participa\u00e7\u00e3o.<\/p><p>Ao analisar o caso, o relator, desembargador federal Eduardo Martins, entendeu que a falha da Administra\u00e7\u00e3o gerou preju\u00edzo direto. \u201cA agravante, convocada na 4\u00aa chamada do certame na condi\u00e7\u00e3o de candidata negra, n\u00e3o recebeu a comunica\u00e7\u00e3o formal por e-mail (&#8230;). Tal falha impediu sua participa\u00e7\u00e3o nessa etapa, acarretando-lhe preju\u00edzo direto e relevante\u201d, afirmou.<\/p><p>O magistrado ressaltou que a observ\u00e2ncia \u00e0s regras do edital \u00e9 obrigat\u00f3ria. \u201cA jurisprud\u00eancia \u00e9 firme no sentido de que as regras edital\u00edcias vinculam a Administra\u00e7\u00e3o e os candidatos, e sua inobserv\u00e2ncia enseja viola\u00e7\u00e3o ao princ\u00edpio da legalidade e \u00e0 seguran\u00e7a jur\u00eddica. A omiss\u00e3o da Administra\u00e7\u00e3o no envio da comunica\u00e7\u00e3o exigida pelo pr\u00f3prio edital fere a boa-f\u00e9 objetiva, frustrando a leg\u00edtima expectativa da candidata\u201d.<\/p><p>O desembargador ainda refor\u00e7ou que a interven\u00e7\u00e3o judicial, nesse caso, n\u00e3o viola a autonomia da banca examinadora. \u201cA concess\u00e3o da liminar n\u00e3o implica substitui\u00e7\u00e3o da banca, mas t\u00e3o somente a determina\u00e7\u00e3o de medidas destinadas a assegurar o contradit\u00f3rio e a ampla defesa do candidato, nos termos da jurisprud\u00eancia consolidada\u201d, explicou.<\/p><p>A Turma, acompanhando o voto do relator, assegurou a participa\u00e7\u00e3o da concorrente no procedimento de heteroidentifica\u00e7\u00e3o e nas etapas subsequentes do certame.<\/p><p>Processo: 1004307-38.2025.4.01.0000<\/p><p>Data do julgamento: 05\/08\/2025<\/p><p>IL\/MLS<\/p><p>Assessoria de Comunica\u00e7\u00e3o Social<\/p><p>Tribunal Regional Federal da 1\u00aa Regi\u00e3o<\/p><p>Fonte:TRF 1  <\/p>\n    <div class=\"xs_social_share_widget xs_share_url after_content \t\tmain_content  wslu-style-1 wslu-share-box-shaped wslu-fill-colored wslu-none wslu-share-horizontal wslu-theme-font-no wslu-main_content\">\n\n\t\t\n        <ul>\n\t\t\t        <\/ul>\n    <\/div> \n","protected":false},"excerpt":{"rendered":"<p>A 5\u00aa Turma do Tribunal Regional Federal da 1\u00aa Regi\u00e3o (TRF1), de forma un\u00e2nime, deu provimento ao recurso de uma candidata inscrita no Programa Mais M\u00e9dicos para o Brasil. A candidata alegou n\u00e3o ter recebido, por e-mail, o link de acesso \u00e0 sala virtual para a etapa de heteroidentifica\u00e7\u00e3o, conforme previsto no edital, o que inviabilizou sua participa\u00e7\u00e3o.<\/p>\n","protected":false},"author":5,"featured_media":0,"comment_status":"open","ping_status":"open","sticky":false,"template":"","format":"standard","meta":{"postBodyCss":"","postBodyMargin":[],"postBodyPadding":[],"postBodyBackground":{"backgroundType":"classic","gradient":""},"_price":"","_stock":"","_tribe_ticket_header":"","_tribe_default_ticket_provider":"","_tribe_ticket_capacity":"0","_ticket_start_date":"","_ticket_end_date":"","_tribe_ticket_show_description":"","_tribe_ticket_show_not_going":false,"_tribe_ticket_use_global_stock":"","_tribe_ticket_global_stock_level":"","_global_stock_mode":"","_global_stock_cap":"","_tribe_rsvp_for_event":"","_tribe_ticket_going_count":"","_tribe_ticket_not_going_count":"","_tribe_tickets_list":"[]","_tribe_ticket_has_attendee_info_fields":false,"footnotes":""},"categories":[46],"tags":[2500,16596,16593,5872,1467,3463],"class_list":["post-15519","post","type-post","status-publish","format-standard","hentry","category-noticias","tag-candidata","tag-falha-de-comunicacao-da-administracao","tag-garante","tag-mais-medicos","tag-participacao","tag-trf1"],"acf":[],"_links":{"self":[{"href":"https:\/\/sgpsolucoes.com.br\/site\/wp-json\/wp\/v2\/posts\/15519"}],"collection":[{"href":"https:\/\/sgpsolucoes.com.br\/site\/wp-json\/wp\/v2\/posts"}],"about":[{"href":"https:\/\/sgpsolucoes.com.br\/site\/wp-json\/wp\/v2\/types\/post"}],"author":[{"embeddable":true,"href":"https:\/\/sgpsolucoes.com.br\/site\/wp-json\/wp\/v2\/users\/5"}],"replies":[{"embeddable":true,"href":"https:\/\/sgpsolucoes.com.br\/site\/wp-json\/wp\/v2\/comments?post=15519"}],"version-history":[{"count":0,"href":"https:\/\/sgpsolucoes.com.br\/site\/wp-json\/wp\/v2\/posts\/15519\/revisions"}],"wp:attachment":[{"href":"https:\/\/sgpsolucoes.com.br\/site\/wp-json\/wp\/v2\/media?parent=15519"}],"wp:term":[{"taxonomy":"category","embeddable":true,"href":"https:\/\/sgpsolucoes.com.br\/site\/wp-json\/wp\/v2\/categories?post=15519"},{"taxonomy":"post_tag","embeddable":true,"href":"https:\/\/sgpsolucoes.com.br\/site\/wp-json\/wp\/v2\/tags?post=15519"}],"curies":[{"name":"wp","href":"https:\/\/api.w.org\/{rel}","templated":true}]}}