{"id":15530,"date":"2025-10-31T15:20:38","date_gmt":"2025-10-31T18:20:38","guid":{"rendered":"https:\/\/sgpsolucoes.com.br\/site\/?p=15530"},"modified":"2025-10-31T15:20:39","modified_gmt":"2025-10-31T18:20:39","slug":"tce-mineiro-reforca-que-executivo-nao-pode-alterar-objeto-de-emendas-impositivas-do-legislativo","status":"publish","type":"post","link":"https:\/\/sgpsolucoes.com.br\/site\/tce-mineiro-reforca-que-executivo-nao-pode-alterar-objeto-de-emendas-impositivas-do-legislativo\/","title":{"rendered":"TCE mineiro refor\u00e7a que Executivo n\u00e3o pode alterar objeto de emendas impositivas do Legislativo"},"content":{"rendered":"<p>O Tribunal de Contas do Estado de Minas Gerais (TCEMG) decidiu que o Poder Executivo Municipal n\u00e3o pode alterar o objeto de emendas parlamentares impositivas, sejam elas individuais ou de bancada. A decis\u00e3o, relatada pelo conselheiro em exerc\u00edcio Telmo Passareli e aprovada na sess\u00e3o do Tribunal Pleno realizada em 29 de outubro, responde \u00e0 Consulta n\u00ba 1.170962, formulada pelo ent\u00e3o prefeito de Monte Si\u00e3o, Jos\u00e9 Pocai J\u00fanior.<\/p><p>No questionamento apresentado, o gestor municipal questionava se uma emenda impositiva cadastrada no or\u00e7amento vigente poderia ter seu objeto substitu\u00eddo pelo Executivo. O Tribunal foi claro ao afirmar que essa possibilidade n\u00e3o existe, pois o poder de emendar projetos de lei \u00e9 uma prerrogativa exclusiva do Legislativo, de natureza pol\u00edtico-jur\u00eddica, e n\u00e3o cabe ao Executivo modificar o conte\u00fado aprovado Casa Legislativa.<\/p><p>A decis\u00e3o ainda refor\u00e7ou que, em casos de impedimentos de ordem t\u00e9cnica \u2014 situa\u00e7\u00f5es que inviabilizam a execu\u00e7\u00e3o da emenda conforme planejado \u2014 o Executivo deve tentar sanar o problema ou realocar a programa\u00e7\u00e3o or\u00e7ament\u00e1ria de forma dialogada, com participa\u00e7\u00e3o do autor da emenda. Apenas se o impedimento for insuper\u00e1vel, a emenda perde o car\u00e1ter impositivo, e o cr\u00e9dito or\u00e7ament\u00e1rio pode ser aplicado pelo Executivo, conforme autoriza\u00e7\u00f5es previstas nas Lei Or\u00e7ament\u00e1ria Anual (LOA).<\/p><p>A decis\u00e3o refor\u00e7a o princ\u00edpio da separa\u00e7\u00e3o e harmonia entre os Poderes, al\u00e9m de garantir o respeito \u00e0 autonomia do Legislativo na defini\u00e7\u00e3o de parte das despesas p\u00fablicas, conforme estabelece o artigo 166 da Constitui\u00e7\u00e3o Federal e o princ\u00edpio da simetria que obriga estados e munic\u00edpios a seguir o mesmo modelo.<\/p><p>As \u00edntegras das consultas s\u00e3o disponibilizadas no Portal do TCE, por meio de acessos como o Di\u00e1rio Oficial de Contas (DOC), notas taquigr\u00e1ficas e o TC- Juris. As respostas da Corte de Contas possuem valor normativo e podem ser aplicadas em casos semelhantes.&nbsp;<\/p><p>Fonte: TCE\/MG<\/p>\n    <div class=\"xs_social_share_widget xs_share_url after_content \t\tmain_content  wslu-style-1 wslu-share-box-shaped wslu-fill-colored wslu-none wslu-share-horizontal wslu-theme-font-no wslu-main_content\">\n\n\t\t\n        <ul>\n\t\t\t        <\/ul>\n    <\/div> \n","protected":false},"excerpt":{"rendered":"<p>O Tribunal de Contas do Estado de Minas Gerais (TCEMG) decidiu que o Poder Executivo Municipal n\u00e3o pode alterar o objeto de emendas parlamentares impositivas, sejam elas individuais ou de bancada. A decis\u00e3o, relatada pelo conselheiro em exerc\u00edcio Telmo Passareli e aprovada na sess\u00e3o do Tribunal Pleno realizada em 29 de outubro, responde \u00e0 Consulta n\u00ba 1.170962, formulada pelo ent\u00e3o prefeito de Monte Si\u00e3o, Jos\u00e9 Pocai J\u00fanior.<\/p>\n","protected":false},"author":5,"featured_media":0,"comment_status":"open","ping_status":"open","sticky":false,"template":"","format":"standard","meta":{"postBodyCss":"","postBodyMargin":[],"postBodyPadding":[],"postBodyBackground":{"backgroundType":"classic","gradient":""},"_price":"","_stock":"","_tribe_ticket_header":"","_tribe_default_ticket_provider":"","_tribe_ticket_capacity":"0","_ticket_start_date":"","_ticket_end_date":"","_tribe_ticket_show_description":"","_tribe_ticket_show_not_going":false,"_tribe_ticket_use_global_stock":"","_tribe_ticket_global_stock_level":"","_global_stock_mode":"","_global_stock_cap":"","_tribe_rsvp_for_event":"","_tribe_ticket_going_count":"","_tribe_ticket_not_going_count":"","_tribe_tickets_list":"[]","_tribe_ticket_has_attendee_info_fields":false,"footnotes":""},"categories":[46],"tags":[16599,7601,2645,1827,16490,3682,16598,16533],"class_list":["post-15530","post","type-post","status-publish","format-standard","hentry","category-noticias","tag-alterar","tag-emendas-impositivas","tag-executivo","tag-legislativo","tag-nao-pode","tag-objeto","tag-reforca","tag-tce-mg-2"],"acf":[],"_links":{"self":[{"href":"https:\/\/sgpsolucoes.com.br\/site\/wp-json\/wp\/v2\/posts\/15530"}],"collection":[{"href":"https:\/\/sgpsolucoes.com.br\/site\/wp-json\/wp\/v2\/posts"}],"about":[{"href":"https:\/\/sgpsolucoes.com.br\/site\/wp-json\/wp\/v2\/types\/post"}],"author":[{"embeddable":true,"href":"https:\/\/sgpsolucoes.com.br\/site\/wp-json\/wp\/v2\/users\/5"}],"replies":[{"embeddable":true,"href":"https:\/\/sgpsolucoes.com.br\/site\/wp-json\/wp\/v2\/comments?post=15530"}],"version-history":[{"count":0,"href":"https:\/\/sgpsolucoes.com.br\/site\/wp-json\/wp\/v2\/posts\/15530\/revisions"}],"wp:attachment":[{"href":"https:\/\/sgpsolucoes.com.br\/site\/wp-json\/wp\/v2\/media?parent=15530"}],"wp:term":[{"taxonomy":"category","embeddable":true,"href":"https:\/\/sgpsolucoes.com.br\/site\/wp-json\/wp\/v2\/categories?post=15530"},{"taxonomy":"post_tag","embeddable":true,"href":"https:\/\/sgpsolucoes.com.br\/site\/wp-json\/wp\/v2\/tags?post=15530"}],"curies":[{"name":"wp","href":"https:\/\/api.w.org\/{rel}","templated":true}]}}