{"id":15533,"date":"2025-10-31T15:22:57","date_gmt":"2025-10-31T18:22:57","guid":{"rendered":"https:\/\/sgpsolucoes.com.br\/site\/?p=15533"},"modified":"2025-10-31T15:22:58","modified_gmt":"2025-10-31T18:22:58","slug":"composicao-de-valor-global-em-licitacao-de-obras-deve-ter-custos-de-mobilizacao","status":"publish","type":"post","link":"https:\/\/sgpsolucoes.com.br\/site\/composicao-de-valor-global-em-licitacao-de-obras-deve-ter-custos-de-mobilizacao\/","title":{"rendered":"Composi\u00e7\u00e3o de valor global em licita\u00e7\u00e3o de obras deve ter custos de mobiliza\u00e7\u00e3o"},"content":{"rendered":"<p>Ao expedir medida cautelar, o conselheiro Maur\u00edcio Requi\u00e3o refor\u00e7ou o entendimento do Tribunal de Contas do Estado (TCE-PR) de que as planilhas or\u00e7ament\u00e1rias vinculadas a editais de licita\u00e7\u00e3o devem considerar, na composi\u00e7\u00e3o do valor global da obra &#8211; custos diretos -, os custos dos itens de administra\u00e7\u00e3o local e de mobiliza\u00e7\u00e3o e desmobiliza\u00e7\u00e3o.<\/p><p>No caso, a decis\u00e3o liminar suspende a Concorr\u00eancia Eletr\u00f4nica n\u00ba 11\/2025, lan\u00e7ada pela Prefeitura de Quer\u00eancia do Norte com o objetivo de contratar empresa para executar obras de pavimenta\u00e7\u00e3o de vias urbanas nesse munic\u00edpio da Regi\u00e3o Noroeste do Paran\u00e1 pelo valor total previsto de R$ 11.989.554,80.<\/p><p>O relator acolheu, de forma liminar e monocr\u00e1tica, Representa\u00e7\u00e3o da Lei de Licita\u00e7\u00f5es formulada pela Associa\u00e7\u00e3o das Construtoras de Obras P\u00fablicas do Noroeste do Paran\u00e1 (Acnor). De acordo com a entidade, o edital do certame desconsiderou, na composi\u00e7\u00e3o do valor global das obras, os custos de administra\u00e7\u00e3o local e de mobiliza\u00e7\u00e3o e desmobiliza\u00e7\u00e3o.<\/p><p>Al\u00e9m disso, a representante alegou que o projeto apresentado \u00e9 falho ao n\u00e3o indicar o local da jazida, o c\u00e1lculo de disponibilidade de volume necess\u00e1rio, o licenciamento ambiental da jazida e os ensaios tecnol\u00f3gicos de an\u00e1lise do grau de compacta\u00e7\u00e3o do material a ser explorado.<\/p><p><strong>Fundamenta\u00e7\u00e3o<\/strong><\/p><p>Ao emitir a cautelar, Requi\u00e3o afirmou que os custos de administra\u00e7\u00e3o local e mobiliza\u00e7\u00e3o e desmobiliza\u00e7\u00e3o s\u00e3o custos diretos da obra e, portanto, devem estar destacados nas planilhas de composi\u00e7\u00e3o de custos dos projetos. Ele destacou ainda que, aparentemente, h\u00e1 confus\u00e3o conceitual entre o que s\u00e3o esses custos, que s\u00e3o diretos, e o BDI (bonifica\u00e7\u00e3o de despesas indiretas).<\/p><p>O conselheiro ressaltou que a discrimina\u00e7\u00e3o \u00e9 exigida porque esses custos s\u00e3o pass\u00edveis de identifica\u00e7\u00e3o, mensura\u00e7\u00e3o e discrimina\u00e7\u00e3o, bem como sujeitos a controle, medi\u00e7\u00e3o e pagamento individualizado pela administra\u00e7\u00e3o p\u00fablica, em conson\u00e2ncia com o princ\u00edpio da transpar\u00eancia dos gastos p\u00fablicos e as legisla\u00e7\u00f5es espec\u00edficas sobre o tema.<\/p><p>Ele frisou ainda que o Tribunal de Contas da Uni\u00e3o (TCU) orienta os licitantes a discriminarem os custos de administra\u00e7\u00e3o local, canteiro de obras e mobiliza\u00e7\u00e3o e desmobiliza\u00e7\u00e3o na planilha or\u00e7ament\u00e1ria de custos diretos.<\/p><p>O relator tamb\u00e9m expressou que h\u00e1 na licita\u00e7\u00e3o disposi\u00e7\u00f5es contradit\u00f3rias sobre a responsabilidade pela indica\u00e7\u00e3o e licenciamento da jazida, evidenciando irregularidades na elabora\u00e7\u00e3o do projeto b\u00e1sico e na composi\u00e7\u00e3o do or\u00e7amento estimado da licita\u00e7\u00e3o.<\/p><p>Requi\u00e3o salientou que o entendimento do TCU \u00e9 de que a administra\u00e7\u00e3o deve elaborar o levantamento das jazidas comerciais e n\u00e3o comerciais da regi\u00e3o da obra, com os respectivos ensaios sobre a viabilidade t\u00e9cnica e econ\u00f4mica do material, garantindo que o or\u00e7amento esteja fundamentado em quantitativos de servi\u00e7os e fornecimentos propriamente avaliados.<\/p><p>Finalmente, o conselheiro afirmou que o TCU firmou o entendimento de que a contrata\u00e7\u00e3o baseada em projeto b\u00e1sico elaborado sem a exist\u00eancia de licen\u00e7a pr\u00e9via constitui ind\u00edcio de irregularidade grave, pass\u00edvel de paralisa\u00e7\u00e3o da obra.<\/p><p><strong>Decis\u00e3o<\/strong><\/p><p>O Munic\u00edpio de Quer\u00eancia do Norte e seus representantes legais receberam o prazo de 15 dias para manifestarem-se a respeito das poss\u00edveis irregularidades apontada na medida cautelar. Caso a decis\u00e3o n\u00e3o seja revogada, seus efeitos perduram at\u00e9 que o Tribunal Pleno do TCE-PR decida sobre o m\u00e9rito do processo.<\/p><p>A cautelar foi concedida por meio de despacho expedido pelo relator em 17 de outubro e homologada, de forma un\u00e2nime, na Sess\u00e3o de Plen\u00e1rio Virtual n\u00ba 20\/25 do Tribunal Pleno do TCE-PR, conclu\u00edda no dia 23 do mesmo m\u00eas. Cabe recurso contra o Ac\u00f3rd\u00e3o n\u00ba 3018\/25 &#8211; Tribunal Pleno, veiculado nesta quinta-feira (30), na <a href=\"https:\/\/www1.tce.pr.gov.br\/conteudo\/diario-eletronico-3558-2025-de-30-de-outubro-de-2025\/366035\/area\/10\">edi\u00e7\u00e3o n\u00ba 3.558 do Di\u00e1rio Eletr\u00f4nico do TCE-PR<\/a>.<\/p><p><strong><u>Servi\u00e7o<\/u><\/strong><\/p><figure class=\"wp-block-table\"><table class=\"has-fixed-layout\"><tbody><tr><td><strong>Processo<\/strong>&nbsp;<strong>n\u00ba<\/strong>:<\/td><td>643479\/25<\/td><\/tr><tr><td><strong>Ac\u00f3rd\u00e3o n\u00ba<\/strong><\/td><td>3018\/25 &#8211; Tribunal Pleno<\/td><\/tr><tr><td><strong>Assunto:<\/strong><\/td><td>Representa\u00e7\u00e3o da Lei de Licita\u00e7\u00f5es<\/td><\/tr><tr><td><strong>Entidade<\/strong>:<\/td><td>Munic\u00edpio de Quer\u00eancia do Norte<\/td><\/tr><tr><td><strong>Interessados:<\/strong><\/td><td>Alex Sandro Fernandes e Associa\u00e7\u00e3o das Construtoras de Obras P\u00fablicas do Noroeste do Paran\u00e1<\/td><\/tr><tr><td><strong>Relator<\/strong>:<\/td><td>Conselheiro Maur\u00edcio Requi\u00e3o de Mello e Silva<\/td><\/tr><\/tbody><\/table><\/figure><p>Autor: Diretoria de Comunica\u00e7\u00e3o Social <\/p><p>Fonte: TCE\/PR<\/p><p><\/p>\n    <div class=\"xs_social_share_widget xs_share_url after_content \t\tmain_content  wslu-style-1 wslu-share-box-shaped wslu-fill-colored wslu-none wslu-share-horizontal wslu-theme-font-no wslu-main_content\">\n\n\t\t\n        <ul>\n\t\t\t        <\/ul>\n    <\/div> \n","protected":false},"excerpt":{"rendered":"<p>Ao expedir medida cautelar, o conselheiro Maur\u00edcio Requi\u00e3o refor\u00e7ou o entendimento do Tribunal de Contas do Estado (TCE-PR) de que as planilhas or\u00e7ament\u00e1rias vinculadas a editais de licita\u00e7\u00e3o devem considerar, na composi\u00e7\u00e3o do valor global da obra &#8211; custos diretos -, os custos dos itens de administra\u00e7\u00e3o local e de mobiliza\u00e7\u00e3o e desmobiliza\u00e7\u00e3o.<\/p>\n","protected":false},"author":5,"featured_media":0,"comment_status":"open","ping_status":"open","sticky":false,"template":"","format":"standard","meta":{"postBodyCss":"","postBodyMargin":[],"postBodyPadding":[],"postBodyBackground":{"backgroundType":"classic","gradient":""},"_price":"","_stock":"","_tribe_ticket_header":"","_tribe_default_ticket_provider":"","_tribe_ticket_capacity":"0","_ticket_start_date":"","_ticket_end_date":"","_tribe_ticket_show_description":"","_tribe_ticket_show_not_going":false,"_tribe_ticket_use_global_stock":"","_tribe_ticket_global_stock_level":"","_global_stock_mode":"","_global_stock_cap":"","_tribe_rsvp_for_event":"","_tribe_ticket_going_count":"","_tribe_ticket_not_going_count":"","_tribe_tickets_list":"[]","_tribe_ticket_has_attendee_info_fields":false,"footnotes":""},"categories":[46],"tags":[16600,16601,138,172],"class_list":["post-15533","post","type-post","status-publish","format-standard","hentry","category-noticias","tag-composicao-de-valor-global","tag-custos-de-mobilizacao","tag-licitacao-2","tag-obras"],"acf":[],"_links":{"self":[{"href":"https:\/\/sgpsolucoes.com.br\/site\/wp-json\/wp\/v2\/posts\/15533"}],"collection":[{"href":"https:\/\/sgpsolucoes.com.br\/site\/wp-json\/wp\/v2\/posts"}],"about":[{"href":"https:\/\/sgpsolucoes.com.br\/site\/wp-json\/wp\/v2\/types\/post"}],"author":[{"embeddable":true,"href":"https:\/\/sgpsolucoes.com.br\/site\/wp-json\/wp\/v2\/users\/5"}],"replies":[{"embeddable":true,"href":"https:\/\/sgpsolucoes.com.br\/site\/wp-json\/wp\/v2\/comments?post=15533"}],"version-history":[{"count":0,"href":"https:\/\/sgpsolucoes.com.br\/site\/wp-json\/wp\/v2\/posts\/15533\/revisions"}],"wp:attachment":[{"href":"https:\/\/sgpsolucoes.com.br\/site\/wp-json\/wp\/v2\/media?parent=15533"}],"wp:term":[{"taxonomy":"category","embeddable":true,"href":"https:\/\/sgpsolucoes.com.br\/site\/wp-json\/wp\/v2\/categories?post=15533"},{"taxonomy":"post_tag","embeddable":true,"href":"https:\/\/sgpsolucoes.com.br\/site\/wp-json\/wp\/v2\/tags?post=15533"}],"curies":[{"name":"wp","href":"https:\/\/api.w.org\/{rel}","templated":true}]}}