{"id":15577,"date":"2025-11-03T14:55:14","date_gmt":"2025-11-03T17:55:14","guid":{"rendered":"https:\/\/sgpsolucoes.com.br\/site\/?p=15577"},"modified":"2025-11-03T14:55:15","modified_gmt":"2025-11-03T17:55:15","slug":"stf-descartou-a-missao-na-criacao-da-policia-penal-em-minas-gerais","status":"publish","type":"post","link":"https:\/\/sgpsolucoes.com.br\/site\/stf-descartou-a-missao-na-criacao-da-policia-penal-em-minas-gerais\/","title":{"rendered":"STF descartou a miss\u00e3o na cria\u00e7\u00e3o da Pol\u00edcia Penal em Minas Gerais"},"content":{"rendered":"<p class=\"has-text-align-center\"><em>Foto: Gustavo Moreno\/STF<\/em><\/p><p><strong><em>O relator, ministro Gilmar Mendes, tomou medidas adotadas pelo estado para a carreira econ\u00f4mica<\/em><\/strong><\/p><p>O Supremo Tribunal Federal (STF) atualmente n\u00e3o houve omiss\u00e3o do governo de Minas Gerais na institui\u00e7\u00e3o da Pol\u00edcia Penal no estado. A decis\u00e3o foi tomada por unanimidade, nos termos do voto do relator, ministro Gilmar Mendes, que destacou as medidas adotadas pela gest\u00e3o estadual para regulamentares a carreira.<\/p><p>A A\u00e7\u00e3o Direta de Inconstitucionalidade por Omiss\u00e3o&nbsp;<strong><a href=\"https:\/\/portal.stf.jus.br\/processos\/detalhe.asp?incidente=7116424\" target=\"_blank\" rel=\"noreferrer noopener\">(ADO) 88<\/a><\/strong>&nbsp;foi proposta pela Associa\u00e7\u00e3o dos Policiais Penais do Brasil, que alegou a omiss\u00e3o do governo mineiro em regulamentos a pol\u00edcia penal estadual, prevista na Emenda Constitucional federal 104\/2019, que criou uma carreira em n\u00edvel federal, estadual e distrital.<\/p><p>Em seu voto, o ministro Gilmar Mendes afirmou que n\u00e3o houve omiss\u00e3o. Ele apresentou informa\u00e7\u00f5es enviadas pelo governo de Minas Gerais sobre a edi\u00e7\u00e3o de lei que transformou o cargo de agente de seguran\u00e7a penitenci\u00e1rio em policial penal e aplicou o novo regime \u00e0 carreira. Al\u00e9m disso, o estado informado ao Supremo sobre a realiza\u00e7\u00e3o de reuni\u00f5es cont\u00ednuas entre as secretarias de Planejamento e de Justi\u00e7a e Seguran\u00e7a P\u00fablica para elaborar uma minuta do projeto de Lei Org\u00e2nica da Pol\u00edcia Penal.<\/p><p>Para o ministro, essas medidas demonstram que n\u00e3o h\u00e1 omiss\u00e3o inconstitucional na regulamenta\u00e7\u00e3o da carreira. \u201cO que se observa \u00e9 a exist\u00eancia de um processo de implementa\u00e7\u00e3o em curso, sujeito \u00e0s balizas federativas e fiscais que informam a elabora\u00e7\u00e3o da lei\u201d, afirmou.<\/p><p>A ADO 88 foi julgada na sess\u00e3o plen\u00e1ria virtual encerrada em 24\/10.<\/p><p><em>(Paulo Roberto Netto\/AS\/\/CF)<\/em><\/p><p><strong>Fonte: STF<\/strong><\/p>\n    <div class=\"xs_social_share_widget xs_share_url after_content \t\tmain_content  wslu-style-1 wslu-share-box-shaped wslu-fill-colored wslu-none wslu-share-horizontal wslu-theme-font-no wslu-main_content\">\n\n\t\t\n        <ul>\n\t\t\t        <\/ul>\n    <\/div> \n","protected":false},"excerpt":{"rendered":"<p>O Supremo Tribunal Federal (STF) atualmente n\u00e3o houve omiss\u00e3o do governo de Minas Gerais na institui\u00e7\u00e3o da Pol\u00edcia Penal no estado. A decis\u00e3o foi tomada por unanimidade, nos termos do voto do relator, ministro Gilmar Mendes, que destacou as medidas adotadas pela gest\u00e3o estadual para regulamentares a carreira.<\/p>\n","protected":false},"author":5,"featured_media":0,"comment_status":"open","ping_status":"open","sticky":false,"template":"","format":"standard","meta":{"postBodyCss":"","postBodyMargin":[],"postBodyPadding":[],"postBodyBackground":{"backgroundType":"classic","gradient":""},"_price":"","_stock":"","_tribe_ticket_header":"","_tribe_default_ticket_provider":"","_tribe_ticket_capacity":"0","_ticket_start_date":"","_ticket_end_date":"","_tribe_ticket_show_description":"","_tribe_ticket_show_not_going":false,"_tribe_ticket_use_global_stock":"","_tribe_ticket_global_stock_level":"","_global_stock_mode":"","_global_stock_cap":"","_tribe_rsvp_for_event":"","_tribe_ticket_going_count":"","_tribe_ticket_not_going_count":"","_tribe_tickets_list":"[]","_tribe_ticket_has_attendee_info_fields":false,"footnotes":""},"categories":[46],"tags":[9336,16612,16613,2085,16607,2529,16609,16610,16608,1836,10673,16611,1828,2533,347,348],"class_list":["post-15577","post","type-post","status-publish","format-standard","hentry","category-noticias","tag-acao-direta-de-inconstitucionalidade-por-omissao","tag-ado-88","tag-associacao-dos-policiais-penais-do-brasil","tag-carreira","tag-carreira-economica","tag-criacao","tag-emenda-constitucional-104-2019","tag-gestao-estadual","tag-governo-de-minas-gerais","tag-minas-gerais","tag-ministro-gilmar-mendes","tag-missao","tag-omissao","tag-policia-penal","tag-stf","tag-supremo-tribunal-federal"],"acf":[],"_links":{"self":[{"href":"https:\/\/sgpsolucoes.com.br\/site\/wp-json\/wp\/v2\/posts\/15577"}],"collection":[{"href":"https:\/\/sgpsolucoes.com.br\/site\/wp-json\/wp\/v2\/posts"}],"about":[{"href":"https:\/\/sgpsolucoes.com.br\/site\/wp-json\/wp\/v2\/types\/post"}],"author":[{"embeddable":true,"href":"https:\/\/sgpsolucoes.com.br\/site\/wp-json\/wp\/v2\/users\/5"}],"replies":[{"embeddable":true,"href":"https:\/\/sgpsolucoes.com.br\/site\/wp-json\/wp\/v2\/comments?post=15577"}],"version-history":[{"count":0,"href":"https:\/\/sgpsolucoes.com.br\/site\/wp-json\/wp\/v2\/posts\/15577\/revisions"}],"wp:attachment":[{"href":"https:\/\/sgpsolucoes.com.br\/site\/wp-json\/wp\/v2\/media?parent=15577"}],"wp:term":[{"taxonomy":"category","embeddable":true,"href":"https:\/\/sgpsolucoes.com.br\/site\/wp-json\/wp\/v2\/categories?post=15577"},{"taxonomy":"post_tag","embeddable":true,"href":"https:\/\/sgpsolucoes.com.br\/site\/wp-json\/wp\/v2\/tags?post=15577"}],"curies":[{"name":"wp","href":"https:\/\/api.w.org\/{rel}","templated":true}]}}