{"id":15608,"date":"2025-11-04T15:03:24","date_gmt":"2025-11-04T18:03:24","guid":{"rendered":"https:\/\/sgpsolucoes.com.br\/site\/?p=15608"},"modified":"2025-11-04T15:03:26","modified_gmt":"2025-11-04T18:03:26","slug":"tce-pr-indica-a-10-municipios-melhorias-nas-acoes-para-a-manutencao-de-escolas","status":"publish","type":"post","link":"https:\/\/sgpsolucoes.com.br\/site\/tce-pr-indica-a-10-municipios-melhorias-nas-acoes-para-a-manutencao-de-escolas\/","title":{"rendered":"TCE-PR indica a 10 munic\u00edpios melhorias nas a\u00e7\u00f5es para a manuten\u00e7\u00e3o de escolas"},"content":{"rendered":"<p>O Tribunal de Contas emitiu recomenda\u00e7\u00f5es a dez prefeituras paranaenses, para aprimorar a gest\u00e3o da manuten\u00e7\u00e3o e conserva\u00e7\u00e3o das escolas municipais. As recomenda\u00e7\u00f5es foram sugeridas em relat\u00f3rios de fiscaliza\u00e7\u00e3o elaborados pela Coordenadoria de Obras P\u00fablicas (COP) do TCE-PR e homologadas pelo Tribunal Pleno.<\/p><p>As fiscaliza\u00e7\u00f5es realizadas pela COP, contempladas na \u00e1rea de Educa\u00e7\u00e3o do&nbsp;<a href=\"https:\/\/www1.tce.pr.gov.br\/multimidia\/2024\/10\/pdf\/00390308.pdf\">Plano de Fiscaliza\u00e7\u00e3o do TCE-PR para o bi\u00eanio 2024-2025<\/a>, tiveram o objetivo de avaliar a efic\u00e1cia da gest\u00e3o da manuten\u00e7\u00e3o e da conserva\u00e7\u00e3o das unidades escolares municipais, para identificar as fragilidades relevantes quanto aos aspectos de planejamento, estrutura organizacional, execu\u00e7\u00e3o e garantia da equidade entre todas as escolas do munic\u00edpio. As auditorias operacionais visaram contribuir com o aprimoramento da administra\u00e7\u00e3o municipal, respons\u00e1vel por prover espa\u00e7os adequados e de qualidade para um melhor aprendizado por parte dos alunos.<\/p><p>Como resultado, foram identificadas oportunidades de melhoria em rela\u00e7\u00e3o \u00e0s atividades necess\u00e1rias para a manuten\u00e7\u00e3o e a conserva\u00e7\u00e3o das unidades escolares nos munic\u00edpios fiscalizados. As impropriedades identificadas foram: inexist\u00eancia ou inadequa\u00e7\u00e3o de instrumento de planejamento; inadequa\u00e7\u00e3o da estrutura organizacional; falta de efic\u00e1cia na execu\u00e7\u00e3o dos trabalhos realizados nas edifica\u00e7\u00f5es; e gest\u00e3o desigual desses trabalhos.<\/p><p>Nos munic\u00edpios de Barbosa Ferraz, Bocai\u00fava do Sul, Cruz Machado, Iretama, Paula Freitas, Tomazina e Wenceslau Braz foram detectadas as quatro oportunidades de melhoria; em Porto Vit\u00f3ria, tr\u00eas; e em Corumbata\u00ed do Sul e Santana do Itarar\u00e9, duas.<\/p><p><strong>Recomenda\u00e7\u00f5es<\/strong><\/p><p>O TCE-PR expediu quatro recomenda\u00e7\u00f5es em rela\u00e7\u00e3o \u00e0s oportunidades de melhoria identificadas. A primeira delas \u00e9 para que sejam providenciados instrumentos de planejamento adequados (plano, programa ou outro documento contendo roteiro de inspe\u00e7\u00e3o, atividades essenciais, estimativa de valor, identifica\u00e7\u00e3o dos respons\u00e1veis); e que sejam utilizados os hist\u00f3ricos das manuten\u00e7\u00f5es realizadas e elaborada lista de prioridades a serem atendidas.<\/p><p>A segunda recomenda\u00e7\u00e3o \u00e9 para que seja adequada a estrutura organizacional para uma gest\u00e3o eficaz da manuten\u00e7\u00e3o e conserva\u00e7\u00e3o das edifica\u00e7\u00f5es escolares, com unidade administrativa formalizada; respons\u00e1vel com atribui\u00e7\u00f5es e responsabilidades; fluxos de comunica\u00e7\u00e3o para demandas e reclama\u00e7\u00f5es; estudo para estimativa de recursos necess\u00e1rios; e registros das atividades.<\/p><p>Os conselheiros tamb\u00e9m recomendaram que seja melhorada a efic\u00e1cia da manuten\u00e7\u00e3o e conserva\u00e7\u00e3o das edifica\u00e7\u00f5es escolares municipais. Para tanto, os entes devem aferir condi\u00e7\u00f5es, controlar as atividades realizadas e providenciar as corre\u00e7\u00f5es necess\u00e1rias.<\/p><p>A \u00faltima recomenda\u00e7\u00e3o \u00e9 para que seja promovida uma gest\u00e3o igualit\u00e1ria da manuten\u00e7\u00e3o e conserva\u00e7\u00e3o das escolas municipais, por meio da compara\u00e7\u00e3o das condi\u00e7\u00f5es das unidades e do atendimento \u00e0s menos favorecidas.<\/p><p><strong>Decis\u00e3o<\/strong><\/p><p>Em seu voto, o relator do processo, conselheiro Ivens Linhares, atual presidente do TCE-PR, manifestou-se pela homologa\u00e7\u00e3o das recomenda\u00e7\u00f5es dos relat\u00f3rios de fiscaliza\u00e7\u00e3o, em raz\u00e3o da necessidade de melhorias nos procedimentos verificados pela equipe de fiscaliza\u00e7\u00e3o.<\/p><p>Nas sess\u00f5es de Plen\u00e1rio Virtual n\u00ba 18\/25 e 19\/25 do Tribunal Pleno do TCE-PR, conclu\u00eddas, respectivamente, em 25 de setembro e 9 de outubro, os demais membros do \u00f3rg\u00e3o colegiado acompanharam os votos do relator por unanimidade. Os ac\u00f3rd\u00e3os n\u00fameros 2670\/25, 2671\/25, 2672\/25, 2673\/25, 2674\/25, 2675\/25, 2676\/25, 2678\/25 e 2680\/25 &#8211; Tribunal Pleno foram veiculados em 3 de outubro, na&nbsp;<a href=\"https:\/\/www1.tce.pr.gov.br\/multimidia\/2025\/10\/pdf\/00398226.pdf\">edi\u00e7\u00e3o n\u00ba 3.540 do Di\u00e1rio Eletr\u00f4nico do TCE-PR<\/a>. J\u00e1 o Ac\u00f3rd\u00e3o n\u00ba 2824\/25 &#8211; Tribunal Pleno, foi publicado em 15 de outubro, na&nbsp;<a href=\"https:\/\/www1.tce.pr.gov.br\/multimidia\/2025\/10\/pdf\/00398590.pdf\">edi\u00e7\u00e3o n\u00ba 3.548 do DETC-PR<\/a>.<\/p><p><strong>Resolu\u00e7\u00e3o<\/strong><\/p><p>A partir da vig\u00eancia da&nbsp;<a href=\"https:\/\/www1.tce.pr.gov.br\/conteudo\/resolucao-n-73-de-22-de-agosto-de-2019\/323836\/area\/249\">Resolu\u00e7\u00e3o n\u00ba 73\/2019 do TCE-PR<\/a>, todos os procedimentos resultantes de trabalhos fiscalizat\u00f3rios realizados pelo Tribunal t\u00eam como ponto de partida a elabora\u00e7\u00e3o, pela unidade t\u00e9cnica respons\u00e1vel, de um Relat\u00f3rio de Fiscaliza\u00e7\u00e3o. Caso este apresente apenas sugest\u00f5es de medidas para sanar impropriedades encontradas na gest\u00e3o da entidade p\u00fablica em quest\u00e3o, \u00e9 instaurado processo de Homologa\u00e7\u00e3o de Recomenda\u00e7\u00f5es.<\/p><p>A medida tem como objetivo dar maior rapidez \u00e0 implementa\u00e7\u00e3o dessas iniciativas, indicadas apenas nos casos em que n\u00e3o s\u00e3o encontradas irregularidades de maior gravidade, que demandem a emiss\u00e3o de determina\u00e7\u00f5es ou a aplica\u00e7\u00e3o de san\u00e7\u00f5es &#8211; situa\u00e7\u00f5es ainda contempladas pelos processos de Representa\u00e7\u00e3o e Tomada de Contas Extraordin\u00e1ria.<\/p><p><strong><u>Servi\u00e7o<\/u><\/strong><\/p><figure class=\"wp-block-table\"><table class=\"has-fixed-layout\"><tbody><tr><td><strong>Processo n\u00ba<\/strong>:<\/td><td>480347\/25<\/td><\/tr><tr><td><strong>Ac\u00f3rd\u00e3o n\u00ba:<\/strong><\/td><td>2670\/25 &#8211; Tribunal Pleno<\/td><\/tr><tr><td><strong>Assunto<\/strong>:<\/td><td>Homologa\u00e7\u00e3o de Recomenda\u00e7\u00f5es<\/td><\/tr><tr><td><strong>Entidade:<\/strong><\/td><td>Munic\u00edpio de Cruz Machado<\/td><\/tr><tr><td><strong>Relator<\/strong>:<\/td><td>Conselheiro Ivens Zschoerper Linhares<\/td><\/tr><\/tbody><\/table><\/figure><figure class=\"wp-block-table\"><table class=\"has-fixed-layout\"><tbody><tr><td><strong>Processo n\u00ba<\/strong>:<\/td><td>483532\/25<\/td><\/tr><tr><td><strong>Ac\u00f3rd\u00e3o n\u00ba:<\/strong><\/td><td>2671\/25 &#8211; Tribunal Pleno<\/td><\/tr><tr><td><strong>Assunto<\/strong>:<\/td><td>Homologa\u00e7\u00e3o de Recomenda\u00e7\u00f5es<\/td><\/tr><tr><td><strong>Entidade:<\/strong><\/td><td>Munic\u00edpio de Bocai\u00fava do Sul<\/td><\/tr><tr><td><strong>Relator<\/strong>:<\/td><td>Conselheiro Ivens Zschoerper Linhares<\/td><\/tr><\/tbody><\/table><\/figure><figure class=\"wp-block-table\"><table class=\"has-fixed-layout\"><tbody><tr><td><strong>Processo n\u00ba<\/strong>:<\/td><td>511498\/25<\/td><\/tr><tr><td><strong>Ac\u00f3rd\u00e3o n\u00ba:<\/strong><\/td><td>2672\/25 &#8211; Tribunal Pleno<\/td><\/tr><tr><td><strong>Assunto<\/strong>:<\/td><td>Homologa\u00e7\u00e3o de Recomenda\u00e7\u00f5es<\/td><\/tr><tr><td><strong>Entidade:<\/strong><\/td><td>Munic\u00edpio de Paula Freitas<\/td><\/tr><tr><td><strong>Relator<\/strong>:<\/td><td>Conselheiro Ivens Zschoerper Linhares<\/td><\/tr><\/tbody><\/table><\/figure><figure class=\"wp-block-table\"><table class=\"has-fixed-layout\"><tbody><tr><td><strong>Processo n\u00ba<\/strong>:<\/td><td>511510\/25<\/td><\/tr><tr><td><strong>Ac\u00f3rd\u00e3o n\u00ba:<\/strong><\/td><td>2673\/25 &#8211; Tribunal Pleno<\/td><\/tr><tr><td><strong>Assunto<\/strong>:<\/td><td>Homologa\u00e7\u00e3o de Recomenda\u00e7\u00f5es<\/td><\/tr><tr><td><strong>Entidade:<\/strong><\/td><td>Munic\u00edpio de Porto Vit\u00f3ria<\/td><\/tr><tr><td><strong>Relator<\/strong>:<\/td><td>Conselheiro Ivens Zschoerper Linhares<\/td><\/tr><\/tbody><\/table><\/figure><figure class=\"wp-block-table\"><table class=\"has-fixed-layout\"><tbody><tr><td><strong>Processo n\u00ba<\/strong>:<\/td><td>522007\/25<\/td><\/tr><tr><td><strong>Ac\u00f3rd\u00e3o n\u00ba:<\/strong><\/td><td>2674\/25 &#8211; Tribunal Pleno<\/td><\/tr><tr><td><strong>Assunto<\/strong>:<\/td><td>Homologa\u00e7\u00e3o de Recomenda\u00e7\u00f5es<\/td><\/tr><tr><td><strong>Entidade:<\/strong><\/td><td>Munic\u00edpio de Wenceslau Braz<\/td><\/tr><tr><td><strong>Relator<\/strong>:<\/td><td>Conselheiro Ivens Zschoerper Linhares<\/td><\/tr><\/tbody><\/table><\/figure><figure class=\"wp-block-table\"><table class=\"has-fixed-layout\"><tbody><tr><td><strong>Processo n\u00ba<\/strong>:<\/td><td>522040\/25<\/td><\/tr><tr><td><strong>Ac\u00f3rd\u00e3o n\u00ba:<\/strong><\/td><td>2675\/25 &#8211; Tribunal Pleno<\/td><\/tr><tr><td><strong>Assunto<\/strong>:<\/td><td>Homologa\u00e7\u00e3o de Recomenda\u00e7\u00f5es<\/td><\/tr><tr><td><strong>Entidade:<\/strong><\/td><td>Munic\u00edpio de Tomazina<\/td><\/tr><tr><td><strong>Relator<\/strong>:<\/td><td>Conselheiro Ivens Zschoerper Linhares<\/td><\/tr><\/tbody><\/table><\/figure><figure class=\"wp-block-table\"><table class=\"has-fixed-layout\"><tbody><tr><td><strong>Processo n\u00ba<\/strong>:<\/td><td>544310\/25<\/td><\/tr><tr><td><strong>Ac\u00f3rd\u00e3o n\u00ba:<\/strong><\/td><td>2676\/25 &#8211; Tribunal Pleno<\/td><\/tr><tr><td><strong>Assunto<\/strong>:<\/td><td>Homologa\u00e7\u00e3o de Recomenda\u00e7\u00f5es<\/td><\/tr><tr><td><strong>Entidade:<\/strong><\/td><td>Munic\u00edpio de Santana do Itarar\u00e9<\/td><\/tr><tr><td><strong>Relator<\/strong>:<\/td><td>Conselheiro Ivens Zschoerper Linhares<\/td><\/tr><\/tbody><\/table><\/figure><figure class=\"wp-block-table\"><table class=\"has-fixed-layout\"><tbody><tr><td><strong>Processo n\u00ba<\/strong>:<\/td><td>549967\/25<\/td><\/tr><tr><td><strong>Ac\u00f3rd\u00e3o n\u00ba:<\/strong><\/td><td>2678\/25 &#8211; Tribunal Pleno<\/td><\/tr><tr><td><strong>Assunto<\/strong>:<\/td><td>Homologa\u00e7\u00e3o de Recomenda\u00e7\u00f5es<\/td><\/tr><tr><td><strong>Entidade:<\/strong><\/td><td>Munic\u00edpio de Iretama<\/td><\/tr><tr><td><strong>Relator<\/strong>:<\/td><td>Conselheiro Ivens Zschoerper Linhares<\/td><\/tr><\/tbody><\/table><\/figure><figure class=\"wp-block-table\"><table class=\"has-fixed-layout\"><tbody><tr><td><strong>Processo n\u00ba<\/strong>:<\/td><td>558648\/25<\/td><\/tr><tr><td><strong>Ac\u00f3rd\u00e3o n\u00ba:<\/strong><\/td><td>2680\/25 &#8211; Tribunal Pleno<\/td><\/tr><tr><td><strong>Assunto<\/strong>:<\/td><td>Homologa\u00e7\u00e3o de Recomenda\u00e7\u00f5es<\/td><\/tr><tr><td><strong>Entidade:<\/strong><\/td><td>Munic\u00edpio de Barbosa Ferraz<\/td><\/tr><tr><td><strong>Relator<\/strong>:<\/td><td>Conselheiro Ivens Zschoerper Linhares<\/td><\/tr><\/tbody><\/table><\/figure><figure class=\"wp-block-table\"><table class=\"has-fixed-layout\"><tbody><tr><td><strong>Processo n\u00ba<\/strong>:<\/td><td>566470\/25<\/td><\/tr><tr><td><strong>Ac\u00f3rd\u00e3o n\u00ba:<\/strong><\/td><td>2824\/25 &#8211; Tribunal Pleno<\/td><\/tr><tr><td><strong>Assunto<\/strong>:<\/td><td>Homologa\u00e7\u00e3o de Recomenda\u00e7\u00f5es<\/td><\/tr><tr><td><strong>Entidade:<\/strong><\/td><td>Munic\u00edpio de Corumbata\u00ed do Sul<\/td><\/tr><tr><td><strong>Relator<\/strong>:<\/td><td>Conselheiro Ivens Zschoerper Linhares<\/td><\/tr><\/tbody><\/table><\/figure><p><em>Autor:&nbsp;Diretoria de Comunica\u00e7\u00e3o Social<\/em><\/p><p><strong>Fonte:&nbsp;TCE\/PR<\/strong><\/p>\n    <div class=\"xs_social_share_widget xs_share_url after_content \t\tmain_content  wslu-style-1 wslu-share-box-shaped wslu-fill-colored wslu-none wslu-share-horizontal wslu-theme-font-no wslu-main_content\">\n\n\t\t\n        <ul>\n\t\t\t        <\/ul>\n    <\/div> \n","protected":false},"excerpt":{"rendered":"<p>O Tribunal de Contas emitiu recomenda\u00e7\u00f5es a dez prefeituras paranaenses, para aprimorar a gest\u00e3o da manuten\u00e7\u00e3o e conserva\u00e7\u00e3o das escolas municipais. As recomenda\u00e7\u00f5es foram sugeridas em relat\u00f3rios de fiscaliza\u00e7\u00e3o elaborados pela Coordenadoria de Obras P\u00fablicas (COP) do TCE-PR e homologadas pelo Tribunal Pleno.<\/p>\n","protected":false},"author":5,"featured_media":0,"comment_status":"open","ping_status":"open","sticky":false,"template":"","format":"standard","meta":{"postBodyCss":"","postBodyMargin":[],"postBodyPadding":[],"postBodyBackground":{"backgroundType":"classic","gradient":""},"_price":"","_stock":"","_tribe_ticket_header":"","_tribe_default_ticket_provider":"","_tribe_ticket_capacity":"0","_ticket_start_date":"","_ticket_end_date":"","_tribe_ticket_show_description":"","_tribe_ticket_show_not_going":false,"_tribe_ticket_use_global_stock":"","_tribe_ticket_global_stock_level":"","_global_stock_mode":"","_global_stock_cap":"","_tribe_rsvp_for_event":"","_tribe_ticket_going_count":"","_tribe_ticket_not_going_count":"","_tribe_tickets_list":"[]","_tribe_ticket_has_attendee_info_fields":false,"footnotes":""},"categories":[46],"tags":[5176,5104,13151,12224,3316,253,5444,8802,399,3318,354,16627,451,6445],"class_list":["post-15608","post","type-post","status-publish","format-standard","hentry","category-noticias","tag-acoes","tag-conservacao","tag-coordenadoria-de-obras-publicas","tag-cop","tag-escolas-municipais","tag-gestao","tag-manutencao-de-escolas","tag-melhorias","tag-municipios","tag-recomendacoes","tag-tce-pr","tag-tcepr","tag-tribunal-de-contas","tag-tribunal-pleno"],"acf":[],"_links":{"self":[{"href":"https:\/\/sgpsolucoes.com.br\/site\/wp-json\/wp\/v2\/posts\/15608"}],"collection":[{"href":"https:\/\/sgpsolucoes.com.br\/site\/wp-json\/wp\/v2\/posts"}],"about":[{"href":"https:\/\/sgpsolucoes.com.br\/site\/wp-json\/wp\/v2\/types\/post"}],"author":[{"embeddable":true,"href":"https:\/\/sgpsolucoes.com.br\/site\/wp-json\/wp\/v2\/users\/5"}],"replies":[{"embeddable":true,"href":"https:\/\/sgpsolucoes.com.br\/site\/wp-json\/wp\/v2\/comments?post=15608"}],"version-history":[{"count":0,"href":"https:\/\/sgpsolucoes.com.br\/site\/wp-json\/wp\/v2\/posts\/15608\/revisions"}],"wp:attachment":[{"href":"https:\/\/sgpsolucoes.com.br\/site\/wp-json\/wp\/v2\/media?parent=15608"}],"wp:term":[{"taxonomy":"category","embeddable":true,"href":"https:\/\/sgpsolucoes.com.br\/site\/wp-json\/wp\/v2\/categories?post=15608"},{"taxonomy":"post_tag","embeddable":true,"href":"https:\/\/sgpsolucoes.com.br\/site\/wp-json\/wp\/v2\/tags?post=15608"}],"curies":[{"name":"wp","href":"https:\/\/api.w.org\/{rel}","templated":true}]}}