{"id":15614,"date":"2025-11-04T15:47:32","date_gmt":"2025-11-04T18:47:32","guid":{"rendered":"https:\/\/sgpsolucoes.com.br\/site\/?p=15614"},"modified":"2025-11-04T15:47:33","modified_gmt":"2025-11-04T18:47:33","slug":"pleno-responde-consulta-sobre-prorrogacao-de-ata-de-registro-de-precos","status":"publish","type":"post","link":"https:\/\/sgpsolucoes.com.br\/site\/pleno-responde-consulta-sobre-prorrogacao-de-ata-de-registro-de-precos\/","title":{"rendered":"Pleno responde consulta sobre prorroga\u00e7\u00e3o de Ata de Registro de Pre\u00e7os"},"content":{"rendered":"<p class=\"has-text-align-center\"><em>Sess\u00e3o do Pleno do TCE-PE. Foto: Alysson Maria<br><br>As d\u00favidas apresentadas pelo gestor de Brej\u00e3o eram relacionadas \u00e0 prorroga\u00e7\u00e3o da validade das atas de pre\u00e7os e \u00e0 renova\u00e7\u00e3o dos quantitativos.<\/em><\/p><ul class=\"wp-block-list\"><li><strong><a href=\"https:\/\/tcepe.tc.br\/internet\/index.php\/472-noticias-resumidas\/8136-pleno-responde-consulta-sobre-prorrogacao-de-ata-de-registro-de-precos\" target=\"_blank\" rel=\"noreferrer noopener\"><strong>Resumo simplificado\u00a0\ud83d\udcd1<\/strong><\/a><\/strong><\/li><\/ul><ul class=\"wp-block-list\"><li><strong><em>Em resposta a uma consulta feita pelo prefeito de Brej\u00e3o, o Pleno do TCE-PE confirmou que a nova Lei de Licita\u00e7\u00f5es permite prorrogar por mais um ano a validade de uma Ata de Registro de Pre\u00e7os, e renovar os quantitativos nela registrados, desde que obedecidos alguns crit\u00e9rios. Essa regra, por\u00e9m, n\u00e3o se aplica aos chamados \u201ccaronas\u201d \u2013 \u00f3rg\u00e3os ou entidades que utilizam uma ata criada por outro ente p\u00fablico, sem participa\u00e7\u00e3o direta na licita\u00e7\u00e3o.<\/em><\/strong><\/li><\/ul><p>O Pleno do Tribunal de Contas de Pernambuco (TCE-PE) respondeu a uma consulta do prefeito de Brej\u00e3o, Valber Anderson Rodrigues, sobre a possibilidade de prorrogar a validade de uma Ata de Registro de Pre\u00e7os e renovar as quantidades de produtos ou servi\u00e7os registrados.\u00a0<\/p><p>O gestor tamb\u00e9m perguntou se essa renova\u00e7\u00e3o pode valer para os chamados \u201ccaronas\u201d \u2013 quando outros \u00f3rg\u00e3os ou entidades que n\u00e3o participaram da licita\u00e7\u00e3o, utilizam a mesma ata. E se o TCE-PE j\u00e1 tem decis\u00f5es, normas ou entendimento que tratem do tema.<\/p><p>As respostas foram apresentadas na&nbsp;<a href=\"https:\/\/www.youtube.com\/watch?v=aDdDRv4ts5I\" target=\"_blank\" rel=\"noreferrer noopener\">sess\u00e3o desta quarta-feira (22)<\/a>&nbsp;sob a relatoria do conselheiro Rodrigo Novaes e com base em parecer do Minist\u00e9rio P\u00fablico de Contas.<\/p><p>A decis\u00e3o destaca que a nova Lei de Licita\u00e7\u00f5es (<a href=\"https:\/\/www.planalto.gov.br\/ccivil_03\/_ato2019-2022\/2021\/lei\/l14133.htm\" target=\"_blank\" rel=\"noreferrer noopener\">Lei Federal n\u00ba 14.133\/2021<\/a>) define que a Ata de Registro de Pre\u00e7os tem validade de um ano, podendo ser prorrogada por mais um, desde que fique comprovado que o pre\u00e7o continua vantajoso para a administra\u00e7\u00e3o p\u00fablica.&nbsp;<\/p><p>A renova\u00e7\u00e3o dos quantitativos registrados tamb\u00e9m \u00e9 permitida, at\u00e9 o limite do que foi previsto inicialmente, desde que essa possibilidade esteja expressa no ato de prorroga\u00e7\u00e3o e siga as condi\u00e7\u00f5es definidas na lei.<\/p><p>Tanto a prorroga\u00e7\u00e3o quanto a renova\u00e7\u00e3o devem estar previstas no edital de licita\u00e7\u00e3o e na pr\u00f3pria ata. Essas regras, no entanto, n\u00e3o se aplicam aos \u00f3rg\u00e3os p\u00fablicos ou entidades que aderiram \u00e0 ata como \u201ccaronas\u201d, que v\u00e3o precisar fazer nova solicita\u00e7\u00e3o de ades\u00e3o.<\/p><p>Como ainda n\u00e3o h\u00e1 decis\u00f5es anteriores do TCE-PE sobre o assunto, o relator sugeriu a emiss\u00e3o de prejulgados, que s\u00e3o entendimentos pr\u00e9vios do Tribunal usados para orientar gestores p\u00fablicos em casos semelhantes.<\/p><p><strong>SERVI\u00c7O&nbsp;<\/strong><strong>\ud83d\udccc<\/strong><strong> &nbsp;<\/strong><\/p><p>Processos: TC n\u00ba&nbsp;<strong><a href=\"https:\/\/etce.tcepe.tc.br\/epp\/ConsultaExternaTCE\/listView.seam?cprc=25101270&amp;digito=0\" target=\"_blank\" rel=\"noreferrer noopener\">25101270-0<\/a><\/strong><\/p><p>Data da decis\u00e3o:&nbsp;<a href=\"https:\/\/youtu.be\/aDdDRv4ts5I?t=2798\" target=\"_blank\" rel=\"noreferrer noopener\">22\/10\/2025<\/a><\/p><p>Modalidade: Consulta<\/p><p>\u00d3rg\u00e3o: Prefeitura de Brej\u00e3o<\/p><p>Relator: Rodrigo Novaes<\/p><p>Exerc\u00edcio: 2025<br><br><strong><em>Ger\u00eancia de Jornalismo (GEJO), 31\/10\/2025<\/em><\/strong><\/p><p><strong>Fonte: TCE-PE<\/strong><\/p>\n    <div class=\"xs_social_share_widget xs_share_url after_content \t\tmain_content  wslu-style-1 wslu-share-box-shaped wslu-fill-colored wslu-none wslu-share-horizontal wslu-theme-font-no wslu-main_content\">\n\n\t\t\n        <ul>\n\t\t\t        <\/ul>\n    <\/div> \n","protected":false},"excerpt":{"rendered":"<p>O Pleno do Tribunal de Contas de Pernambuco (TCE-PE) respondeu a uma consulta do prefeito de Brej\u00e3o, Valber Anderson Rodrigues, sobre a possibilidade de prorrogar a validade de uma Ata de Registro de Pre\u00e7os e renovar as quantidades de produtos ou servi\u00e7os registrados.\u00a0<\/p>\n","protected":false},"author":5,"featured_media":0,"comment_status":"open","ping_status":"open","sticky":false,"template":"","format":"standard","meta":{"postBodyCss":"","postBodyMargin":[],"postBodyPadding":[],"postBodyBackground":{"backgroundType":"classic","gradient":""},"_price":"","_stock":"","_tribe_ticket_header":"","_tribe_default_ticket_provider":"","_tribe_ticket_capacity":"0","_ticket_start_date":"","_ticket_end_date":"","_tribe_ticket_show_description":"","_tribe_ticket_show_not_going":false,"_tribe_ticket_use_global_stock":"","_tribe_ticket_global_stock_level":"","_global_stock_mode":"","_global_stock_cap":"","_tribe_rsvp_for_event":"","_tribe_ticket_going_count":"","_tribe_ticket_not_going_count":"","_tribe_tickets_list":"[]","_tribe_ticket_has_attendee_info_fields":false,"footnotes":""},"categories":[46],"tags":[7956,16654,16652,13313,1349,218,1199,4950,16655,515,4435,1345,16653,1364],"class_list":["post-15614","post","type-post","status-publish","format-standard","hentry","category-noticias","tag-ata-de-registro-de-precos-2","tag-atas-de-precos","tag-brejao","tag-caronas","tag-consulta","tag-lei-de-licitacoes","tag-pleno","tag-prorrogacao","tag-prorrogar","tag-quantitativos","tag-renovacao","tag-tce-pe","tag-tcepe","tag-validade"],"acf":[],"_links":{"self":[{"href":"https:\/\/sgpsolucoes.com.br\/site\/wp-json\/wp\/v2\/posts\/15614"}],"collection":[{"href":"https:\/\/sgpsolucoes.com.br\/site\/wp-json\/wp\/v2\/posts"}],"about":[{"href":"https:\/\/sgpsolucoes.com.br\/site\/wp-json\/wp\/v2\/types\/post"}],"author":[{"embeddable":true,"href":"https:\/\/sgpsolucoes.com.br\/site\/wp-json\/wp\/v2\/users\/5"}],"replies":[{"embeddable":true,"href":"https:\/\/sgpsolucoes.com.br\/site\/wp-json\/wp\/v2\/comments?post=15614"}],"version-history":[{"count":0,"href":"https:\/\/sgpsolucoes.com.br\/site\/wp-json\/wp\/v2\/posts\/15614\/revisions"}],"wp:attachment":[{"href":"https:\/\/sgpsolucoes.com.br\/site\/wp-json\/wp\/v2\/media?parent=15614"}],"wp:term":[{"taxonomy":"category","embeddable":true,"href":"https:\/\/sgpsolucoes.com.br\/site\/wp-json\/wp\/v2\/categories?post=15614"},{"taxonomy":"post_tag","embeddable":true,"href":"https:\/\/sgpsolucoes.com.br\/site\/wp-json\/wp\/v2\/tags?post=15614"}],"curies":[{"name":"wp","href":"https:\/\/api.w.org\/{rel}","templated":true}]}}