{"id":15620,"date":"2025-11-04T16:11:13","date_gmt":"2025-11-04T19:11:13","guid":{"rendered":"https:\/\/sgpsolucoes.com.br\/site\/?p=15620"},"modified":"2025-11-04T16:11:14","modified_gmt":"2025-11-04T19:11:14","slug":"justica-condena-paraty-a-remover-estacionamentos-irregulares-do-centro-historico","status":"publish","type":"post","link":"https:\/\/sgpsolucoes.com.br\/site\/justica-condena-paraty-a-remover-estacionamentos-irregulares-do-centro-historico\/","title":{"rendered":"Justi\u00e7a condena Paraty a remover estacionamentos irregulares do centro hist\u00f3rico"},"content":{"rendered":"<p><em>Decis\u00e3o atende a pedido da AGU, representando o Iphan, ap\u00f3s a identifica\u00e7\u00e3o de danos ao patrim\u00f4nio tombado e ao meio ambiente<\/em><\/p><p>A Justi\u00e7a Federal do Rio de Janeiro condenou o munic\u00edpio de Paraty a remover estacionamentos irregulares do per\u00edmetro do Centro Hist\u00f3rico e de uma regi\u00e3o de manguezal. Trata-se de \u00e1reas integrantes do Conjunto Arquitet\u00f4nico e Paisag\u00edstico da Cidade de Paraty, que \u00e9 tombado e reconhecido pela Unesco como Patrim\u00f4nio Mundial.<\/p><p>Proferida pela 1\u00aa Vara Federal de Angra dos Reis, a decis\u00e3o atende a uma a\u00e7\u00e3o civil p\u00fablica ajuizada pela Advocacia-Geral da Uni\u00e3o (AGU), representando o Instituto do Patrim\u00f4nio Hist\u00f3rico e Art\u00edstico Nacional&nbsp;(Iphan). No processo, \u00e9 demonstrado que o&nbsp;Iphan detectou a cria\u00e7\u00e3o de estacionamentos em trechos da Rua Aurora, Pra\u00e7a da Bandeira, Rua Fresca e Rua Josefina Gibrail&nbsp;Costa \u2014 que fazem parte do Centro Hist\u00f3rico \u2014 e da \u00e1rea conhecida como &#8220;Terra Nova&#8221;.&nbsp;<\/p><p>Nesta \u00faltima, que se encontra em um manguezal, portanto \u00e1rea de preserva\u00e7\u00e3o permanente, foi&nbsp;observado que a terraplanagem e as interven\u00e7\u00f5es para implanta\u00e7\u00e3o de vagas de estacionamento provocaram a destrui\u00e7\u00e3o de vegeta\u00e7\u00e3o rasteira da borda do mangue. Sendo assim, houve tanto dano ambiental quanto dano \u00e0 preserva\u00e7\u00e3o do patrim\u00f4nio hist\u00f3rico.<\/p><p>Apesar de devidamente autuado pelo Iphan, que tem poder de pol\u00edcia, o munic\u00edpio nada fez, o que motivou o ajuizamento da a\u00e7\u00e3o.&nbsp;<\/p><p>Na vis\u00e3o do procurador federal da AGU Vinicius Lahorgue, que atuou no caso, um aspecto que espanta e torna a situa\u00e7\u00e3o ainda mais grave \u00e9 que a irregularidade \u00e9 da pr\u00f3pria Prefeitura de Paraty. &#8220;N\u00e3o se trata de simples toler\u00e2ncia da Prefeitura com a pr\u00e1tica irregular de&nbsp;particulares, mas, sim, uma verdadeira institucionaliza\u00e7\u00e3o da irregularidade&#8221;, destaca ele.<\/p><p><strong>Multa pode ultrapassar R$ 100 mil<\/strong><\/p><p>Al\u00e9m de obrigar Paraty a remover os estacionamentos irregulares, a Justi\u00e7a Federal condenou a Prefeitura a recompor a pavimenta\u00e7\u00e3o dos locais e a apresentar ao Iphan um projeto que contemple essas medidas no prazo de 30 dias, sob pena de multa di\u00e1ria de R$ 5 mil. Paraty tamb\u00e9m ter\u00e1 que iniciar a execu\u00e7\u00e3o desse projeto, com as adapta\u00e7\u00f5es que forem determinadas pelo Iphan, em at\u00e9 30 dias ap\u00f3s a aprova\u00e7\u00e3o do projeto, sob pena de multa di\u00e1ria tamb\u00e9m de R$ 5 mil.<\/p><p>De acordo com a senten\u00e7a, o munic\u00edpio tamb\u00e9m deve se comprometer a n\u00e3o realizar qualquer interven\u00e7\u00e3o no conjunto arquitet\u00f4nico e paisag\u00edstico sem autoriza\u00e7\u00e3o do Iphan. A multa, caso a Prefeitura descumpra essa determina\u00e7\u00e3o, \u00e9 de R$ 100 mil.<\/p><p>Na decis\u00e3o, a ju\u00edza Luciana Cunha Villar destacou que &#8220;apesar do munic\u00edpio de Paraty negar a exist\u00eancia do estacionamento (&#8230;), o laudo pericial indicou a exist\u00eancia de carros estacionados e placas de estacionamento rotativo. (&#8230;) As fotos acostadas \u00e0 dilig\u00eancia pericial, realizada em 24\/02\/2025, n\u00e3o deixam quaisquer d\u00favidas acerca da exist\u00eancia de estacionamento rotativo, com placas sinalizadas pela pr\u00f3pria municipalidade&#8221;.&nbsp;<\/p><p>A atua\u00e7\u00e3o da AGU no processo se deu por meio da Procuradoria Regional Federal da 2\u00aa Regi\u00e3o (PRF2). Como a decis\u00e3o foi dada em primeira inst\u00e2ncia, ainda est\u00e1 sujeita a recurso.<\/p><p><strong>Processo de refer\u00eancia: n\u00ba 5001392-50.2021.4.02.5111<\/strong><\/p><p><strong>Assessoria Especial de Comunica\u00e7\u00e3o Social da AGU<\/strong><\/p>\n    <div class=\"xs_social_share_widget xs_share_url after_content \t\tmain_content  wslu-style-1 wslu-share-box-shaped wslu-fill-colored wslu-none wslu-share-horizontal wslu-theme-font-no wslu-main_content\">\n\n\t\t\n        <ul>\n\t\t\t        <\/ul>\n    <\/div> \n","protected":false},"excerpt":{"rendered":"<p>A Justi\u00e7a Federal do Rio de Janeiro condenou o munic\u00edpio de Paraty a remover estacionamentos irregulares do per\u00edmetro do Centro Hist\u00f3rico e de uma regi\u00e3o de manguezal. Trata-se de \u00e1reas integrantes do Conjunto Arquitet\u00f4nico e Paisag\u00edstico da Cidade de Paraty, que \u00e9 tombado e reconhecido pela Unesco como Patrim\u00f4nio Mundial.<\/p>\n","protected":false},"author":5,"featured_media":0,"comment_status":"open","ping_status":"open","sticky":false,"template":"","format":"standard","meta":{"postBodyCss":"","postBodyMargin":[],"postBodyPadding":[],"postBodyBackground":{"backgroundType":"classic","gradient":""},"_price":"","_stock":"","_tribe_ticket_header":"","_tribe_default_ticket_provider":"","_tribe_ticket_capacity":"0","_ticket_start_date":"","_ticket_end_date":"","_tribe_ticket_show_description":"","_tribe_ticket_show_not_going":false,"_tribe_ticket_use_global_stock":"","_tribe_ticket_global_stock_level":"","_global_stock_mode":"","_global_stock_cap":"","_tribe_rsvp_for_event":"","_tribe_ticket_going_count":"","_tribe_ticket_not_going_count":"","_tribe_tickets_list":"[]","_tribe_ticket_has_attendee_info_fields":false,"footnotes":""},"categories":[46],"tags":[15629,5884,1408,79,16671,16664,16672,16669,6492,16674,16663,6495,6499,394,3071,1425,16666,16665,16673,16667,16670,2905,16668],"class_list":["post-15620","post","type-post","status-publish","format-standard","hentry","category-noticias","tag-1a-vara-federal","tag-acao-civil-publica","tag-advocacia-geral-da-uniao","tag-agu","tag-angra-dos-reis","tag-centro-historico","tag-cidade-de-paraty","tag-conjunto-arquitetonico-e-paisagistico","tag-danos","tag-estacionamentos","tag-estacionamentos-irregulares","tag-instituto-do-patrimonio-historico-e-artistico-nacional","tag-iphan","tag-justica","tag-justica-federal","tag-meio-ambiente","tag-municipio-de-paraty","tag-paraty","tag-patrimonio-mundial","tag-patrimonio-tombado","tag-regiao-de-manguezal","tag-rio-de-janeiro","tag-unesco"],"acf":[],"_links":{"self":[{"href":"https:\/\/sgpsolucoes.com.br\/site\/wp-json\/wp\/v2\/posts\/15620"}],"collection":[{"href":"https:\/\/sgpsolucoes.com.br\/site\/wp-json\/wp\/v2\/posts"}],"about":[{"href":"https:\/\/sgpsolucoes.com.br\/site\/wp-json\/wp\/v2\/types\/post"}],"author":[{"embeddable":true,"href":"https:\/\/sgpsolucoes.com.br\/site\/wp-json\/wp\/v2\/users\/5"}],"replies":[{"embeddable":true,"href":"https:\/\/sgpsolucoes.com.br\/site\/wp-json\/wp\/v2\/comments?post=15620"}],"version-history":[{"count":0,"href":"https:\/\/sgpsolucoes.com.br\/site\/wp-json\/wp\/v2\/posts\/15620\/revisions"}],"wp:attachment":[{"href":"https:\/\/sgpsolucoes.com.br\/site\/wp-json\/wp\/v2\/media?parent=15620"}],"wp:term":[{"taxonomy":"category","embeddable":true,"href":"https:\/\/sgpsolucoes.com.br\/site\/wp-json\/wp\/v2\/categories?post=15620"},{"taxonomy":"post_tag","embeddable":true,"href":"https:\/\/sgpsolucoes.com.br\/site\/wp-json\/wp\/v2\/tags?post=15620"}],"curies":[{"name":"wp","href":"https:\/\/api.w.org\/{rel}","templated":true}]}}