{"id":15684,"date":"2025-11-10T17:43:37","date_gmt":"2025-11-10T20:43:37","guid":{"rendered":"https:\/\/sgpsolucoes.com.br\/site\/?p=15684"},"modified":"2025-11-10T17:43:38","modified_gmt":"2025-11-10T20:43:38","slug":"tce-pr-recomenda-ao-teatro-guaira-mais-isonomia-e-menos-formalismo-em-licitacoes","status":"publish","type":"post","link":"https:\/\/sgpsolucoes.com.br\/site\/tce-pr-recomenda-ao-teatro-guaira-mais-isonomia-e-menos-formalismo-em-licitacoes\/","title":{"rendered":"TCE-PR recomenda ao Teatro Gua\u00edra mais isonomia e menos formalismo em licita\u00e7\u00f5es"},"content":{"rendered":"<p>O excesso de formalismo e a falta de tratamento igualit\u00e1rio \u00e0s empresas participantes do Preg\u00e3o Eletr\u00f4nico n\u00ba 1\/2025, lan\u00e7ado pelo Centro Cultural Teatro Gua\u00edra (CCTG), levou o Pleno do Tribunal de Contas do Estado do Paran\u00e1 (TCE-PR) a emitir duas recomenda\u00e7\u00f5es \u00e0 entidade.<\/p><p>A licita\u00e7\u00e3o teve como objetivo a contrata\u00e7\u00e3o de empresa para o fornecimento de m\u00e3o de obra terceirizada. A decis\u00e3o foi tomada pelos conselheiros ao julgarem parcialmente procedente Representa\u00e7\u00e3o da Lei de Licita\u00e7\u00f5es formulada pela Multifun\u00e7\u00e3o Com\u00e9rcio e Servi\u00e7os Ltda.<\/p><p>A representante alegou que, embora tenha apresentado a menor proposta financeira para a presta\u00e7\u00e3o do servi\u00e7o, foi desclassificada por supostamente n\u00e3o ter comprovado a gest\u00e3o de recursos humanos com dedica\u00e7\u00e3o exclusiva mediante atestado de capacidade t\u00e9cnica. Ainda segundo ela, houve tratamento diferenciado \u00e0 vencedora do certame, com a abertura de prazos extras para a corre\u00e7\u00e3o da planilha de custos &#8211; oportunidade que n\u00e3o foi concedida a outras licitantes.<\/p><p>Em sua defesa, o CCTG reafirmou a corre\u00e7\u00e3o de sua conduta diante das supostas irregularidades e justificou a desclassifica\u00e7\u00e3o da empresa Multifun\u00e7\u00e3o ao avaliar que os documentos por ela apresentados n\u00e3o teriam comprovado a capacidade t\u00e9cnica da empresa. A entidade tamb\u00e9m declarou que concedeu prazo para que a representante retificasse suas planilhas, mas os valores n\u00e3o teriam sido corrigidos.<\/p><p><strong>Impropriedades<\/strong><\/p><p>Em seu voto, o relator do processo, conselheiro Fernando Guimar\u00e3es, deu raz\u00e3o \u00e0s referidas alega\u00e7\u00f5es da peticion\u00e1ria. Para ele, os respons\u00e1veis pela licita\u00e7\u00e3o agiram com excesso de formalismo e faltaram com o dever do tratamento ison\u00f4mico para com a representante.<\/p><p>Segundo Guimar\u00e3es, o exame dos documentos apresentados pela Multifun\u00e7\u00e3o relativamente \u00e0 sua capacidade t\u00e9cnica demonstra que, de fato, a empresa comprovou possuir&nbsp;<em>expertise<\/em>&nbsp;na administra\u00e7\u00e3o de pessoal terceirizado junto ao Tribunal Regional do Trabalho da Primeira Regi\u00e3o (TRT-1), sediado no Rio de Janeiro.<\/p><p>A fim de afastar eventuais d\u00favidas e cumprir o dever de dilig\u00eancia, os respons\u00e1veis pela licita\u00e7\u00e3o deveriam ter analisado, de acordo com o relator, al\u00e9m do atestado apresentado, o contrato e as planilhas de custos para concluir que, na realidade, os servi\u00e7os prestados pela empresa junto ao TRT-1 envolveram a intermedia\u00e7\u00e3o de m\u00e3o de obra.<\/p><p>Por sua vez, o tratamento diferenciado dispensado \u00e0 empresa vencedora do certame tamb\u00e9m foi constatado por meio do exame da documenta\u00e7\u00e3o juntada ao processo. A concess\u00e3o de prazo extra para corre\u00e7\u00e3o, mesmo que de pequenas imprecis\u00f5es constantes da planilha da vencedora, contrastou com a negativa de um terceiro prazo para a readequa\u00e7\u00e3o da planilha apresentada pela representante &#8211; a qual, em raz\u00e3o deste fato, foi desclassificada.<\/p><p><strong>Recomenda\u00e7\u00f5es<\/strong><\/p><p>Seguindo parcialmente a instru\u00e7\u00e3o da Segunda Inspetoria de Controle Externo (2\u00aa ICE) do Tribunal e o parecer do Minist\u00e9rio P\u00fablico de Contas (MPC-PR) a respeito do caso, o conselheiro votou pela emiss\u00e3o de duas recomenda\u00e7\u00f5es \u00e0 dire\u00e7\u00e3o do CCTG.<\/p><p>A primeira diz respeito \u00e0 necessidade de que a entidade observe, em suas licita\u00e7\u00f5es, &#8220;o princ\u00edpio do formalismo moderado, realizando dilig\u00eancias e oportunizando o saneamento de falhas ou a complementa\u00e7\u00e3o de informa\u00e7\u00f5es relativas a fatos preexistentes, sempre que tal medida n\u00e3o comprometa a isonomia e competitividade do certame, conforme o artigo 64 da Lei de Licita\u00e7\u00f5es e Contratos (Lei n\u00ba 14.133\/2021)&#8221;.<\/p><p>A segunda \u00e9 para que o CCTG &#8220;observe o princ\u00edpio da isonomia em todas as fases de suas licita\u00e7\u00f5es, assegurando que o tratamento conferido \u00e0s licitantes, especialmente quanto \u00e0s oportunidades de saneamento de propostas e planilhas, seja equ\u00e2nime e devidamente justificado, a fim de preservar a competitividade e a paridade de condi\u00e7\u00f5es nos certames&#8221;.<\/p><p>Os demais membros do \u00f3rg\u00e3o colegiado do TCE-PR acompanharam, de forma un\u00e2nime, o voto do relator na Sess\u00e3o de Plen\u00e1rio Virtual n\u00ba 19\/2025, conclu\u00edda em 9 de outubro. Cabe recurso contra o Ac\u00f3rd\u00e3o n\u00ba 2836\/25 &#8211; Tribunal Pleno, veiculado no dia 23 do mesmo m\u00eas, na&nbsp;<a href=\"https:\/\/www1.tce.pr.gov.br\/conteudo\/diario-eletronico-3554-2025-de-23-de-outubro-de-2025\/365903\/area\/10\">edi\u00e7\u00e3o n\u00ba 3.554 do Di\u00e1rio Eletr\u00f4nico do TCE-PR<\/a>.<\/p><p><strong><u>Servi\u00e7o<\/u><\/strong><\/p><figure class=\"wp-block-table\"><table class=\"has-fixed-layout\"><tbody><tr><td><strong>Processo<\/strong>&nbsp;<strong>n\u00ba<\/strong>:<\/td><td>158929\/25<\/td><\/tr><tr><td><strong>Ac\u00f3rd\u00e3o n\u00ba:<\/strong><\/td><td>2836\/2025 &#8211; Tribunal Pleno<\/td><\/tr><tr><td><strong>Assunto<\/strong>:<\/td><td>Representa\u00e7\u00e3o da Lei de Licita\u00e7\u00f5es<\/td><\/tr><tr><td><strong>Entidade<\/strong>:<\/td><td>Centro Cultural Teatro Gua\u00edra<\/td><\/tr><tr><td><strong>Interessados:<\/strong><\/td><td>Carlos Alberto Gon\u00e7alves dos Santos, Cleverson Luiz Cavalheiro, Minuta Comunica\u00e7\u00e3o, Cultura e Desenvolvimento Social Ltda. e Multifun\u00e7\u00e3o Com\u00e9rcio e Servi\u00e7os Ltda.<\/td><\/tr><tr><td><strong>Relator<\/strong>:<\/td><td>Conselheiro Fernando Augusto Mello Guimar\u00e3es<\/td><\/tr><\/tbody><\/table><\/figure><p><em>Autor:&nbsp;Diretoria de Comunica\u00e7\u00e3o Social<\/em><\/p><p>Fonte:&nbsp;TCE\/PR<\/p>\n    <div class=\"xs_social_share_widget xs_share_url after_content \t\tmain_content  wslu-style-1 wslu-share-box-shaped wslu-fill-colored wslu-none wslu-share-horizontal wslu-theme-font-no wslu-main_content\">\n\n\t\t\n        <ul>\n\t\t\t        <\/ul>\n    <\/div> \n","protected":false},"excerpt":{"rendered":"<p>O excesso de formalismo e a falta de tratamento igualit\u00e1rio \u00e0s empresas participantes do Preg\u00e3o Eletr\u00f4nico n\u00ba 1\/2025, lan\u00e7ado pelo Centro Cultural Teatro Gua\u00edra (CCTG), levou o Pleno do Tribunal de Contas do Estado do Paran\u00e1 (TCE-PR) a emitir duas recomenda\u00e7\u00f5es \u00e0 entidade.<\/p>\n","protected":false},"author":5,"featured_media":0,"comment_status":"open","ping_status":"open","sticky":false,"template":"","format":"standard","meta":{"postBodyCss":"","postBodyMargin":[],"postBodyPadding":[],"postBodyBackground":{"backgroundType":"classic","gradient":""},"_price":"","_stock":"","_tribe_ticket_header":"","_tribe_default_ticket_provider":"","_tribe_ticket_capacity":"0","_ticket_start_date":"","_ticket_end_date":"","_tribe_ticket_show_description":"","_tribe_ticket_show_not_going":false,"_tribe_ticket_use_global_stock":"","_tribe_ticket_global_stock_level":"","_global_stock_mode":"","_global_stock_cap":"","_tribe_rsvp_for_event":"","_tribe_ticket_going_count":"","_tribe_ticket_not_going_count":"","_tribe_tickets_list":"[]","_tribe_ticket_has_attendee_info_fields":false,"footnotes":""},"categories":[46],"tags":[16743,723,727,16735,16733,485,16736,3231,12902,16739,489,886,218,260,8027,16738,16737,16742,3678,1199,663,499,3318,2905,354,12480,16732,16734,5138,356,16740,16741],"class_list":["post-15684","post","type-post","status-publish","format-standard","hentry","category-noticias","tag-administracao-de-pessoal-terceirizado","tag-atestado-de-capacidade-tecnica","tag-capacidade-tecnica","tag-cctg","tag-centro-cultural-teatro-guaira","tag-correcao","tag-dedicacao-exclusiva","tag-excesso-de-formalismo","tag-formalismo","tag-gestao-de-recursos-humanos","tag-irregularidades","tag-isonomia","tag-lei-de-licitacoes","tag-licitacoes-3","tag-mao-de-obra","tag-mao-de-obra-terceirizada","tag-multifuncao-comercio-e-servicos","tag-planilha-de-custos","tag-planilhas","tag-pleno","tag-prazo","tag-pregao-eletronico","tag-recomendacoes","tag-rio-de-janeiro","tag-tce-pr","tag-tce-pr-3","tag-teatro-guaira","tag-tratamento-igualitario","tag-tratamento-isonomico","tag-tribunal-de-contas-do-estado-do-parana","tag-tribunal-regional-do-trabalho-da-primeira-regiao","tag-trt-1"],"acf":[],"_links":{"self":[{"href":"https:\/\/sgpsolucoes.com.br\/site\/wp-json\/wp\/v2\/posts\/15684"}],"collection":[{"href":"https:\/\/sgpsolucoes.com.br\/site\/wp-json\/wp\/v2\/posts"}],"about":[{"href":"https:\/\/sgpsolucoes.com.br\/site\/wp-json\/wp\/v2\/types\/post"}],"author":[{"embeddable":true,"href":"https:\/\/sgpsolucoes.com.br\/site\/wp-json\/wp\/v2\/users\/5"}],"replies":[{"embeddable":true,"href":"https:\/\/sgpsolucoes.com.br\/site\/wp-json\/wp\/v2\/comments?post=15684"}],"version-history":[{"count":0,"href":"https:\/\/sgpsolucoes.com.br\/site\/wp-json\/wp\/v2\/posts\/15684\/revisions"}],"wp:attachment":[{"href":"https:\/\/sgpsolucoes.com.br\/site\/wp-json\/wp\/v2\/media?parent=15684"}],"wp:term":[{"taxonomy":"category","embeddable":true,"href":"https:\/\/sgpsolucoes.com.br\/site\/wp-json\/wp\/v2\/categories?post=15684"},{"taxonomy":"post_tag","embeddable":true,"href":"https:\/\/sgpsolucoes.com.br\/site\/wp-json\/wp\/v2\/tags?post=15684"}],"curies":[{"name":"wp","href":"https:\/\/api.w.org\/{rel}","templated":true}]}}