{"id":15690,"date":"2025-11-10T18:02:48","date_gmt":"2025-11-10T21:02:48","guid":{"rendered":"https:\/\/sgpsolucoes.com.br\/site\/?p=15690"},"modified":"2025-11-10T18:02:49","modified_gmt":"2025-11-10T21:02:49","slug":"tce-go-decide-que-os-deve-ressarcir-cofres-publicos-em-r-261-mil","status":"publish","type":"post","link":"https:\/\/sgpsolucoes.com.br\/site\/tce-go-decide-que-os-deve-ressarcir-cofres-publicos-em-r-261-mil\/","title":{"rendered":"TCE-GO decide que OS deve ressarcir cofres p\u00fablicos em R$ 261 mil"},"content":{"rendered":"<h2 class=\"wp-block-heading\"><em>Entidade descumpriu legisla\u00e7\u00e3o trabalhista<\/em><\/h2><figure class=\"wp-block-table\"><table class=\"has-fixed-layout\"><tbody><tr><td><em><strong>Resumo da not\u00edcia<\/strong><br><br>&#8211; Irregularidade foi apurada em tomada de contas especial;<br>&#8211; OS foi contratada para gerir contrato junto \u00e0 Sedi;<br>&#8211; Decis\u00e3o do TCE-GO prev\u00ea ressarcimento ao er\u00e1rio e multa.<\/em><\/td><\/tr><\/tbody><\/table><\/figure><p><br>A\u00a0<strong>demiss\u00e3o de uma funcion\u00e1ria gr\u00e1vida<\/strong>, sem justa causa, por parte da organiza\u00e7\u00e3o social Centro de Solu\u00e7\u00f5es em Tecnologia e Educa\u00e7\u00e3o (Centeduc) est\u00e1\u00a0<strong>entre as irregularidades apuradas em processo de tomada de contas especial<\/strong>\u00a0que foi\u00a0<strong>analisado pelo Tribunal de Contas do Estado de Goi\u00e1s<\/strong>\u00a0(TCE-GO) durante sess\u00e3o plen\u00e1ria encerrada nesta quinta-feira (6\/nov). Al\u00e9m da demiss\u00e3o em desacordo com a legisla\u00e7\u00e3o trabalhista, a entidade realizou\u00a0<strong>acordo extrajudicial e pagamento de verba indenizat\u00f3ria<\/strong>\u00a0\u00e0 funcion\u00e1ria\u00a0<strong>sem qualquer tipo de concord\u00e2ncia da Procuradoria-Geral do Estado<\/strong>\u00a0(PGE).<\/p><p>O Pleno do TCE-GO, sob relatoria do conselheiro Saulo Mesquita, decidiu, assim,&nbsp;<strong>responsabilizar solid\u00e1ria e individualmente a entidade e seu presidente<\/strong>. A tomada de contas especial foi aberta pela Secretaria de Estado de Desenvolvimento e Inova\u00e7\u00e3o (Sedi), institui\u00e7\u00e3o que contratou a OS. O valor a ser devolvido aos cofres p\u00fablicos, de R$ 261.032,42, ainda ser\u00e1 acrescido de juros e atualiza\u00e7\u00e3o monet\u00e1ria. &nbsp;<\/p><p><em>Texto: Gabriella Gouv\u00eaa<\/em><em><\/em><\/p><p><strong>Fonte: TCE-GO<\/strong><\/p>\n    <div class=\"xs_social_share_widget xs_share_url after_content \t\tmain_content  wslu-style-1 wslu-share-box-shaped wslu-fill-colored wslu-none wslu-share-horizontal wslu-theme-font-no wslu-main_content\">\n\n\t\t\n        <ul>\n\t\t\t        <\/ul>\n    <\/div> \n","protected":false},"excerpt":{"rendered":"<p>A\u00a0demiss\u00e3o de uma funcion\u00e1ria gr\u00e1vida, sem justa causa, por parte da organiza\u00e7\u00e3o social Centro de Solu\u00e7\u00f5es em Tecnologia e Educa\u00e7\u00e3o (Centeduc) est\u00e1\u00a0entre as irregularidades apuradas em processo de tomada de contas especial\u00a0que foi\u00a0analisado pelo Tribunal de Contas do Estado de Goi\u00e1s\u00a0(TCE-GO) durante sess\u00e3o plen\u00e1ria encerrada nesta quinta-feira (6\/nov). Al\u00e9m da demiss\u00e3o em desacordo com a legisla\u00e7\u00e3o trabalhista, a entidade realizou\u00a0acordo extrajudicial e pagamento de verba indenizat\u00f3ria\u00a0\u00e0 funcion\u00e1ria\u00a0sem qualquer tipo de concord\u00e2ncia da Procuradoria-Geral do Estado\u00a0(PGE).<\/p>\n","protected":false},"author":5,"featured_media":0,"comment_status":"open","ping_status":"open","sticky":false,"template":"","format":"standard","meta":{"postBodyCss":"","postBodyMargin":[],"postBodyPadding":[],"postBodyBackground":{"backgroundType":"classic","gradient":""},"_price":"","_stock":"","_tribe_ticket_header":"","_tribe_default_ticket_provider":"","_tribe_ticket_capacity":"0","_ticket_start_date":"","_ticket_end_date":"","_tribe_ticket_show_description":"","_tribe_ticket_show_not_going":false,"_tribe_ticket_use_global_stock":"","_tribe_ticket_global_stock_level":"","_global_stock_mode":"","_global_stock_cap":"","_tribe_rsvp_for_event":"","_tribe_ticket_going_count":"","_tribe_ticket_not_going_count":"","_tribe_tickets_list":"[]","_tribe_ticket_has_attendee_info_fields":false,"footnotes":""},"categories":[46],"tags":[16753,16754,492,2600,16751,489,15882,3233,3229,9515,9517,6487,16752,476,6786,605,479],"class_list":["post-15690","post","type-post","status-publish","format-standard","hentry","category-noticias","tag-centeduc","tag-centro-de-solucoes-em-tecnologia-e-educacao","tag-cofres-publicos","tag-demissao","tag-funcionaria-gravida","tag-irregularidades","tag-legislacao-trabalhista","tag-organizacao-social","tag-os","tag-pge","tag-procuradoria-geral-do-estado","tag-ressarcir","tag-sem-justa-causa","tag-tce-go","tag-tce-go-2","tag-tomada-de-contas-especial","tag-tribunal-de-contas-do-estado-de-goias"],"acf":[],"_links":{"self":[{"href":"https:\/\/sgpsolucoes.com.br\/site\/wp-json\/wp\/v2\/posts\/15690"}],"collection":[{"href":"https:\/\/sgpsolucoes.com.br\/site\/wp-json\/wp\/v2\/posts"}],"about":[{"href":"https:\/\/sgpsolucoes.com.br\/site\/wp-json\/wp\/v2\/types\/post"}],"author":[{"embeddable":true,"href":"https:\/\/sgpsolucoes.com.br\/site\/wp-json\/wp\/v2\/users\/5"}],"replies":[{"embeddable":true,"href":"https:\/\/sgpsolucoes.com.br\/site\/wp-json\/wp\/v2\/comments?post=15690"}],"version-history":[{"count":0,"href":"https:\/\/sgpsolucoes.com.br\/site\/wp-json\/wp\/v2\/posts\/15690\/revisions"}],"wp:attachment":[{"href":"https:\/\/sgpsolucoes.com.br\/site\/wp-json\/wp\/v2\/media?parent=15690"}],"wp:term":[{"taxonomy":"category","embeddable":true,"href":"https:\/\/sgpsolucoes.com.br\/site\/wp-json\/wp\/v2\/categories?post=15690"},{"taxonomy":"post_tag","embeddable":true,"href":"https:\/\/sgpsolucoes.com.br\/site\/wp-json\/wp\/v2\/tags?post=15690"}],"curies":[{"name":"wp","href":"https:\/\/api.w.org\/{rel}","templated":true}]}}