{"id":15697,"date":"2025-11-10T18:20:58","date_gmt":"2025-11-10T21:20:58","guid":{"rendered":"https:\/\/sgpsolucoes.com.br\/site\/?p=15697"},"modified":"2025-11-10T18:21:00","modified_gmt":"2025-11-10T21:21:00","slug":"tce-go-julga-irregulares-contas-de-convenio","status":"publish","type":"post","link":"https:\/\/sgpsolucoes.com.br\/site\/tce-go-julga-irregulares-contas-de-convenio\/","title":{"rendered":"TCE-GO julga irregulares contas de conv\u00eanio"},"content":{"rendered":"<p><em><strong>Aus\u00eancia de presta\u00e7\u00e3o de contas leva \u00e0 condena\u00e7\u00e3o de ex-prefeito e do munic\u00edpio<\/strong><\/em><\/p><figure class=\"wp-block-table\"><table class=\"has-fixed-layout\"><tbody><tr><td><strong>Resumo da not\u00edcia<\/strong><br>&#8211; Conv\u00eanio foi firmado entre governo estadual e o munic\u00edpio de S\u00e3o Francisco de Goi\u00e1s;<br>&#8211; O voto apontou omiss\u00e3o na presta\u00e7\u00e3o de contas;<br>&#8211; Dever de prestar contas \u00e9 um princ\u00edpio constitucional, pr\u00f3prio do exerc\u00edcio da gest\u00e3o p\u00fablica.&nbsp;<\/td><\/tr><\/tbody><\/table><\/figure><p><br>O Tribunal de Contas do Estado de Goi\u00e1s (TCE-GO) julgou irregulares as contas relativas ao&nbsp;<strong>Conv\u00eanio n\u00ba 279\/2018<\/strong>, firmado entre o Governo de Goi\u00e1s, por meio da ent\u00e3o Secretaria de Governo (Segov), e o&nbsp;<strong>Munic\u00edpio de S\u00e3o Francisco de Goi\u00e1s<\/strong>. O voto foi proferido pelo&nbsp;<strong>&nbsp;conselheiro Sebasti\u00e3o Tejota<\/strong>&nbsp;durante sess\u00e3o da Corte no dia 6 de novembro.&nbsp;<\/p><p>O conv\u00eanio tinha como objetivo financiar&nbsp;<strong>obras de pavimenta\u00e7\u00e3o asf\u00e1ltica, microrrevestimento e drenagem superficial<\/strong>&nbsp;em vias p\u00fablicas do munic\u00edpio. No entanto, durante a an\u00e1lise da tomada de contas especial instaurada pela Secretaria de Rela\u00e7\u00f5es Institucionais (Serint), foi constatado que, embora o Estado tenha repassado&nbsp;<strong>R$ 166.666,68<\/strong>,&nbsp;<strong>n\u00e3o houve presta\u00e7\u00e3o de contas<\/strong>&nbsp;dos valores nem comprova\u00e7\u00e3o da execu\u00e7\u00e3o das obras previstas no plano de trabalho.<\/p><p>Em raz\u00e3o da omiss\u00e3o, o Tribunal decidiu&nbsp;<strong>julgar irregulares as contas<\/strong>,&nbsp;<strong>imputar d\u00e9bito solid\u00e1rio<\/strong>&nbsp;ao ex-prefeito&nbsp;<strong>Wilmar Ferreira da Silva<\/strong>&nbsp;e ao pr\u00f3prio Munic\u00edpio de S\u00e3o Francisco de Goi\u00e1s, e aplicar&nbsp;<strong>multa correspondente a 50% do valor atualizado do dano<\/strong>&nbsp;a cada um dos respons\u00e1veis, conforme previsto na&nbsp;<strong>Lei Org\u00e2nica do TCE-GO (Lei n\u00ba 16.168\/2007)<\/strong>.<\/p><p>Ao acompanhar a proposta de decis\u00e3o, o conselheiro&nbsp;<strong>Sebasti\u00e3o Tejota<\/strong>&nbsp;destacou que o dever de prestar contas \u00e9 um princ\u00edpio constitucional, pr\u00f3prio do exerc\u00edcio da gest\u00e3o p\u00fablica.&nbsp;<strong>\u201cAssinado o conv\u00eanio, o prefeito torna-se respons\u00e1vel n\u00e3o s\u00f3 pelo uso do recurso repassado, mas tamb\u00e9m pela execu\u00e7\u00e3o do objeto conveniado. Trata-se de uma obriga\u00e7\u00e3o que n\u00e3o \u00e9 mero formalismo, mas uma exig\u00eancia essencial para garantir o correto uso dos recursos p\u00fablicos\u201d<\/strong>, afirmou.<\/p><p>O TCE-GO determinou que os respons\u00e1veis&nbsp;<strong>restituam o valor devido no prazo de 15 dias \u00fateis<\/strong>, contados da notifica\u00e7\u00e3o. Caso n\u00e3o haja recurso nem recolhimento, o processo ser\u00e1 encaminhado para&nbsp;<strong>cobran\u00e7a judicial<\/strong>, conforme determina o&nbsp;<strong>artigo 71, \u00a73\u00ba da Constitui\u00e7\u00e3o Federal<\/strong>&nbsp;e os dispositivos da&nbsp;<strong>Lei Org\u00e2nica do Tribunal<\/strong>. A Secretaria-Geral expedir\u00e1 a certid\u00e3o do t\u00edtulo executivo, com a devida atualiza\u00e7\u00e3o do d\u00e9bito.<\/p><p><em>Texto: Leonardo Rocha Miranda<\/em><em><\/em><\/p><p><strong>Fonte: TCE-GO<\/strong><\/p>\n    <div class=\"xs_social_share_widget xs_share_url after_content \t\tmain_content  wslu-style-1 wslu-share-box-shaped wslu-fill-colored wslu-none wslu-share-horizontal wslu-theme-font-no wslu-main_content\">\n\n\t\t\n        <ul>\n\t\t\t        <\/ul>\n    <\/div> \n","protected":false},"excerpt":{"rendered":"<p>O Tribunal de Contas do Estado de Goi\u00e1s (TCE-GO) julgou irregulares as contas relativas ao\u00a0Conv\u00eanio n\u00ba 279\/2018, firmado entre o Governo de Goi\u00e1s, por meio da ent\u00e3o Secretaria de Governo (Segov), e o\u00a0Munic\u00edpio de S\u00e3o Francisco de Goi\u00e1s. O voto foi proferido pelo\u00a0\u00a0conselheiro Sebasti\u00e3o Tejota\u00a0durante sess\u00e3o da Corte no dia 6 de novembro.\u00a0<\/p>\n","protected":false},"author":5,"featured_media":0,"comment_status":"open","ping_status":"open","sticky":false,"template":"","format":"standard","meta":{"postBodyCss":"","postBodyMargin":[],"postBodyPadding":[],"postBodyBackground":{"backgroundType":"classic","gradient":""},"_price":"","_stock":"","_tribe_ticket_header":"","_tribe_default_ticket_provider":"","_tribe_ticket_capacity":"0","_ticket_start_date":"","_ticket_end_date":"","_tribe_ticket_show_description":"","_tribe_ticket_show_not_going":false,"_tribe_ticket_use_global_stock":"","_tribe_ticket_global_stock_level":"","_global_stock_mode":"","_global_stock_cap":"","_tribe_rsvp_for_event":"","_tribe_ticket_going_count":"","_tribe_ticket_not_going_count":"","_tribe_tickets_list":"[]","_tribe_ticket_has_attendee_info_fields":false,"footnotes":""},"categories":[46],"tags":[16761,1338,743,14131,494,16760,1304,16765,460,16762,172,1578,16758,16764,16759,16763,476,6786,605,479,13414],"class_list":["post-15697","post","type-post","status-publish","format-standard","hentry","category-noticias","tag-ausencia-de-prestacao-de-contas","tag-contas","tag-convenio","tag-drenagem","tag-ex-prefeito","tag-governo-de-goias","tag-irregulares","tag-microrrevestimento","tag-municipio-2","tag-municipio-de-sao-francisco-de-goias","tag-obras","tag-pavimentacao-asfaltica","tag-secretaria-de-governo","tag-secretaria-de-relacoes-institucionais","tag-segov","tag-serint","tag-tce-go","tag-tce-go-2","tag-tomada-de-contas-especial","tag-tribunal-de-contas-do-estado-de-goias","tag-vias-publicas"],"acf":[],"_links":{"self":[{"href":"https:\/\/sgpsolucoes.com.br\/site\/wp-json\/wp\/v2\/posts\/15697"}],"collection":[{"href":"https:\/\/sgpsolucoes.com.br\/site\/wp-json\/wp\/v2\/posts"}],"about":[{"href":"https:\/\/sgpsolucoes.com.br\/site\/wp-json\/wp\/v2\/types\/post"}],"author":[{"embeddable":true,"href":"https:\/\/sgpsolucoes.com.br\/site\/wp-json\/wp\/v2\/users\/5"}],"replies":[{"embeddable":true,"href":"https:\/\/sgpsolucoes.com.br\/site\/wp-json\/wp\/v2\/comments?post=15697"}],"version-history":[{"count":0,"href":"https:\/\/sgpsolucoes.com.br\/site\/wp-json\/wp\/v2\/posts\/15697\/revisions"}],"wp:attachment":[{"href":"https:\/\/sgpsolucoes.com.br\/site\/wp-json\/wp\/v2\/media?parent=15697"}],"wp:term":[{"taxonomy":"category","embeddable":true,"href":"https:\/\/sgpsolucoes.com.br\/site\/wp-json\/wp\/v2\/categories?post=15697"},{"taxonomy":"post_tag","embeddable":true,"href":"https:\/\/sgpsolucoes.com.br\/site\/wp-json\/wp\/v2\/tags?post=15697"}],"curies":[{"name":"wp","href":"https:\/\/api.w.org\/{rel}","templated":true}]}}