{"id":15725,"date":"2025-11-11T16:01:54","date_gmt":"2025-11-11T19:01:54","guid":{"rendered":"https:\/\/sgpsolucoes.com.br\/site\/?p=15725"},"modified":"2025-11-11T16:01:55","modified_gmt":"2025-11-11T19:01:55","slug":"tce-sc-suspende-isencao-de-taxa-de-protecao-ambiental-para-veiculo-adicional-de-locatario-de-imovel","status":"publish","type":"post","link":"https:\/\/sgpsolucoes.com.br\/site\/tce-sc-suspende-isencao-de-taxa-de-protecao-ambiental-para-veiculo-adicional-de-locatario-de-imovel\/","title":{"rendered":"TCE\/SC suspende isen\u00e7\u00e3o de taxa de prote\u00e7\u00e3o ambiental para ve\u00edculo adicional de locat\u00e1rio de im\u00f3vel"},"content":{"rendered":"<ul class=\"wp-block-list\"><li><strong><em>Resumo em linguagem simples<\/em><\/strong><\/li>\n\n<li><em>O TCE\/SC suspendeu a isen\u00e7\u00e3o da TPA em Bombinhas para mais de um ve\u00edculo por im\u00f3vel alugado. A medida foi tomada ap\u00f3s identificar uso indevido da mesma inscri\u00e7\u00e3o para v\u00e1rios carros. A Prefeitura tem 30 dias para justificar. A TPA \u00e9 cobrada de 15\/11 a 15\/4 para ve\u00edculos que n\u00e3o pertencem a moradores locais.<\/em><\/li><\/ul><p>O Tribunal de Contas de Santa Catarina (TCE\/SC) suspendeu, de forma cautelar, a&nbsp;concess\u00e3o de&nbsp;isen\u00e7\u00e3o da Taxa de Preserva\u00e7\u00e3o Ambiental (TPA)&nbsp;do munic\u00edpio de Bombinhas&nbsp;para mais de um ve\u00edculo na categoria&nbsp;\u201clocat\u00e1rio de im\u00f3vel\u201d. A suspens\u00e3o vale para os ve\u00edculos registrados al\u00e9m da cota de um por&nbsp;cadastro&nbsp;imobili\u00e1rio. A decis\u00e3o foi publicada no Di\u00e1rio Oficial Eletr\u00f4nico (DOTC-e) de quarta-feira (5\/11). \u202f\u202f&nbsp;<\/p><p>Criada em 2013, a lei municipal permite que pessoas que tenham alugado um im\u00f3vel no munic\u00edpio por per\u00edodo superior a seis meses possam ter um ve\u00edculo cadastrado para a isen\u00e7\u00e3o. Mas levantamento do TCE\/SC constatou a utiliza\u00e7\u00e3o de uma mesma inscri\u00e7\u00e3o imobili\u00e1ria para dois ou mais ve\u00edculos. Entre as situa\u00e7\u00f5es encontradas por auditores em an\u00e1lise da Diretoria de Contas de Gest\u00e3o (DGE), houve caso&nbsp;de empresa&nbsp;com 10 ve\u00edculos cadastrados para o mesmo contrato de loca\u00e7\u00e3o.\u202f&nbsp;<\/p><p>O TCE\/SC tamb\u00e9m calculou que a isen\u00e7\u00e3o dessas concess\u00f5es extras&nbsp;desde 2021&nbsp;teria levado o&nbsp;munic\u00edpio a deixar de arrecadar R$&nbsp;39,3&nbsp;mil. Na decis\u00e3o, o relator, conselheiro substituto Gerson dos Santos&nbsp;Sicca, tamb\u00e9m estipula prazo de 30 dias para os respons\u00e1veis na Prefeitura apresentarem as justificativas para a concess\u00e3o do benef\u00edcio. A TPA&nbsp;funciona&nbsp;anualmente no per\u00edodo de 15 de novembro a 15 de abril do ano seguinte, com a cobran\u00e7a de uma taxa para ve\u00edculos que n\u00e3o s\u00e3o dos moradores locais.&nbsp;<\/p><p><strong>Fonte: TCE\/SC<\/strong><\/p>\n    <div class=\"xs_social_share_widget xs_share_url after_content \t\tmain_content  wslu-style-1 wslu-share-box-shaped wslu-fill-colored wslu-none wslu-share-horizontal wslu-theme-font-no wslu-main_content\">\n\n\t\t\n        <ul>\n\t\t\t        <\/ul>\n    <\/div> \n","protected":false},"excerpt":{"rendered":"<p>O Tribunal de Contas de Santa Catarina (TCE\/SC) suspendeu, de forma cautelar, a\u00a0concess\u00e3o de\u00a0isen\u00e7\u00e3o da Taxa de Preserva\u00e7\u00e3o Ambiental (TPA)\u00a0do munic\u00edpio de Bombinhas\u00a0para mais de um ve\u00edculo na categoria\u00a0\u201clocat\u00e1rio de im\u00f3vel\u201d. A suspens\u00e3o vale para os ve\u00edculos registrados al\u00e9m da cota de um por\u00a0cadastro\u00a0imobili\u00e1rio. A decis\u00e3o foi publicada no Di\u00e1rio Oficial Eletr\u00f4nico (DOTC-e) de quarta-feira (5\/11). \u202f\u202f\u00a0<\/p>\n","protected":false},"author":5,"featured_media":0,"comment_status":"open","ping_status":"open","sticky":false,"template":"","format":"standard","meta":{"postBodyCss":"","postBodyMargin":[],"postBodyPadding":[],"postBodyBackground":{"backgroundType":"classic","gradient":""},"_price":"","_stock":"","_tribe_ticket_header":"","_tribe_default_ticket_provider":"","_tribe_ticket_capacity":"0","_ticket_start_date":"","_ticket_end_date":"","_tribe_ticket_show_description":"","_tribe_ticket_show_not_going":false,"_tribe_ticket_use_global_stock":"","_tribe_ticket_global_stock_level":"","_global_stock_mode":"","_global_stock_cap":"","_tribe_rsvp_for_event":"","_tribe_ticket_going_count":"","_tribe_ticket_not_going_count":"","_tribe_tickets_list":"[]","_tribe_ticket_has_attendee_info_fields":false,"footnotes":""},"categories":[46],"tags":[13909,16845,551,16848,16849,16847,16846,590,16844,589,1458,16843],"class_list":["post-15725","post","type-post","status-publish","format-standard","hentry","category-noticias","tag-bombinhas","tag-imovel-alugado","tag-isencao","tag-locatario-de-imovel","tag-municipio-de-bombinhas","tag-taxa-de-preservacao-ambiental","tag-taxa-de-protecao-ambiental","tag-tce-sc","tag-tpa","tag-tribunal-de-contas-de-santa-catarina","tag-veiculo","tag-veiculo-adicional-de-locatario-de-imovel"],"acf":[],"_links":{"self":[{"href":"https:\/\/sgpsolucoes.com.br\/site\/wp-json\/wp\/v2\/posts\/15725"}],"collection":[{"href":"https:\/\/sgpsolucoes.com.br\/site\/wp-json\/wp\/v2\/posts"}],"about":[{"href":"https:\/\/sgpsolucoes.com.br\/site\/wp-json\/wp\/v2\/types\/post"}],"author":[{"embeddable":true,"href":"https:\/\/sgpsolucoes.com.br\/site\/wp-json\/wp\/v2\/users\/5"}],"replies":[{"embeddable":true,"href":"https:\/\/sgpsolucoes.com.br\/site\/wp-json\/wp\/v2\/comments?post=15725"}],"version-history":[{"count":0,"href":"https:\/\/sgpsolucoes.com.br\/site\/wp-json\/wp\/v2\/posts\/15725\/revisions"}],"wp:attachment":[{"href":"https:\/\/sgpsolucoes.com.br\/site\/wp-json\/wp\/v2\/media?parent=15725"}],"wp:term":[{"taxonomy":"category","embeddable":true,"href":"https:\/\/sgpsolucoes.com.br\/site\/wp-json\/wp\/v2\/categories?post=15725"},{"taxonomy":"post_tag","embeddable":true,"href":"https:\/\/sgpsolucoes.com.br\/site\/wp-json\/wp\/v2\/tags?post=15725"}],"curies":[{"name":"wp","href":"https:\/\/api.w.org\/{rel}","templated":true}]}}