{"id":15735,"date":"2025-11-12T14:14:32","date_gmt":"2025-11-12T17:14:32","guid":{"rendered":"https:\/\/sgpsolucoes.com.br\/site\/?p=15735"},"modified":"2025-11-12T14:14:33","modified_gmt":"2025-11-12T17:14:33","slug":"informativo-stf-1197-2025","status":"publish","type":"post","link":"https:\/\/sgpsolucoes.com.br\/site\/informativo-stf-1197-2025\/","title":{"rendered":"Informativo STF 1197\/2025"},"content":{"rendered":"<p>A edi\u00e7\u00e3o&nbsp;<strong>1197\/2025<\/strong>&nbsp;do&nbsp;<strong>Informativo STF&nbsp;<\/strong>j\u00e1 est\u00e1 dispon\u00edvel.&nbsp;<\/p><p><strong>SUM\u00c1RIO<\/strong><\/p><p><strong>1 PLEN\u00c1RIO<\/strong><\/p><ul class=\"wp-block-list\"><li>DIREITO ADMINISTRATIVO RESPONSABILIDADE CIVIL DO ESTADO; INDENIZA\u00c7\u00c3O POR DANOS; TEORIA DO RISCO ADMINISTRATIVO; EXCLUDENTES DE RESPONSABILIDADE; FATO EXCLUSIVO DE TERCEIRO \u00bb Responsabiliza\u00e7\u00e3o estatal por atos praticados por agentes p\u00fablicos em manifesta\u00e7\u00e3o popular &#8211; RE 1.467.145\/PR<\/li><\/ul><p><\/p><ul class=\"wp-block-list\"><li>DIREITO CONSTITUCIONAL REPARTI\u00c7\u00c3O DE COMPET\u00caNCIAS; DIREITO CIVIL; POL\u00cdTICA DE CR\u00c9DITO \u00bb Consigna\u00e7\u00e3o em folha de pagamento de servidor estadual &#8211; ADI 5.022\/RO<\/li><\/ul><p><\/p><ul class=\"wp-block-list\"><li>REPARTI\u00c7\u00c3O DE COMPET\u00caNCIAS; ENERGIA EL\u00c9TRICA; DIREITO AO MEIO AMBIENTE ECOLOGICAMENTE EQUILIBRADO \u00bb Institui\u00e7\u00e3o de pol\u00edtica de transi\u00e7\u00e3o energ\u00e9tica justa no \u00e2mbito estadual &#8211; ADI 7.332\/SC<\/li><\/ul><p><\/p><ul class=\"wp-block-list\"><li>SAL\u00c1RIO M\u00cdNIMO; M\u00daLTIPLOS; PAR\u00c2METRO; MULTA ADMINISTRATIVA; CONSELHOS DE FARM\u00c1CIA \u00bb Multa administrativa: possibilidade de fixa\u00e7\u00e3o em m\u00faltiplos de sal\u00e1rios m\u00ednimos &#8211; ARE 1.409.059\/SP (Tema 1.244 RG)<\/li><\/ul><p><\/p><ul class=\"wp-block-list\"><li>SERVIDOR P\u00daBLICO; APOSENTADORIA; REGIME PR\u00d3PRIO DE PREVID\u00caNCIA SOCIAL; REQUISITO TEMPORAL; CARGO P\u00daBLICO; CARREIRA; CLASSE OU N\u00cdVEL; SIMETRIA \u00bb Aposentadoria de servidores p\u00fablicos estaduais: tempo de exerc\u00edcio m\u00ednimo na mesma classe ou n\u00edvel &#8211; ADI 7.676\/SP<\/li><\/ul><p><strong>2 TURMAS<\/strong><\/p><p><strong>3 INOVA\u00c7\u00d5ES NORMATIVAS STF<\/strong><strong><\/strong><\/p><p><a href=\"http:\/\/portal.stf.jus.br\/textos\/verTexto.asp?servico=informativoSTF\" target=\"_blank\" rel=\"noreferrer noopener\">Clique aqui para acessar a \u00edntegra<\/a>.<\/p><p><strong>Fonte: STF<\/strong><\/p>\n    <div class=\"xs_social_share_widget xs_share_url after_content \t\tmain_content  wslu-style-1 wslu-share-box-shaped wslu-fill-colored wslu-none wslu-share-horizontal wslu-theme-font-no wslu-main_content\">\n\n\t\t\n        <ul>\n\t\t\t        <\/ul>\n    <\/div> \n","protected":false},"excerpt":{"rendered":"<p>A edi\u00e7\u00e3o\u00a01197\/2025\u00a0do\u00a0Informativo STF\u00a0j\u00e1 est\u00e1 dispon\u00edvel.\u00a0<\/p>\n","protected":false},"author":5,"featured_media":0,"comment_status":"open","ping_status":"open","sticky":false,"template":"","format":"standard","meta":{"postBodyCss":"","postBodyMargin":[],"postBodyPadding":[],"postBodyBackground":{"backgroundType":"classic","gradient":""},"_price":"","_stock":"","_tribe_ticket_header":"","_tribe_default_ticket_provider":"","_tribe_ticket_capacity":"0","_ticket_start_date":"","_ticket_end_date":"","_tribe_ticket_show_description":"","_tribe_ticket_show_not_going":false,"_tribe_ticket_use_global_stock":"","_tribe_ticket_global_stock_level":"","_global_stock_mode":"","_global_stock_cap":"","_tribe_rsvp_for_event":"","_tribe_ticket_going_count":"","_tribe_ticket_not_going_count":"","_tribe_tickets_list":"[]","_tribe_ticket_has_attendee_info_fields":false,"footnotes":""},"categories":[46],"tags":[799,16862,2085,16865,16863,16856,16870,13953,16861,16860,14579,16855,16859,16857,1374,16854,4664,16864,16872,16858,16868,14848,16867,16866,16871,16869,347,16853],"class_list":["post-15735","post","type-post","status-publish","format-standard","hentry","category-noticias","tag-aposentadoria","tag-cargo-publico-2","tag-carreira","tag-classe-ou-nivel","tag-conselhos-de-farmacia","tag-direito-administrativo-responsabilidade-civil-do-estado","tag-direito-ao-meio-ambiente-ecologicamente-equilibrado","tag-direito-civil","tag-direito-constitucional-reparticao-de-competencias","tag-edicao-1197-2025","tag-energia-eletrica-2","tag-excludentes-de-responsabilidade","tag-fato-exclusivo-de-terceiro","tag-indenizacao-por-danos","tag-informativo-stf","tag-informativo-stf-1197-2025","tag-multa-administrativa","tag-multiplos","tag-parametro","tag-politica-de-credito","tag-regime-proprio-de-previdencia-social-2","tag-reparticao-de-competencias-2","tag-requisito-temporal","tag-salario-minimo-2","tag-servidor-publico-2","tag-simetria","tag-stf","tag-teoria-do-risco-administrativo"],"acf":[],"_links":{"self":[{"href":"https:\/\/sgpsolucoes.com.br\/site\/wp-json\/wp\/v2\/posts\/15735"}],"collection":[{"href":"https:\/\/sgpsolucoes.com.br\/site\/wp-json\/wp\/v2\/posts"}],"about":[{"href":"https:\/\/sgpsolucoes.com.br\/site\/wp-json\/wp\/v2\/types\/post"}],"author":[{"embeddable":true,"href":"https:\/\/sgpsolucoes.com.br\/site\/wp-json\/wp\/v2\/users\/5"}],"replies":[{"embeddable":true,"href":"https:\/\/sgpsolucoes.com.br\/site\/wp-json\/wp\/v2\/comments?post=15735"}],"version-history":[{"count":0,"href":"https:\/\/sgpsolucoes.com.br\/site\/wp-json\/wp\/v2\/posts\/15735\/revisions"}],"wp:attachment":[{"href":"https:\/\/sgpsolucoes.com.br\/site\/wp-json\/wp\/v2\/media?parent=15735"}],"wp:term":[{"taxonomy":"category","embeddable":true,"href":"https:\/\/sgpsolucoes.com.br\/site\/wp-json\/wp\/v2\/categories?post=15735"},{"taxonomy":"post_tag","embeddable":true,"href":"https:\/\/sgpsolucoes.com.br\/site\/wp-json\/wp\/v2\/tags?post=15735"}],"curies":[{"name":"wp","href":"https:\/\/api.w.org\/{rel}","templated":true}]}}