{"id":15762,"date":"2025-11-13T18:23:49","date_gmt":"2025-11-13T21:23:49","guid":{"rendered":"https:\/\/sgpsolucoes.com.br\/site\/?p=15762"},"modified":"2025-11-13T18:23:50","modified_gmt":"2025-11-13T21:23:50","slug":"tce-sc-suspende-edital-de-licitacao-para-locacao-de-veiculos","status":"publish","type":"post","link":"https:\/\/sgpsolucoes.com.br\/site\/tce-sc-suspende-edital-de-licitacao-para-locacao-de-veiculos\/","title":{"rendered":"TCE\/SC suspende edital de licita\u00e7\u00e3o para loca\u00e7\u00e3o de ve\u00edculos"},"content":{"rendered":"<ul class=\"wp-block-list\"><li><strong><em>Resumo em linguagem simples<\/em><\/strong><\/li>\n\n<li><em>O TCE\/SC suspendeu o edital de licita\u00e7\u00e3o da Prefeitura de Imbituba para loca\u00e7\u00e3o de ve\u00edculos. A decis\u00e3o apontou exig\u00eancias sem justificativa legal, como obrigatoriedade de ve\u00edculos zero-quil\u00f4metro e estrutura de manuten\u00e7\u00e3o local, al\u00e9m de falhas na estimativa de custos e na escolha do modelo de contrata\u00e7\u00e3o. O relator do processo, conselheiro substituto Cleber Muniz Gavi afirmou que essas exig\u00eancias limitam a participa\u00e7\u00e3o de empresas e comprometem a busca pela melhor proposta para a administra\u00e7\u00e3o p\u00fablica.\u00a0<\/em><\/li><\/ul><p>O Tribunal de Contas do Estado de Santa Catarina (TCE\/SC) determinou a suspens\u00e3o do Preg\u00e3o Eletr\u00f4nico n. 19\/2025, promovido pela Prefeitura de Imbituba, que previa a contrata\u00e7\u00e3o de empresa especializada na loca\u00e7\u00e3o de ve\u00edculos automotores. A decis\u00e3o foi proferida pelo conselheiro substituto Cleber Muniz Gavi, relator do processo (REP 25\/00183062, acesse&nbsp;<a href=\"https:\/\/virtual.tce.sc.gov.br\/pwa\/#\/processo?nu_proc=25%2F00183062\">aqui<\/a>), ap\u00f3s an\u00e1lise t\u00e9cnica que identificou inconsist\u00eancias no edital da licita\u00e7\u00e3o, cujo valor estimado ultrapassa R$ 7,5 milh\u00f5es.&nbsp;<\/p><p>Entre os principais pontos que motivaram a medida cautelar, est\u00e3o exig\u00eancias consideradas restritivas \u00e0 competitividade do certame, como a obrigatoriedade de fornecimento de ve\u00edculos zero-quil\u00f4metro e a manuten\u00e7\u00e3o de estrutura de atendimento na regi\u00e3o de Imbituba, sem justificativas t\u00e9cnica ou legal adequadas. Tamb\u00e9m foi apontada a aus\u00eancia de mem\u00f3ria de c\u00e1lculo que comprove os valores estimados para cada tipo de ve\u00edculo, al\u00e9m de justificativas gen\u00e9ricas para a escolha do modelo de loca\u00e7\u00e3o em detrimento da aquisi\u00e7\u00e3o.&nbsp;<\/p><p>Em seu relat\u00f3rio, Gavi destacou que \u201cas exig\u00eancias de ve\u00edculos zero-quil\u00f4metro e de estrutura de atendimento e servi\u00e7os de manuten\u00e7\u00e3o na regi\u00e3o de Imbituba, de forma associada, restringem o car\u00e1ter competitivo do certame, em afronta ao art. 9\u00ba, inciso I, \u2018a\u2019, da Lei Federal n. 14.133\/2021, e comprometem a economicidade\u201d.&nbsp;<\/p><p>A decis\u00e3o determina que a suspens\u00e3o ocorra imediatamente antes da fase de homologa\u00e7\u00e3o, permitindo que as etapas de habilita\u00e7\u00e3o e apresenta\u00e7\u00e3o de recursos sejam conclu\u00eddas, mas impedindo a assinatura de contrato at\u00e9 nova manifesta\u00e7\u00e3o do Tribunal. O secret\u00e1rio municipal de Gest\u00e3o e Desburocratiza\u00e7\u00e3o, Giovane Ferreira Pereira, respons\u00e1vel pela elabora\u00e7\u00e3o do edital, foi notificado para adotar as provid\u00eancias administrativas necess\u00e1rias e apresentar justificativas sobre os pontos questionados.&nbsp;<\/p><p>O TCE\/SC refor\u00e7a seu compromisso com a transpar\u00eancia, legalidade e boa gest\u00e3o dos recursos p\u00fablicos, atuando de forma preventiva para evitar contrata\u00e7\u00f5es que possam comprometer o interesse coletivo.&nbsp;<\/p><p><strong>Fonte: TCE\/SC<\/strong><\/p>\n    <div class=\"xs_social_share_widget xs_share_url after_content \t\tmain_content  wslu-style-1 wslu-share-box-shaped wslu-fill-colored wslu-none wslu-share-horizontal wslu-theme-font-no wslu-main_content\">\n\n\t\t\n        <ul>\n\t\t\t        <\/ul>\n    <\/div> \n","protected":false},"excerpt":{"rendered":"<p>O Tribunal de Contas do Estado de Santa Catarina (TCE\/SC) determinou a suspens\u00e3o do Preg\u00e3o Eletr\u00f4nico n. 19\/2025, promovido pela Prefeitura de Imbituba, que previa a contrata\u00e7\u00e3o de empresa especializada na loca\u00e7\u00e3o de ve\u00edculos automotores. A decis\u00e3o foi proferida pelo conselheiro substituto Cleber Muniz Gavi, relator do processo (REP 25\/00183062, acesse\u00a0aqui), ap\u00f3s an\u00e1lise t\u00e9cnica que identificou inconsist\u00eancias no edital da licita\u00e7\u00e3o, cujo valor estimado ultrapassa R$ 7,5 milh\u00f5es.\u00a0<\/p>\n","protected":false},"author":5,"featured_media":0,"comment_status":"open","ping_status":"open","sticky":false,"template":"","format":"standard","meta":{"postBodyCss":"","postBodyMargin":[],"postBodyPadding":[],"postBodyBackground":{"backgroundType":"classic","gradient":""},"_price":"","_stock":"","_tribe_ticket_header":"","_tribe_default_ticket_provider":"","_tribe_ticket_capacity":"0","_ticket_start_date":"","_ticket_end_date":"","_tribe_ticket_show_description":"","_tribe_ticket_show_not_going":false,"_tribe_ticket_use_global_stock":"","_tribe_ticket_global_stock_level":"","_global_stock_mode":"","_global_stock_cap":"","_tribe_rsvp_for_event":"","_tribe_ticket_going_count":"","_tribe_ticket_not_going_count":"","_tribe_tickets_list":"[]","_tribe_ticket_has_attendee_info_fields":false,"footnotes":""},"categories":[46],"tags":[1138,856,16911,16909,9829,138,9813,2768,1976,16912,16908,1307,590,16913,1448,16910],"class_list":["post-15762","post","type-post","status-publish","format-standard","hentry","category-noticias","tag-aquisicao","tag-edital","tag-estimativa-de-custos","tag-estrutura-de-manutencao-local","tag-justificativas-genericas","tag-licitacao-2","tag-locacao","tag-locacao-de-veiculos","tag-memoria-de-calculo","tag-modelo-de-contratacao","tag-prefeitura-de-imbituba","tag-tce-sc-2","tag-tce-sc","tag-valores-estimados","tag-veiculos","tag-veiculos-zero-quilometro"],"acf":[],"_links":{"self":[{"href":"https:\/\/sgpsolucoes.com.br\/site\/wp-json\/wp\/v2\/posts\/15762"}],"collection":[{"href":"https:\/\/sgpsolucoes.com.br\/site\/wp-json\/wp\/v2\/posts"}],"about":[{"href":"https:\/\/sgpsolucoes.com.br\/site\/wp-json\/wp\/v2\/types\/post"}],"author":[{"embeddable":true,"href":"https:\/\/sgpsolucoes.com.br\/site\/wp-json\/wp\/v2\/users\/5"}],"replies":[{"embeddable":true,"href":"https:\/\/sgpsolucoes.com.br\/site\/wp-json\/wp\/v2\/comments?post=15762"}],"version-history":[{"count":0,"href":"https:\/\/sgpsolucoes.com.br\/site\/wp-json\/wp\/v2\/posts\/15762\/revisions"}],"wp:attachment":[{"href":"https:\/\/sgpsolucoes.com.br\/site\/wp-json\/wp\/v2\/media?parent=15762"}],"wp:term":[{"taxonomy":"category","embeddable":true,"href":"https:\/\/sgpsolucoes.com.br\/site\/wp-json\/wp\/v2\/categories?post=15762"},{"taxonomy":"post_tag","embeddable":true,"href":"https:\/\/sgpsolucoes.com.br\/site\/wp-json\/wp\/v2\/tags?post=15762"}],"curies":[{"name":"wp","href":"https:\/\/api.w.org\/{rel}","templated":true}]}}