{"id":15765,"date":"2025-11-17T16:16:29","date_gmt":"2025-11-17T19:16:29","guid":{"rendered":"https:\/\/sgpsolucoes.com.br\/site\/?p=15765"},"modified":"2025-11-17T16:16:29","modified_gmt":"2025-11-17T19:16:29","slug":"stf-valida-fixacao-de-multas-administrativas-em-multiplos-do-salario-minimo","status":"publish","type":"post","link":"https:\/\/sgpsolucoes.com.br\/site\/stf-valida-fixacao-de-multas-administrativas-em-multiplos-do-salario-minimo\/","title":{"rendered":"STF\u00a0valida\u00a0fixa\u00e7\u00e3o de multas administrativas em m\u00faltiplos do\u00a0sal\u00e1rio m\u00ednimo"},"content":{"rendered":"<p class=\"has-text-align-center\"><em>Foto: Rosinei Coutinho\/STF<\/em><\/p><p><strong><em>Entendimento \u00e9 que a medida n\u00e3o tem&nbsp;potencial de transformar o&nbsp;sal\u00e1rio m\u00ednimo&nbsp;em indexador econ\u00f4mico;&nbsp;decis\u00e3o&nbsp;foi tomada&nbsp;em&nbsp;recurso com&nbsp;repercuss\u00e3o&nbsp;geral&nbsp;<\/em><\/strong><\/p><p>O Supremo Tribunal Federal (STF) decidiu, por maioria, que \u00e9 constitucional utilizar m\u00faltiplos do&nbsp;sal\u00e1rio m\u00ednimo&nbsp;na fixa\u00e7\u00e3o de multas administrativas. A decis\u00e3o foi&nbsp;tomada&nbsp;no&nbsp;julgamento do Recurso Extraordin\u00e1rio com Agravo&nbsp;<strong><a href=\"https:\/\/portal.stf.jus.br\/processos\/detalhe.asp?incidente=6508929\" target=\"_blank\" rel=\"noreferrer noopener\">(ARE) 1409059<\/a><\/strong>, na sess\u00e3o virtual encerrada em 4\/11. A mat\u00e9ria tem&nbsp;repercuss\u00e3o geral&nbsp;(Tema&nbsp;1.244<strong>)<\/strong>, ou seja,&nbsp;a tese fixada pela Corte&nbsp;valer\u00e1 para casos semelhantes&nbsp;em curso na Justi\u00e7a.&nbsp;<\/p><p>Em seu voto, o relator, ministro&nbsp;Gilmar Mendes,&nbsp;afirmou que a aplica\u00e7\u00e3o de multas n\u00e3o tem o potencial de transformar o&nbsp;sal\u00e1rio m\u00ednimo&nbsp;em indexador econ\u00f4mico, hip\u00f3tese vedada pela Constitui\u00e7\u00e3o Federal.&nbsp;Ele explicou que&nbsp;a imposi\u00e7\u00e3o de multa&nbsp;\u00e9 um&nbsp;evento pontual e n\u00e3o se confunde com valores de natureza continuada, como a remunera\u00e7\u00e3o.&nbsp;\u201cTrata-se de presta\u00e7\u00e3o eventual, vinculada \u00e0 viola\u00e7\u00e3o de obriga\u00e7\u00f5es. Essa natureza epis\u00f3dica impede que a multa possa servir de referencial para o reajuste de outros valores ou para a corre\u00e7\u00e3o monet\u00e1ria peri\u00f3dica\u201d,&nbsp;destacou.&nbsp;<\/p><p>O relator lembrou ainda que o ordenamento jur\u00eddico brasileiro cont\u00e9m diversos dispositivos que utilizam o&nbsp;sal\u00e1rio m\u00ednimo&nbsp;como crit\u00e9rio para a fixa\u00e7\u00e3o de multas e outras obriga\u00e7\u00f5es pecuni\u00e1rias. Impedir seu uso, portanto, exigiria uma reestrutura\u00e7\u00e3o significativa em v\u00e1rias \u00e1reas do direito.&nbsp;\u201cA aus\u00eancia de uma alternativa imediata para substituir o&nbsp;sal\u00e1rio m\u00ednimo&nbsp;como par\u00e2metro geraria uma s\u00e9rie de v\u00e1cuos legislativos com impactos pr\u00e1ticos relevantes\u201d, disse.&nbsp;<\/p><p>O&nbsp;voto do relator&nbsp;foi acompanhado pelos ministros Alexandre de Moraes, Cristiano Zanin, Fl\u00e1vio Dino, Nunes Marques e pelo presidente do STF, ministro Edson&nbsp;Fachin.&nbsp;<\/p><h5 class=\"wp-block-heading\"><strong>Diverg\u00eancia<\/strong><strong>&nbsp;<\/strong><\/h5><p>O ministro Dias&nbsp;Toffoli&nbsp;abriu a diverg\u00eancia. Para ele, a jurisprud\u00eancia do STF&nbsp;veda&nbsp;o uso do&nbsp;sal\u00e1rio m\u00ednimo&nbsp;como fator&nbsp;gen\u00e9rico de indexa\u00e7\u00e3o de qualquer verba, c\u00e1lculo ou obriga\u00e7\u00e3o de natureza n\u00e3o alimentar.&nbsp;\u201cAs \u00fanicas hip\u00f3teses admitidas dizem respeito \u00e0 preserva\u00e7\u00e3o das garantias e dos direitos sociais destinados ao trabalhador e a sua fam\u00edlia, a fim de suprir suas necessidades b\u00e1sicas\u201d, argumentou.&nbsp;<\/p><p>Esse entendimento, vencido,&nbsp;foi acompanhado pelos ministros Andr\u00e9 Mendon\u00e7a e Luiz&nbsp;Fux&nbsp;e pela ministra&nbsp;C\u00e1rmen&nbsp;L\u00facia.&nbsp;<\/p><h5 class=\"wp-block-heading\"><strong>Caso concreto&nbsp;<\/strong><\/h5><p>O recurso foi apresentado pelo Conselho Regional de Farm\u00e1cia do Estado de&nbsp;S\u00e3o\u202fPaulo\u202fcontra decis\u00e3o do Tribunal Regional Federal da 3\u00aa Regi\u00e3o (TRF-3) que extinguiu a execu\u00e7\u00e3o fiscal movida pelo conselho contra uma drogaria. O Tribunal anulou&nbsp;as multas aplicadas&nbsp;com base na Lei 5.724\/1971, por entender&nbsp;que a Constitui\u00e7\u00e3o veda a vincula\u00e7\u00e3o do&nbsp;sal\u00e1rio m\u00ednimo&nbsp;\u201cpara qualquer fim\u201d.&nbsp;&nbsp;<\/p><p>Por maioria, o STF reformou a decis\u00e3o e declarou a cobran\u00e7a constitucional.&nbsp;<\/p><h5 class=\"wp-block-heading\"><strong>Tese&nbsp;<\/strong><\/h5><p>Foi fixada a seguinte tese de repercuss\u00e3o geral:<em>\u202f<\/em>&nbsp;<\/p><p>\u201cA fixa\u00e7\u00e3o de multa administrativa em m\u00faltiplos do&nbsp;sal\u00e1rio m\u00ednimo&nbsp;n\u00e3o viola o disposto no art. 7\u00ba, IV, da Constitui\u00e7\u00e3o Federal\u201d.&nbsp;<\/p><p><em>(Paulo\u202fRoberto Netto\/AD\/CF)&nbsp;<\/em><\/p><p><strong>Fonte: STF<\/strong><\/p>\n    <div class=\"xs_social_share_widget xs_share_url after_content \t\tmain_content  wslu-style-1 wslu-share-box-shaped wslu-fill-colored wslu-none wslu-share-horizontal wslu-theme-font-no wslu-main_content\">\n\n\t\t\n        <ul>\n\t\t\t        <\/ul>\n    <\/div> \n","protected":false},"excerpt":{"rendered":"<p>O Supremo Tribunal Federal (STF) decidiu, por maioria, que \u00e9 constitucional utilizar m\u00faltiplos do\u00a0sal\u00e1rio m\u00ednimo\u00a0na fixa\u00e7\u00e3o de multas administrativas. A decis\u00e3o foi\u00a0tomada\u00a0no\u00a0julgamento do Recurso Extraordin\u00e1rio com Agravo\u00a0(ARE) 1409059, na sess\u00e3o virtual encerrada em 4\/11. A mat\u00e9ria tem\u00a0repercuss\u00e3o geral\u00a0(Tema\u00a01.244), ou seja,\u00a0a tese fixada pela Corte\u00a0valer\u00e1 para casos semelhantes\u00a0em curso na Justi\u00e7a.\u00a0<\/p>\n","protected":false},"author":5,"featured_media":0,"comment_status":"open","ping_status":"open","sticky":false,"template":"","format":"standard","meta":{"postBodyCss":"","postBodyMargin":[],"postBodyPadding":[],"postBodyBackground":{"backgroundType":"classic","gradient":""},"_price":"","_stock":"","_tribe_ticket_header":"","_tribe_default_ticket_provider":"","_tribe_ticket_capacity":"0","_ticket_start_date":"","_ticket_end_date":"","_tribe_ticket_show_description":"","_tribe_ticket_show_not_going":false,"_tribe_ticket_use_global_stock":"","_tribe_ticket_global_stock_level":"","_global_stock_mode":"","_global_stock_cap":"","_tribe_rsvp_for_event":"","_tribe_ticket_going_count":"","_tribe_ticket_not_going_count":"","_tribe_tickets_list":"[]","_tribe_ticket_has_attendee_info_fields":false,"footnotes":""},"categories":[46],"tags":[1127,16916,891,16914,16915,16917,1731,2286,347,348],"class_list":["post-15765","post","type-post","status-publish","format-standard","hentry","category-noticias","tag-constitucional","tag-indexador-economico","tag-multas","tag-multas-administrativas","tag-multiplos-2","tag-multiplos-do-salario-minimo","tag-repercussao-geral","tag-salario-minimo","tag-stf","tag-supremo-tribunal-federal"],"acf":[],"_links":{"self":[{"href":"https:\/\/sgpsolucoes.com.br\/site\/wp-json\/wp\/v2\/posts\/15765"}],"collection":[{"href":"https:\/\/sgpsolucoes.com.br\/site\/wp-json\/wp\/v2\/posts"}],"about":[{"href":"https:\/\/sgpsolucoes.com.br\/site\/wp-json\/wp\/v2\/types\/post"}],"author":[{"embeddable":true,"href":"https:\/\/sgpsolucoes.com.br\/site\/wp-json\/wp\/v2\/users\/5"}],"replies":[{"embeddable":true,"href":"https:\/\/sgpsolucoes.com.br\/site\/wp-json\/wp\/v2\/comments?post=15765"}],"version-history":[{"count":0,"href":"https:\/\/sgpsolucoes.com.br\/site\/wp-json\/wp\/v2\/posts\/15765\/revisions"}],"wp:attachment":[{"href":"https:\/\/sgpsolucoes.com.br\/site\/wp-json\/wp\/v2\/media?parent=15765"}],"wp:term":[{"taxonomy":"category","embeddable":true,"href":"https:\/\/sgpsolucoes.com.br\/site\/wp-json\/wp\/v2\/categories?post=15765"},{"taxonomy":"post_tag","embeddable":true,"href":"https:\/\/sgpsolucoes.com.br\/site\/wp-json\/wp\/v2\/tags?post=15765"}],"curies":[{"name":"wp","href":"https:\/\/api.w.org\/{rel}","templated":true}]}}