{"id":15768,"date":"2025-11-17T16:22:01","date_gmt":"2025-11-17T19:22:01","guid":{"rendered":"https:\/\/sgpsolucoes.com.br\/site\/?p=15768"},"modified":"2025-11-17T16:22:02","modified_gmt":"2025-11-17T19:22:02","slug":"oab-contesta-norma-goiana-sobre-nomeacao-de-bachareis-como-defensores-dativos-em-processos-disciplinares","status":"publish","type":"post","link":"https:\/\/sgpsolucoes.com.br\/site\/oab-contesta-norma-goiana-sobre-nomeacao-de-bachareis-como-defensores-dativos-em-processos-disciplinares\/","title":{"rendered":"OAB contesta norma goiana sobre nomea\u00e7\u00e3o de bachar\u00e9is como defensores dativos em processos disciplinares\u00a0"},"content":{"rendered":"<p><strong><em>Ao pedir suspens\u00e3o imediata de trecho da lei, entidade alega viola\u00e7\u00e3o \u00e0 ampla defesa e \u00e0s prerrogativas da advocacia<\/em><\/strong><\/p><p>O Conselho Federal da&nbsp;Ordem dos Advogados do Brasil (OAB) apresentou ao Supremo Tribunal Federal (STF) a A\u00e7\u00e3o Direta de Inconstitucionalidade&nbsp;<a href=\"https:\/\/portal.stf.jus.br\/processos\/detalhe.asp?incidente=7433748\" target=\"_blank\" rel=\"noreferrer noopener\"><strong>(ADI) 7897<\/strong><\/a><strong>&nbsp;<\/strong>para questionar trecho&nbsp;de uma&nbsp;lei&nbsp;de Goi\u00e1s&nbsp;que&nbsp;determina que&nbsp;o defensor dativo em procedimentos administrativos disciplinares (PADs) de servidores p\u00fablicos&nbsp;deve ser bacharel em direito.&nbsp;A a\u00e7\u00e3o, com pedido de liminar, foi distribu\u00edda ao&nbsp;ministro Luiz Fux.&nbsp;<\/p><p>O defensor dativo \u00e9 o profissional designado pelo poder p\u00fablico para representar quem n\u00e3o tem advogado constitu\u00eddo.&nbsp;Segundo a OAB, a norma, contida na Lei estadual&nbsp;20.756\/2020,&nbsp;viola&nbsp;a Constitui\u00e7\u00e3o Federal, que reserva a defesa t\u00e9cnica a advogados regularmente inscritos na Ordem. Para a institui\u00e7\u00e3o, ao autorizar bachar\u00e9is&nbsp;(profissionais formados em Direito, mas sem inscri\u00e7\u00e3o na OAB)&nbsp;a exercerem a defesa, o Estado de Goi\u00e1s fere o direito \u00e0 ampla defesa e as prerrogativas da advocacia.&nbsp;<\/p><p>A&nbsp;entidade&nbsp;argumenta que, ao reconhecer a necessidade de defesa t\u00e9cnica nos PADs, o pr\u00f3prio&nbsp;estado n\u00e3o pode permitir que essa fun\u00e7\u00e3o seja exercida por quem n\u00e3o \u00e9 advogado.&nbsp;Tamb\u00e9m destaca que esses processos podem levar a san\u00e7\u00f5es severas, como demiss\u00e3o ou cassa\u00e7\u00e3o de aposentadoria, o que exige atua\u00e7\u00e3o qualificada.&nbsp;<\/p><p><em>(Jorge Macedo\/CR\/\/CF)&nbsp;<\/em><\/p><p><strong>Fonte: STF<\/strong><\/p>\n    <div class=\"xs_social_share_widget xs_share_url after_content \t\tmain_content  wslu-style-1 wslu-share-box-shaped wslu-fill-colored wslu-none wslu-share-horizontal wslu-theme-font-no wslu-main_content\">\n\n\t\t\n        <ul>\n\t\t\t        <\/ul>\n    <\/div> \n","protected":false},"excerpt":{"rendered":"<p>O Conselho Federal da\u00a0Ordem dos Advogados do Brasil (OAB) apresentou ao Supremo Tribunal Federal (STF) a A\u00e7\u00e3o Direta de Inconstitucionalidade\u00a0(ADI) 7897\u00a0para questionar trecho\u00a0de uma\u00a0lei\u00a0de Goi\u00e1s\u00a0que\u00a0determina que\u00a0o defensor dativo em procedimentos administrativos disciplinares (PADs) de servidores p\u00fablicos\u00a0deve ser bacharel em direito.\u00a0A a\u00e7\u00e3o, com pedido de liminar, foi distribu\u00edda ao\u00a0ministro Luiz Fux.\u00a0<\/p>\n","protected":false},"author":5,"featured_media":0,"comment_status":"open","ping_status":"open","sticky":false,"template":"","format":"standard","meta":{"postBodyCss":"","postBodyMargin":[],"postBodyPadding":[],"postBodyBackground":{"backgroundType":"classic","gradient":""},"_price":"","_stock":"","_tribe_ticket_header":"","_tribe_default_ticket_provider":"","_tribe_ticket_capacity":"0","_ticket_start_date":"","_ticket_end_date":"","_tribe_ticket_show_description":"","_tribe_ticket_show_not_going":false,"_tribe_ticket_use_global_stock":"","_tribe_ticket_global_stock_level":"","_global_stock_mode":"","_global_stock_cap":"","_tribe_rsvp_for_event":"","_tribe_ticket_going_count":"","_tribe_ticket_not_going_count":"","_tribe_tickets_list":"[]","_tribe_ticket_has_attendee_info_fields":false,"footnotes":""},"categories":[46],"tags":[1054,16922,798,16921,16925,7925,16924,16920,12277,11264,1390,16918,7926,5526,16919,16923,2698,1782,347,348,569],"class_list":["post-15768","post","type-post","status-publish","format-standard","hentry","category-noticias","tag-acao-direta-de-inconstitucionalidade","tag-adi-7897","tag-ampla-defesa","tag-bachareis","tag-bacharel-em-direito","tag-conselho-federal-da-ordem-dos-advogados-do-brasil","tag-defensor-dativo","tag-defensores-dativos","tag-lei-de-goias","tag-ministro-luiz-fux","tag-nomeacao","tag-norma-goiana","tag-oab","tag-pads","tag-prerrogativas-da-advocacia","tag-procedimentos-administrativos-disciplinares","tag-processos-disciplinares","tag-servidores-publicos","tag-stf","tag-supremo-tribunal-federal","tag-violacao"],"acf":[],"_links":{"self":[{"href":"https:\/\/sgpsolucoes.com.br\/site\/wp-json\/wp\/v2\/posts\/15768"}],"collection":[{"href":"https:\/\/sgpsolucoes.com.br\/site\/wp-json\/wp\/v2\/posts"}],"about":[{"href":"https:\/\/sgpsolucoes.com.br\/site\/wp-json\/wp\/v2\/types\/post"}],"author":[{"embeddable":true,"href":"https:\/\/sgpsolucoes.com.br\/site\/wp-json\/wp\/v2\/users\/5"}],"replies":[{"embeddable":true,"href":"https:\/\/sgpsolucoes.com.br\/site\/wp-json\/wp\/v2\/comments?post=15768"}],"version-history":[{"count":0,"href":"https:\/\/sgpsolucoes.com.br\/site\/wp-json\/wp\/v2\/posts\/15768\/revisions"}],"wp:attachment":[{"href":"https:\/\/sgpsolucoes.com.br\/site\/wp-json\/wp\/v2\/media?parent=15768"}],"wp:term":[{"taxonomy":"category","embeddable":true,"href":"https:\/\/sgpsolucoes.com.br\/site\/wp-json\/wp\/v2\/categories?post=15768"},{"taxonomy":"post_tag","embeddable":true,"href":"https:\/\/sgpsolucoes.com.br\/site\/wp-json\/wp\/v2\/tags?post=15768"}],"curies":[{"name":"wp","href":"https:\/\/api.w.org\/{rel}","templated":true}]}}