{"id":15774,"date":"2025-11-17T16:32:58","date_gmt":"2025-11-17T19:32:58","guid":{"rendered":"https:\/\/sgpsolucoes.com.br\/site\/?p=15774"},"modified":"2025-11-17T16:32:59","modified_gmt":"2025-11-17T19:32:59","slug":"em-cautelar-monocratica-relator-determina-suspensao-de-concorrencia-para-servicos-prediais-em-marilandia-es-por-conta-de-possiveis-irregularidades-a-exemplo-de-aglutinacao-indevida-de-servicos-qua","status":"publish","type":"post","link":"https:\/\/sgpsolucoes.com.br\/site\/em-cautelar-monocratica-relator-determina-suspensao-de-concorrencia-para-servicos-prediais-em-marilandia-es-por-conta-de-possiveis-irregularidades-a-exemplo-de-aglutinacao-indevida-de-servicos-qua\/","title":{"rendered":"Em cautelar monocr\u00e1tica, relator determina suspens\u00e3o de concorr\u00eancia para servi\u00e7os prediais em Maril\u00e2ndia\/ES, por conta de poss\u00edveis irregularidades, a exemplo de aglutina\u00e7\u00e3o indevida de servi\u00e7os; qualifica\u00e7\u00e3o t\u00e9cnica exorbitante; levantamento de mercado gen\u00e9rico e pouco transparente; fragilidades no plano de contrata\u00e7\u00e3o\u00a0"},"content":{"rendered":"<p>O conselheiro Carlos Ranna, do&nbsp;<mark>Tribunal de Contas do Estado do Esp\u00edrito Santo (TCE-ES)<\/mark>, determinou a suspens\u00e3o de uma concorr\u00eancia da&nbsp;<strong><a href=\"https:\/\/www.marilandia.es.gov.br\/\" target=\"_blank\" rel=\"noreferrer noopener\">Prefeitura de Maril\u00e2ndia<\/a><\/strong>. A disputa tinha como objetivo a contrata\u00e7\u00e3o de empresa especializada na presta\u00e7\u00e3o de servi\u00e7os de manuten\u00e7\u00e3o, reforma e amplia\u00e7\u00e3o de instala\u00e7\u00f5es prediais, infraestrutura urbana e implementos externos, totalizando&nbsp;<strong>R$ 19,5 milh\u00f5es<\/strong>.&nbsp;<\/p><p>O pedido de suspens\u00e3o foi feito por representantes da empresa J. H. Construtora LTDA EPP. Dentre as irregularidades apresentadas pela empresa estavam a aglutina\u00e7\u00e3o indevida de servi\u00e7os; exig\u00eancias exorbitantes de qualifica\u00e7\u00e3o t\u00e9cnica; levantamento de mercado gen\u00e9rico e pouco transparente; fragilidades no plano de contrata\u00e7\u00e3o; entre outros.&nbsp;<\/p><p>Antes da decis\u00e3o, o relator pediu esclarecimentos aos respons\u00e1veis pela prefeitura e an\u00e1lise da \u00e1rea t\u00e9cnica do Tribunal. \u201cA an\u00e1lise da documenta\u00e7\u00e3o apresentada pelo Representante e das justificativas dos respons\u00e1veis indica a exist\u00eancia de elementos que, em uma cogni\u00e7\u00e3o sum\u00e1ria, configuram o fundado receio de grave ofensa ao interesse p\u00fablico, o que justifica a expedi\u00e7\u00e3o de medida cautelar\u201d, apresentaram os auditores.&nbsp;<\/p><p>O relator ressaltou que foi identificado \u201cfortes ind\u00edcios de ilegalidade na origem do procedimento (Concorr\u00eancia Presencial n.\u00ba 004\/2025), especialmente pela inadequa\u00e7\u00e3o do Registro de Pre\u00e7os para a contrata\u00e7\u00e3o de obras e servi\u00e7os de engenharia sem projeto padronizado e a devida quantifica\u00e7\u00e3o dos itens, o que macula a Ata de Registro de Pre\u00e7os resultante e, por consequ\u00eancia, o Contrato Administrativo n.\u00ba 116\/2025 j\u00e1 firmado pela Prefeitura Municipal de Maril\u00e2ndia\u201d.&nbsp;<\/p><p>Dessa forma, determinou a suspens\u00e3o do Contrato Administrativo n\u00famero 116\/2025 e dos demais atos decorrentes da Ata de Registro de Pre\u00e7os que teve origem na Concorr\u00eancia Presencial n\u00famero 4\/2025.&nbsp;<\/p><p>Agora, os respons\u00e1veis pela prefeitura de Maril\u00e2ndia t\u00eam 10 dias para cumprir a decis\u00e3o e comunicar ao Tribunal as provid\u00eancias adotadas, assim como se pronunciar sobre a decis\u00e3o.\u202f&nbsp;<\/p><p>Apesar de j\u00e1 estar v\u00e1lida, a decis\u00e3o ainda precisar\u00e1 ser referendada pela<strong>&nbsp;Primeira C\u00e2mara<\/strong>.&nbsp;<\/p><p><em>Entenda: medida cautelar<\/em>\u202f&nbsp;<\/p><p><em>Tem a finalidade de, emergencialmente, prevenir, conservar, proteger ou assegurar direitos, por haver fundado receio de grave ofensa ao interesse p\u00fablico ou de inefic\u00e1cia das decis\u00f5es do tribunal.&nbsp;<\/em>\u202f&nbsp;<\/p><p><em>A medida cautelar poder\u00e1 ser concedida no in\u00edcio ou no decorrer do processo, podendo a decis\u00e3o ser revista a qualquer tempo por essa Corte de Contas.&nbsp;<\/em>\u202f&nbsp;<\/p><p><em>A cautelar n\u00e3o indica julgamento terminativo do m\u00e9rito, ou seja, n\u00e3o \u00e9 poss\u00edvel atribuir valor \u00e9tico e formal \u00e0 conduta do agente a partir desta decis\u00e3o.\u202f<\/em>\u202f&nbsp;<\/p><p><strong><a href=\"https:\/\/www.tcees.tc.br\/consultas\/processo\/detalhar-processo?numero=6932&amp;ano=2025&amp;key=49c40352c8f593151d740c498b59491af7948c80a271a538787c5108a500028b1f19300213c68d0c2464b7b0ebf2a51ea5db09e5d500628e12df5bf6a01450d9\" target=\"_blank\" rel=\"noreferrer noopener\">Processo TC 6932\/2025<\/a><\/strong>&nbsp;<\/p><p><strong>Fonte<\/strong><strong>:<\/strong><strong> <\/strong><strong>TCE-ES<\/strong><\/p>\n    <div class=\"xs_social_share_widget xs_share_url after_content \t\tmain_content  wslu-style-1 wslu-share-box-shaped wslu-fill-colored wslu-none wslu-share-horizontal wslu-theme-font-no wslu-main_content\">\n\n\t\t\n        <ul>\n\t\t\t        <\/ul>\n    <\/div> \n","protected":false},"excerpt":{"rendered":"<p>O conselheiro Carlos Ranna, do\u00a0Tribunal de Contas do Estado do Esp\u00edrito Santo (TCE-ES), determinou a suspens\u00e3o de uma concorr\u00eancia da\u00a0Prefeitura de Maril\u00e2ndia. A disputa tinha como objetivo a contrata\u00e7\u00e3o de empresa especializada na presta\u00e7\u00e3o de servi\u00e7os de manuten\u00e7\u00e3o, reforma e amplia\u00e7\u00e3o de instala\u00e7\u00f5es prediais, infraestrutura urbana e implementos externos, totalizando\u00a0R$ 19,5 milh\u00f5es.\u00a0<\/p>\n","protected":false},"author":5,"featured_media":0,"comment_status":"open","ping_status":"open","sticky":false,"template":"","format":"standard","meta":{"postBodyCss":"","postBodyMargin":[],"postBodyPadding":[],"postBodyBackground":{"backgroundType":"classic","gradient":""},"_price":"","_stock":"","_tribe_ticket_header":"","_tribe_default_ticket_provider":"","_tribe_ticket_capacity":"0","_ticket_start_date":"","_ticket_end_date":"","_tribe_ticket_show_description":"","_tribe_ticket_show_not_going":false,"_tribe_ticket_use_global_stock":"","_tribe_ticket_global_stock_level":"","_global_stock_mode":"","_global_stock_cap":"","_tribe_rsvp_for_event":"","_tribe_ticket_going_count":"","_tribe_ticket_not_going_count":"","_tribe_tickets_list":"[]","_tribe_ticket_has_attendee_info_fields":false,"footnotes":""},"categories":[46],"tags":[3941,14962,548,16930,4708,16928,1211,16927,16929,855,16926,3117,4702,4707],"class_list":["post-15774","post","type-post","status-publish","format-standard","hentry","category-noticias","tag-ampliacao","tag-cautelar-monocratica","tag-concorrencia","tag-implementos-externos","tag-infraestrutura-urbana","tag-instalacoes-prediais","tag-manutencao","tag-marilandia-es","tag-prefeitura-de-marilandia","tag-reforma","tag-servicos-prediais","tag-suspensao","tag-tce-es","tag-tribunal-de-contas-do-estado-do-espirito-santo"],"acf":[],"_links":{"self":[{"href":"https:\/\/sgpsolucoes.com.br\/site\/wp-json\/wp\/v2\/posts\/15774"}],"collection":[{"href":"https:\/\/sgpsolucoes.com.br\/site\/wp-json\/wp\/v2\/posts"}],"about":[{"href":"https:\/\/sgpsolucoes.com.br\/site\/wp-json\/wp\/v2\/types\/post"}],"author":[{"embeddable":true,"href":"https:\/\/sgpsolucoes.com.br\/site\/wp-json\/wp\/v2\/users\/5"}],"replies":[{"embeddable":true,"href":"https:\/\/sgpsolucoes.com.br\/site\/wp-json\/wp\/v2\/comments?post=15774"}],"version-history":[{"count":0,"href":"https:\/\/sgpsolucoes.com.br\/site\/wp-json\/wp\/v2\/posts\/15774\/revisions"}],"wp:attachment":[{"href":"https:\/\/sgpsolucoes.com.br\/site\/wp-json\/wp\/v2\/media?parent=15774"}],"wp:term":[{"taxonomy":"category","embeddable":true,"href":"https:\/\/sgpsolucoes.com.br\/site\/wp-json\/wp\/v2\/categories?post=15774"},{"taxonomy":"post_tag","embeddable":true,"href":"https:\/\/sgpsolucoes.com.br\/site\/wp-json\/wp\/v2\/tags?post=15774"}],"curies":[{"name":"wp","href":"https:\/\/api.w.org\/{rel}","templated":true}]}}