{"id":15777,"date":"2025-11-17T16:36:24","date_gmt":"2025-11-17T19:36:24","guid":{"rendered":"https:\/\/sgpsolucoes.com.br\/site\/?p=15777"},"modified":"2025-11-17T16:36:25","modified_gmt":"2025-11-17T19:36:25","slug":"cautelar-suspende-adesao-a-ata-de-registro-de-precos-por-consorcio-que-permitia-carona-da-carona","status":"publish","type":"post","link":"https:\/\/sgpsolucoes.com.br\/site\/cautelar-suspende-adesao-a-ata-de-registro-de-precos-por-consorcio-que-permitia-carona-da-carona\/","title":{"rendered":"Cautelar suspende ades\u00e3o \u00e0 ata de registro de pre\u00e7os por Cons\u00f3rcio que permitia \u201ccarona da carona\u201d"},"content":{"rendered":"<p>Por determina\u00e7\u00e3o da conselheira substituta do TCE-ES M\u00e1rcia Jaccoud, o&nbsp;<mark>Cons\u00f3rcio P\u00fablico da Regi\u00e3o Noroeste (CIM Noroeste)<\/mark>&nbsp;dever\u00e1&nbsp;<mark>suspender a ades\u00e3o \u00e0 Ata de Registro de Pre\u00e7os<\/mark>&nbsp;do Preg\u00e3o Eletr\u00f4nico 001\/2024 do Cons\u00f3rcio Intermunicipal de Sa\u00fade da Microrreg\u00e3o Norte do Rio Doce&nbsp;<mark>(CONSONORTE)<\/mark>.&nbsp;&nbsp;<\/p><p>Al\u00e9m disso, a&nbsp;<mark>Prefeitura de S\u00e3o Gabriel da Palha<\/mark>&nbsp;dever\u00e1&nbsp;<mark>suspender tr\u00eas contratos<\/mark>&nbsp;que tamb\u00e9m foram oriundos dessa citada ades\u00e3o pelo CIM Noroeste. A contrata\u00e7\u00e3o \u00e9 de uma empresa especializada para presta\u00e7\u00e3o de servi\u00e7os de&nbsp;<mark>loca\u00e7\u00e3o de ve\u00edculos automotores.<\/mark>&nbsp;<\/p><p>A decis\u00e3o monocr\u00e1tica da conselheira, relatora de um processo de Representa\u00e7\u00e3o,&nbsp;<strong><a href=\"https:\/\/diario.tcees.tc.br\/edicao\/2025\/11\/11\/atos-relatores\/noticia\/71643\">foi publicada no Di\u00e1rio desta ter\u00e7a-feira (11).<\/a><\/strong>&nbsp;&nbsp;<\/p><p>Para a relatora, ficou evidenciada a realiza\u00e7\u00e3o de contrata\u00e7\u00f5es aparentemente irregulares, com&nbsp;<mark>viola\u00e7\u00e3o ao princ\u00edpio da legalidade.<\/mark>&nbsp;Tamb\u00e9m concluiu ser necess\u00e1rio adotar uma medida de urg\u00eancia, visto que as ades\u00f5es \u00e0 ata de registro de pre\u00e7os&nbsp;podem continuar ocorrendo, e est\u00e3o sendo promovidos v\u00ednculos administrativos prec\u00e1rios entre os munic\u00edpios e empresa privada.&nbsp;<\/p><h5 class=\"wp-block-heading\">Entenda o caso&nbsp;<\/h5><p>Em 2024, conforme admitido pelo presidente do cons\u00f3rcio no processo, o CIM Noroeste aderiu \u00e0 ata de registro de pre\u00e7os do Consonorte para a loca\u00e7\u00e3o de ve\u00edculos em nome de seus consorciados, como se fosse interessado na execu\u00e7\u00e3o do servi\u00e7o. Assim, concedeu aos seus consorciados a utiliza\u00e7\u00e3o do servi\u00e7o por meio de \u201ccarona da carona\u201d, atuando como intermedi\u00e1rio na ades\u00e3o \u00e0 ata de registro de pre\u00e7os.&nbsp;<\/p><p>Em janeiro de 2025, o CIM Noroeste tornou p\u00fablica a autoriza\u00e7\u00e3o de ades\u00e3o \u00e0 Ata de Registro de Pre\u00e7os com valor total de ades\u00e3o de R$ 5.939.580,00.&nbsp;&nbsp;<\/p><p>Contudo, de acordo com a an\u00e1lise da \u00e1rea t\u00e9cnica do TCE-ES, seguida pela relatora, a&nbsp;<mark>Lei de Licita\u00e7\u00f5es&nbsp;(Lei n\u00ba 14.133\/21)<\/mark>&nbsp;n\u00e3o autoriza&nbsp;um cons\u00f3rcio&nbsp;municipal a&nbsp;aderir \u00e0&nbsp;ata de registro de pre\u00e7os de&nbsp;outro cons\u00f3rcio,&nbsp;e conceder aos seus consorciados a utiliza\u00e7\u00e3o do servi\u00e7o por meio de&nbsp;<mark>\u201ccarona\u201d da \u201ccarona\u201d,<\/mark>&nbsp;atuando como&nbsp;<mark>intermedi\u00e1rio<\/mark>&nbsp;na ades\u00e3o \u00e0 ata de registro de pre\u00e7os.&nbsp;<\/p><p>\u201cO procedimento adequado seria o CIM Noroeste, diante da demanda apresentada por seus consorciados, realizar seu pr\u00f3prio certame licitat\u00f3rio para aquisi\u00e7\u00e3o do servi\u00e7o demandado, ou, ao identificar que uma determinada ata atende \u00e0 demanda dos consorciados, orientar para que cada ente consorciado realize a ades\u00e3o de forma direta, sem nenhuma forma de intermedia\u00e7\u00e3o\u201d, detalhou o relat\u00f3rio t\u00e9cnico.&nbsp;<\/p><p>Outra situa\u00e7\u00e3o apontada seria a ilegalidade dos tr\u00eas contratos celebrados pelo munic\u00edpio de S\u00e3o Gabriel da Palha, como desdobramento da ades\u00e3o do CIM Noroeste \u00e0 Ata de Registro de Pre\u00e7os do Consonorte. O valor global da contrata\u00e7\u00e3o \u00e9 de R$ 824.352,00.&nbsp;<\/p><p>\u201cSobre estes contratos, o caminho correto para realiza\u00e7\u00e3o dos mesmos seria a Prefeitura de S\u00e3o Gabriel da Palha aderir diretamente \u00e0 ata de registro de pre\u00e7os do Consonorte como carona, sem necessidade de intermedia\u00e7\u00e3o do CIM Noroeste. Al\u00e9m disso, o Prefeito de S\u00e3o Gabriel da Palha n\u00e3o apresentou comprova\u00e7\u00e3o da vantajosidade das contrata\u00e7\u00f5es e o Estudo T\u00e9cnico Preliminar, que s\u00e3o requisitos indispens\u00e1veis na fase preparat\u00f3ria da contrata\u00e7\u00e3o\u201d, afirmou a \u00e1rea t\u00e9cnica.&nbsp;<\/p><p>Diante disso, para a relatora, a an\u00e1lise preliminar do caso indica que houve&nbsp;<mark>irregularidade na ades\u00e3o<\/mark>&nbsp;pelo CIM Noroeste, que passou a atuar como intermedi\u00e1rio dos seus munic\u00edpios filiados, inaugurando o que foi nomeado de \u201ccarona da carona\u201d.&nbsp;&nbsp;<\/p><p>Adicionalmente, ela entendeu que os contratos firmados entre o munic\u00edpio de S\u00e3o Gabriel da Palha e a empresa vencedora da Ata de Registro de Pre\u00e7os do Preg\u00e3o Eletr\u00f4nico possuem natureza jur\u00eddica prec\u00e1ria, uma vez que a empresa contratada n\u00e3o participou de certame licitat\u00f3rio promovido pelo munic\u00edpio, bem como o munic\u00edpio n\u00e3o aderiu diretamente \u00e0 ata de registro de pre\u00e7os, derivada de licita\u00e7\u00e3o de outra unidade gestora, da qual a empresa tenha se sagrado vencedora.&nbsp;<\/p><p>Com isso, a relatora emitiu as determina\u00e7\u00f5es de suspens\u00e3o da ades\u00e3o feita pelo CIM Noroeste, e suspens\u00e3o dos contratos pelo munic\u00edpio de S\u00e3o Gabriel da Palha. O prefeito de S\u00e3o Gabriel da Palha,&nbsp;Tiago Rocha,&nbsp;e o presidente do CIM Noroeste, Augusto Astori Ferreira, foram notificados a comunicar ao Tribunal as provid\u00eancias adotadas.&nbsp;<\/p><p>A decis\u00e3o monocr\u00e1tica deve passar pela an\u00e1lise do colegiado para ser referendada.&nbsp;<\/p><p><strong><a href=\"https:\/\/www.tcees.tc.br\/consultas\/processo\/detalhar-processo?numero=6579&amp;ano=2025&amp;key=94f508bdf64dfc542770268be27f69c570606ea7d6d741c1bc6c8eff3555f749d5e67bebece286c7542568991c7888cf42c3a9b1a099ae46b63e0a9fa061d8a2\" target=\"_blank\" rel=\"noreferrer noopener\">Processo TC 6579\/2025<\/a><\/strong>&nbsp;<\/p><p><strong>Fonte<\/strong><strong>:<\/strong><strong> <\/strong><strong>TCE-ES<\/strong><\/p>\n    <div class=\"xs_social_share_widget xs_share_url after_content \t\tmain_content  wslu-style-1 wslu-share-box-shaped wslu-fill-colored wslu-none wslu-share-horizontal wslu-theme-font-no wslu-main_content\">\n\n\t\t\n        <ul>\n\t\t\t        <\/ul>\n    <\/div> \n","protected":false},"excerpt":{"rendered":"<p>Por determina\u00e7\u00e3o da conselheira substituta do TCE-ES M\u00e1rcia Jaccoud, o\u00a0Cons\u00f3rcio P\u00fablico da Regi\u00e3o Noroeste (CIM Noroeste)\u00a0dever\u00e1\u00a0suspender a ades\u00e3o \u00e0 Ata de Registro de Pre\u00e7os\u00a0do Preg\u00e3o Eletr\u00f4nico 001\/2024 do Cons\u00f3rcio Intermunicipal de Sa\u00fade da Microrreg\u00e3o Norte do Rio Doce\u00a0(CONSONORTE).\u00a0\u00a0<\/p>\n","protected":false},"author":5,"featured_media":0,"comment_status":"open","ping_status":"open","sticky":false,"template":"","format":"standard","meta":{"postBodyCss":"","postBodyMargin":[],"postBodyPadding":[],"postBodyBackground":{"backgroundType":"classic","gradient":""},"_price":"","_stock":"","_tribe_ticket_header":"","_tribe_default_ticket_provider":"","_tribe_ticket_capacity":"0","_ticket_start_date":"","_ticket_end_date":"","_tribe_ticket_show_description":"","_tribe_ticket_show_not_going":false,"_tribe_ticket_use_global_stock":"","_tribe_ticket_global_stock_level":"","_global_stock_mode":"","_global_stock_cap":"","_tribe_rsvp_for_event":"","_tribe_ticket_going_count":"","_tribe_ticket_not_going_count":"","_tribe_tickets_list":"[]","_tribe_ticket_has_attendee_info_fields":false,"footnotes":""},"categories":[46],"tags":[3416,7956,11312,819,6679,16931,1983,16932,6681,75,2768,16933,499],"class_list":["post-15777","post","type-post","status-publish","format-standard","hentry","category-noticias","tag-adesao-2","tag-ata-de-registro-de-precos-2","tag-carona-da-carona","tag-cautelar","tag-cim-noroeste","tag-consonorte","tag-consorcio","tag-consorcio-intermunicipal-de-saude-da-microrregao-norte-do-rio-doce","tag-consorcio-publico-da-regiao-noroeste","tag-contratos","tag-locacao-de-veiculos","tag-prefeitura-de-sao-gabriel-da-palha","tag-pregao-eletronico"],"acf":[],"_links":{"self":[{"href":"https:\/\/sgpsolucoes.com.br\/site\/wp-json\/wp\/v2\/posts\/15777"}],"collection":[{"href":"https:\/\/sgpsolucoes.com.br\/site\/wp-json\/wp\/v2\/posts"}],"about":[{"href":"https:\/\/sgpsolucoes.com.br\/site\/wp-json\/wp\/v2\/types\/post"}],"author":[{"embeddable":true,"href":"https:\/\/sgpsolucoes.com.br\/site\/wp-json\/wp\/v2\/users\/5"}],"replies":[{"embeddable":true,"href":"https:\/\/sgpsolucoes.com.br\/site\/wp-json\/wp\/v2\/comments?post=15777"}],"version-history":[{"count":0,"href":"https:\/\/sgpsolucoes.com.br\/site\/wp-json\/wp\/v2\/posts\/15777\/revisions"}],"wp:attachment":[{"href":"https:\/\/sgpsolucoes.com.br\/site\/wp-json\/wp\/v2\/media?parent=15777"}],"wp:term":[{"taxonomy":"category","embeddable":true,"href":"https:\/\/sgpsolucoes.com.br\/site\/wp-json\/wp\/v2\/categories?post=15777"},{"taxonomy":"post_tag","embeddable":true,"href":"https:\/\/sgpsolucoes.com.br\/site\/wp-json\/wp\/v2\/tags?post=15777"}],"curies":[{"name":"wp","href":"https:\/\/api.w.org\/{rel}","templated":true}]}}