{"id":15787,"date":"2025-11-17T17:28:08","date_gmt":"2025-11-17T20:28:08","guid":{"rendered":"https:\/\/sgpsolucoes.com.br\/site\/?p=15787"},"modified":"2025-11-17T17:28:09","modified_gmt":"2025-11-17T20:28:09","slug":"lei-no-15-263-de-14-11-2025-que-institui-a-politica-nacional-de-linguagem-simples-nos-orgaos-e-entidades-da-administracao-publica-direta-e-indireta-de-todos-os-poderes-da-uniao-dos-estados","status":"publish","type":"post","link":"https:\/\/sgpsolucoes.com.br\/site\/lei-no-15-263-de-14-11-2025-que-institui-a-politica-nacional-de-linguagem-simples-nos-orgaos-e-entidades-da-administracao-publica-direta-e-indireta-de-todos-os-poderes-da-uniao-dos-estados\/","title":{"rendered":"LEI N\u00ba 15.263, DE 14\/11\/2025, que \u201cinstitui a Pol\u00edtica Nacional de Linguagem Simples nos \u00f3rg\u00e3os e entidades da administra\u00e7\u00e3o p\u00fablica direta e indireta de todos os Poderes da Uni\u00e3o, dos Estados, do Distrito Federal e dos Munic\u00edpios\u201d."},"content":{"rendered":"<p><strong>Aten\u00e7\u00e3o para a Lei n\u00ba 15.263, de 14 de novembro de 2025, que \u201cinstitui a Pol\u00edtica Nacional de Linguagem Simples nos \u00f3rg\u00e3os e entidades da administra\u00e7\u00e3o p\u00fablica direta e indireta de todos os Poderes da Uni\u00e3o, dos Estados, do Distrito Federal e dos Munic\u00edpios\u201d.<\/strong><\/p><p><em>Confira a \u00edntegra a seguir:<\/em><\/p><p><strong>\u201cO&nbsp;PRESIDENTE DA&nbsp;REP\u00daBLICA<\/strong>&nbsp;Fa\u00e7o saber que o Congresso Nacional decreta e eu sanciono a seguinte Lei:<\/p><p>&nbsp;<a><\/a>Art. 1\u00ba Esta Lei institui a Pol\u00edtica Nacional de Linguagem Simples, com os objetivos, os princ\u00edpios e os procedimentos a serem observados pelos \u00f3rg\u00e3os e entidades da administra\u00e7\u00e3o p\u00fablica direta e indireta de todos os Poderes da Uni\u00e3o, dos Estados, do Distrito Federal e dos Munic\u00edpios, em sua comunica\u00e7\u00e3o com a popula\u00e7\u00e3o.<\/p><p><a><\/a>Art. 2\u00ba Fica institu\u00edda a Pol\u00edtica Nacional de Linguagem Simples, a ser observada pelos \u00f3rg\u00e3os e entidades da administra\u00e7\u00e3o p\u00fablica direta e indireta, com os seguintes objetivos:<\/p><p>I &#8211; garantir o uso pela administra\u00e7\u00e3o p\u00fablica da linguagem simples, definida no art. 4\u00ba desta Lei, em sua comunica\u00e7\u00e3o com o cidad\u00e3o;<\/p><p>II &#8211; possibilitar que os cidad\u00e3os consigam encontrar, entender e usar as informa\u00e7\u00f5es publicadas pelos \u00f3rg\u00e3os e entidades da administra\u00e7\u00e3o p\u00fablica;<\/p><p>III &#8211; reduzir a necessidade de intermedi\u00e1rios na comunica\u00e7\u00e3o entre o poder p\u00fablico e o cidad\u00e3o;<\/p><p>IV &#8211; reduzir os custos administrativos e o tempo gasto com atividades de atendimento ao cidad\u00e3o;<\/p><p>V &#8211; promover a transpar\u00eancia ativa e o acesso \u00e0 informa\u00e7\u00e3o p\u00fablica de forma clara;<\/p><p>VI &#8211; facilitar a participa\u00e7\u00e3o popular e o controle social da gest\u00e3o p\u00fablica;<\/p><p>VII \u2013 facilitar a compreens\u00e3o da comunica\u00e7\u00e3o p\u00fablica pelas pessoas com defici\u00eancia<strong>.<\/strong><\/p><p><a><\/a>Art. 3\u00ba S\u00e3o princ\u00edpios da Pol\u00edtica Nacional de Linguagem Simples:<\/p><p>I &#8211; foco no cidad\u00e3o;<\/p><p>II &#8211; transpar\u00eancia;<\/p><p>III &#8211; facilita\u00e7\u00e3o do acesso dos cidad\u00e3os aos servi\u00e7os p\u00fablicos;<\/p><p>IV &#8211; facilita\u00e7\u00e3o da participa\u00e7\u00e3o popular e do controle social pelo cidad\u00e3o;<\/p><p>V &#8211; facilita\u00e7\u00e3o da comunica\u00e7\u00e3o entre o poder p\u00fablico e o cidad\u00e3o;<\/p><p>VI &#8211; facilita\u00e7\u00e3o do exerc\u00edcio do direito dos cidad\u00e3os<strong>.<\/strong><\/p><p><a><\/a>Art. 4\u00ba Para fins desta Lei, considera-se linguagem simples o conjunto de t\u00e9cnicas destinadas \u00e0 transmiss\u00e3o clara e objetiva de informa\u00e7\u00f5es, de modo que as palavras, a estrutura e o leiaute da mensagem permitam ao cidad\u00e3o facilmente encontrar a informa\u00e7\u00e3o, compreend\u00ea-la e us\u00e1-la.<\/p><p><a><\/a>Art. 5\u00ba A administra\u00e7\u00e3o p\u00fablica obedecer\u00e1 \u00e0s t\u00e9cnicas de linguagem simples na reda\u00e7\u00e3o de textos dirigidos ao cidad\u00e3o, tais como:<\/p><p>I &#8211; redigir frases em ordem direta;<\/p><p>II &#8211; redigir frases curtas;<\/p><p>III &#8211; desenvolver uma ideia por par\u00e1grafo;<\/p><p>IV &#8211; usar palavras comuns, de f\u00e1cil compreens\u00e3o;<\/p><p>V &#8211; usar sin\u00f4nimos de termos t\u00e9cnicos e de jarg\u00f5es ou explic\u00e1-los no pr\u00f3prio texto;<\/p><p>VI &#8211; evitar palavras estrangeiras que n\u00e3o sejam de uso corrente;<\/p><p>VII \u2013 n\u00e3o usar termos pejorativos;<\/p><p>VIII &#8211; redigir o nome completo antes das siglas;<\/p><p>IX \u2013 organizar o texto de forma esquem\u00e1tica, quando couber, com o uso de listas, tabelas e recursos gr\u00e1ficos;<\/p><p>X &#8211; organizar o texto a fim de que as informa\u00e7\u00f5es mais importantes apare\u00e7am primeiramente;<\/p><p>XI \u2013 n\u00e3o usar novas formas de flex\u00e3o de g\u00eanero e de n\u00famero das palavras da l\u00edngua portuguesa, em contrariedade \u00e0s regras gramaticais consolidadas, ao Vocabul\u00e1rio Ortogr\u00e1fico da L\u00edngua Portuguesa (Volp) e ao Acordo Ortogr\u00e1fico da L\u00edngua Portuguesa, promulgado pelo&nbsp;<a href=\"https:\/\/www.planalto.gov.br\/ccivil_03\/_Ato2007-2010\/2008\/Decreto\/D6583.htm\">Decreto n\u00ba 6.583, de 29 de setembro de 2008<\/a>.<\/p><p>XII \u2013 redigir frases preferencialmente na voz ativa;<\/p><p>XIII \u2013 evitar frases intercaladas;<\/p><p>XIV \u2013 evitar o uso de substantivos no lugar de verbos;<\/p><p>XV \u2013 evitar redund\u00e2ncias e palavras desnecess\u00e1rias;<\/p><p>XVI \u2013 evitar palavras imprecisas;<\/p><p>XVII \u2013 usar linguagem acess\u00edvel \u00e0 pessoa com defici\u00eancia, observados os requisitos de acessibilidade previstos na&nbsp;<a href=\"https:\/\/www.planalto.gov.br\/ccivil_03\/_Ato2015-2018\/2015\/Lei\/L13146.htm\">Lei n\u00ba 13.146, de 6 de julho de 2015<\/a>&nbsp;(Estatuto da Pessoa com Defici\u00eancia);<\/p><p>XVIII \u2013 testar com o p\u00fablico-alvo se a mensagem est\u00e1 compreens\u00edvel.<\/p><p><a><\/a>Art. 6\u00ba Nos casos em que a comunica\u00e7\u00e3o oficial se destinar a comunidades ind\u00edgenas, al\u00e9m da vers\u00e3o do texto em l\u00edngua portuguesa, dever\u00e1 ser publicada, sempre que poss\u00edvel, vers\u00e3o na l\u00edngua dos destinat\u00e1rios.<\/p><p><a><\/a>Art. 7\u00ba (VETADO).<\/p><p><a><\/a>Art. 8\u00ba Caber\u00e1 aos Poderes de cada ente federativo definir diretrizes complementares e formas de operacionaliza\u00e7\u00e3o para o devido cumprimento desta Lei.<\/p><p><a><\/a>Art. 9\u00ba Esta Lei entra em vigor na data de sua publica\u00e7\u00e3o.&nbsp;<\/p><p>Bel\u00e9m, 14 de novembro de 2025; 204\u00ba da Independ\u00eancia e 137\u00ba da Rep\u00fablica.<\/p><p>LUIZ IN\u00c1CIO LULA DA SILVA<br><em>Esther Dweck<br><\/em><em>Enrique Ricardo Lewandowski<br><\/em><em>Jorge Rodrigo Ara\u00fajo Messias<\/em><\/p><p><em>* Este texto n\u00e3o substitui o publicado no DOU de&nbsp;17.11.2025<\/em><\/p><p><strong>Fonte: www.planalto.gov.br<\/strong><\/p>\n    <div class=\"xs_social_share_widget xs_share_url after_content \t\tmain_content  wslu-style-1 wslu-share-box-shaped wslu-fill-colored wslu-none wslu-share-horizontal wslu-theme-font-no wslu-main_content\">\n\n\t\t\n        <ul>\n\t\t\t        <\/ul>\n    <\/div> \n","protected":false},"excerpt":{"rendered":"<p>Lei n\u00ba 15.263, de 14 de novembro de 2025, que \u201cinstitui a Pol\u00edtica Nacional de Linguagem Simples nos \u00f3rg\u00e3os e entidades da administra\u00e7\u00e3o p\u00fablica direta e indireta de todos os Poderes da Uni\u00e3o, dos Estados, do Distrito Federal e dos Munic\u00edpios\u201d.<\/p>\n","protected":false},"author":5,"featured_media":0,"comment_status":"open","ping_status":"open","sticky":false,"template":"","format":"standard","meta":{"postBodyCss":"","postBodyMargin":[],"postBodyPadding":[],"postBodyBackground":{"backgroundType":"classic","gradient":""},"_price":"","_stock":"","_tribe_ticket_header":"","_tribe_default_ticket_provider":"","_tribe_ticket_capacity":"0","_ticket_start_date":"","_ticket_end_date":"","_tribe_ticket_show_description":"","_tribe_ticket_show_not_going":false,"_tribe_ticket_use_global_stock":"","_tribe_ticket_global_stock_level":"","_global_stock_mode":"","_global_stock_cap":"","_tribe_rsvp_for_event":"","_tribe_ticket_going_count":"","_tribe_ticket_not_going_count":"","_tribe_tickets_list":"[]","_tribe_ticket_has_attendee_info_fields":false,"footnotes":""},"categories":[46],"tags":[16944,378,4428,129,1048,1631,1044,16945,399,3004,16943,1627],"class_list":["post-15787","post","type-post","status-publish","format-standard","hentry","category-noticias","tag-14-11-2025","tag-administracao-direta","tag-administracao-indireta-2","tag-administracao-publica","tag-distrito-federal","tag-entidades","tag-estados","tag-lei-no-15-263","tag-municipios","tag-orgaos-2","tag-politica-nacional-de-linguagem-simples","tag-uniao"],"acf":[],"_links":{"self":[{"href":"https:\/\/sgpsolucoes.com.br\/site\/wp-json\/wp\/v2\/posts\/15787"}],"collection":[{"href":"https:\/\/sgpsolucoes.com.br\/site\/wp-json\/wp\/v2\/posts"}],"about":[{"href":"https:\/\/sgpsolucoes.com.br\/site\/wp-json\/wp\/v2\/types\/post"}],"author":[{"embeddable":true,"href":"https:\/\/sgpsolucoes.com.br\/site\/wp-json\/wp\/v2\/users\/5"}],"replies":[{"embeddable":true,"href":"https:\/\/sgpsolucoes.com.br\/site\/wp-json\/wp\/v2\/comments?post=15787"}],"version-history":[{"count":0,"href":"https:\/\/sgpsolucoes.com.br\/site\/wp-json\/wp\/v2\/posts\/15787\/revisions"}],"wp:attachment":[{"href":"https:\/\/sgpsolucoes.com.br\/site\/wp-json\/wp\/v2\/media?parent=15787"}],"wp:term":[{"taxonomy":"category","embeddable":true,"href":"https:\/\/sgpsolucoes.com.br\/site\/wp-json\/wp\/v2\/categories?post=15787"},{"taxonomy":"post_tag","embeddable":true,"href":"https:\/\/sgpsolucoes.com.br\/site\/wp-json\/wp\/v2\/tags?post=15787"}],"curies":[{"name":"wp","href":"https:\/\/api.w.org\/{rel}","templated":true}]}}