{"id":15869,"date":"2025-11-24T16:50:08","date_gmt":"2025-11-24T19:50:08","guid":{"rendered":"https:\/\/sgpsolucoes.com.br\/site\/?p=15869"},"modified":"2025-11-24T16:50:10","modified_gmt":"2025-11-24T19:50:10","slug":"vereadores-de-correntina-sao-punidos-pelo-tcmba-em-face-de-irregularidades-a-exemplo-de-criacao-ilegal-de-cargos-comissionados-pratica-de-nepotismo-e-nomeacao-de-servidores-sem-qualificacao-tecnica","status":"publish","type":"post","link":"https:\/\/sgpsolucoes.com.br\/site\/vereadores-de-correntina-sao-punidos-pelo-tcmba-em-face-de-irregularidades-a-exemplo-de-criacao-ilegal-de-cargos-comissionados-pratica-de-nepotismo-e-nomeacao-de-servidores-sem-qualificacao-tecnica\/","title":{"rendered":"Vereadores de Correntina s\u00e3o punidos pelo TCMBA, em face de irregularidades, a exemplo de cria\u00e7\u00e3o ilegal de cargos comissionados, pr\u00e1tica de nepotismo e nomea\u00e7\u00e3o de servidores sem qualifica\u00e7\u00e3o t\u00e9cnica"},"content":{"rendered":"<p>Os conselheiros do Tribunal de Contas dos Munic\u00edpios da Bahia, que comp\u00f5em a 1\u00aa C\u00e2mara de julgamentos do \u00f3rg\u00e3o, acataram den\u00fancia apresentada contra o presidente e tamb\u00e9m o ex-presidente da C\u00e2mara de Correntina, Jenivaldo Pereira dos Santos e Nelson da Concei\u00e7\u00e3o Santos, respectivamente. O processo aponta uma s\u00e9rie de irregularidades, entre elas a cria\u00e7\u00e3o ilegal de cargos comissionados, pr\u00e1tica de nepotismo e nomea\u00e7\u00e3o de servidores sem qualifica\u00e7\u00e3o t\u00e9cnica.<\/p><p>O conselheiro substituto Ant\u00f4nio Carlos da Silva, relator da mat\u00e9ria, determinou a formula\u00e7\u00e3o de representa\u00e7\u00e3o ao Minist\u00e9rio P\u00fablico Estadual para que seja apurada a pr\u00e1tica de ato de improbidade administrativa. Foi aplicada ainda multa de R$1 mil para cada gestor.<\/p><p>Em rela\u00e7\u00e3o ao ex-presidente Nelson da Concei\u00e7\u00e3o Santos, a relatoria considerou procedente o item relacionado \u00e0 desproporcionalidade e irrazoabilidade na nomea\u00e7\u00e3o de ocupantes de cargos em comiss\u00e3o em compara\u00e7\u00e3o ao n\u00famero de servidores efetivos. A Casa Legislativa de Correntina contava \u2013 em 2022 \u2013 com 105 servidores, sendo 44 efetivos e 61 comissionados. J\u00e1 no exerc\u00edcio seguinte, foram criados mais quinze cargos, passando a existir um total de 120 servidores, sendo 44 de cargos efetivos e 76 comissionados, o que elevou o percentual de cargos comissionados de 58,09% para 72,38% do quadro total.<\/p><p>Segundo o relator, os auditores do TCM tamb\u00e9m constataram o exerc\u00edcio por servidores de cargo comissionado de fun\u00e7\u00f5es que devem prioritariamente ser exercidas por servidores efetivos, a exemplo dos cargos de procurador e assistente de procuradoria, cuja natureza t\u00e9cnica e permanente n\u00e3o se coaduna com as fun\u00e7\u00f5es de dire\u00e7\u00e3o, chefia e assessoramento previstas constitucionalmente para os cargos em comiss\u00e3o.<\/p><p>Sobre o atual presidente da C\u00e2mara, Jenivaldo Pereira dos Santos, o conselheiro Ant\u00f4nio Carlos considerou irregular a contrata\u00e7\u00e3o \u2013 por inexigibilidade de licita\u00e7\u00e3o \u2013 da irm\u00e3 do vereador Jean Carlos Pereira dos Santos para a presta\u00e7\u00e3o de servi\u00e7os de Assessoria e Consultoria Jur\u00eddica, vez que estabelece conflito de interesses e fere princ\u00edpios relevantes de direito administrativo, como impessoalidade e moralidade.<\/p><p>Tamb\u00e9m ficou comprovada a irregularidade quanto \u00e0 nomea\u00e7\u00e3o dos servidores Vanderlei Sales dos Santos, Joscimar Silva Fran\u00e7a e Lohane Almeida do Nascimento para os cargos de Assistente T\u00e9cnico Cont\u00e1bil (dois cargos) e Tesoureira, respectivamente, vez que n\u00e3o foi comprovada a qualifica\u00e7\u00e3o t\u00e9cnica dos mesmos para as fun\u00e7\u00f5es.<\/p><p>Cabe recurso da decis\u00e3o.<\/p><p><strong>Fonte: TCMBA<\/strong><\/p>\n    <div class=\"xs_social_share_widget xs_share_url after_content \t\tmain_content  wslu-style-1 wslu-share-box-shaped wslu-fill-colored wslu-none wslu-share-horizontal wslu-theme-font-no wslu-main_content\">\n\n\t\t\n        <ul>\n\t\t\t        <\/ul>\n    <\/div> \n","protected":false},"excerpt":{"rendered":"<p>Os conselheiros do Tribunal de Contas dos Munic\u00edpios da Bahia, que comp\u00f5em a 1\u00aa C\u00e2mara de julgamentos do \u00f3rg\u00e3o, acataram den\u00fancia apresentada contra o presidente e tamb\u00e9m o ex-presidente da C\u00e2mara de Correntina, Jenivaldo Pereira dos Santos e Nelson da Concei\u00e7\u00e3o Santos, respectivamente. O processo aponta uma s\u00e9rie de irregularidades, entre elas a cria\u00e7\u00e3o ilegal de cargos comissionados, pr\u00e1tica de nepotismo e nomea\u00e7\u00e3o de servidores sem qualifica\u00e7\u00e3o t\u00e9cnica.<\/p>\n","protected":false},"author":5,"featured_media":0,"comment_status":"open","ping_status":"open","sticky":false,"template":"","format":"standard","meta":{"postBodyCss":"","postBodyMargin":[],"postBodyPadding":[],"postBodyBackground":{"backgroundType":"classic","gradient":""},"_price":"","_stock":"","_tribe_ticket_header":"","_tribe_default_ticket_provider":"","_tribe_ticket_capacity":"0","_ticket_start_date":"","_ticket_end_date":"","_tribe_ticket_show_description":"","_tribe_ticket_show_not_going":false,"_tribe_ticket_use_global_stock":"","_tribe_ticket_global_stock_level":"","_global_stock_mode":"","_global_stock_cap":"","_tribe_rsvp_for_event":"","_tribe_ticket_going_count":"","_tribe_ticket_not_going_count":"","_tribe_tickets_list":"[]","_tribe_ticket_has_attendee_info_fields":false,"footnotes":""},"categories":[46],"tags":[7610,17081,2574,4614,17079,17084,726,1581,489,17082,17080,2322,17083,5632,4570,487,6567],"class_list":["post-15869","post","type-post","status-publish","format-standard","hentry","category-noticias","tag-1a-camara","tag-camara-de-correntina","tag-cargos-comissionados","tag-conselheiros","tag-correntina-ba","tag-criacao-ilegal-de-cargos-comissionados","tag-denuncia","tag-ex-presidente","tag-irregularidades","tag-jenivaldo-pereira-dos-santos","tag-nelson-da-conceicao-santos","tag-nepotismo","tag-nomeacao-de-servidores-sem-qualificacao-tecnica","tag-presidente","tag-tcmba","tag-tribunal-de-contas-dos-municipios-da-bahia","tag-vereadores"],"acf":[],"_links":{"self":[{"href":"https:\/\/sgpsolucoes.com.br\/site\/wp-json\/wp\/v2\/posts\/15869"}],"collection":[{"href":"https:\/\/sgpsolucoes.com.br\/site\/wp-json\/wp\/v2\/posts"}],"about":[{"href":"https:\/\/sgpsolucoes.com.br\/site\/wp-json\/wp\/v2\/types\/post"}],"author":[{"embeddable":true,"href":"https:\/\/sgpsolucoes.com.br\/site\/wp-json\/wp\/v2\/users\/5"}],"replies":[{"embeddable":true,"href":"https:\/\/sgpsolucoes.com.br\/site\/wp-json\/wp\/v2\/comments?post=15869"}],"version-history":[{"count":0,"href":"https:\/\/sgpsolucoes.com.br\/site\/wp-json\/wp\/v2\/posts\/15869\/revisions"}],"wp:attachment":[{"href":"https:\/\/sgpsolucoes.com.br\/site\/wp-json\/wp\/v2\/media?parent=15869"}],"wp:term":[{"taxonomy":"category","embeddable":true,"href":"https:\/\/sgpsolucoes.com.br\/site\/wp-json\/wp\/v2\/categories?post=15869"},{"taxonomy":"post_tag","embeddable":true,"href":"https:\/\/sgpsolucoes.com.br\/site\/wp-json\/wp\/v2\/tags?post=15869"}],"curies":[{"name":"wp","href":"https:\/\/api.w.org\/{rel}","templated":true}]}}