{"id":15872,"date":"2025-11-24T16:55:40","date_gmt":"2025-11-24T19:55:40","guid":{"rendered":"https:\/\/sgpsolucoes.com.br\/site\/?p=15872"},"modified":"2025-11-24T16:55:41","modified_gmt":"2025-11-24T19:55:41","slug":"tcmba-proibe-prefeito-de-seabra-de-usar-cores-do-seu-partido-em-publicacoes-institucionais","status":"publish","type":"post","link":"https:\/\/sgpsolucoes.com.br\/site\/tcmba-proibe-prefeito-de-seabra-de-usar-cores-do-seu-partido-em-publicacoes-institucionais\/","title":{"rendered":"TCMBA pro\u00edbe prefeito de Seabra de usar cores do seu partido em publica\u00e7\u00f5es institucionais"},"content":{"rendered":"<p>Na sess\u00e3o desta \u00faltima quarta-feira (19\/11\/2025), os conselheiros que comp\u00f5em a 1\u00aa C\u00e2mara julgadora do Tribunal de Contas dos Munic\u00edpios da Bahia deferiram o pedido de medida cautelar, determinando que o prefeito de Seabra, Joaquim In\u00e1cio de Souza Neto, se abstenha de utilizar as cores do partido ao qual \u00e9 filiado em publica\u00e7\u00f5es institucionais de redes sociais, ve\u00edculos e eventos municipais. Os conselheiros v\u00e3o ainda analisar, no processo, o m\u00e9rito da den\u00fancia, e poder\u00e3o punir o gestor pela grave irregularidade.<\/p><p>O conselheiro Nelson Pellegrino, relator do processo, ao analisar a mat\u00e9ria constatou, de fato, a utiliza\u00e7\u00e3o pela administra\u00e7\u00e3o p\u00fablica municipal e, consequentemente, pelo prefeito de Seabra, das cores vermelha, amarela e branca, que representam o partido ao qual o gestor \u00e9 filiado, Partido Comunista do Brasil (PCdoB), e que foram amplamente difundidas durante a campanha eleitoral realizada durante o exerc\u00edcio de 2024.<\/p><p>Foram identificadas a utiliza\u00e7\u00e3o das cores na plotagem de ambul\u00e2ncia da Secretaria Municipal de Sa\u00fade; em camisas oficiais do evento \u201cCaminhada e Bicicletada\u201d, destinado \u00e0 celebra\u00e7\u00e3o de 100 dias da gest\u00e3o municipal; na placa referente ao evento \u201cTa\u00e7a 14 de Maio\u201d; e em publica\u00e7\u00f5es institucionais, anunciando festejos municipais, eventos para a popula\u00e7\u00e3o, notas informativas, dentre outras postagens.<\/p><p>Para a relatoria, ainda que o bras\u00e3o do munic\u00edpio possua as cores vermelha e amarela, outras cores s\u00e3o predominante na imagem (azul e verde), n\u00e3o sendo poss\u00edvel falar em mero espelhamento das tonalidades presentes no pr\u00f3prio s\u00edmbolo municipal, mas em um movimento da atual gest\u00e3o administrativa municipal para vincular a realiza\u00e7\u00e3o de eventos e melhorias efetuadas pelo atual prefeito ao partido pol\u00edtico em quest\u00e3o.<\/p><p>Cabe recurso da decis\u00e3o.<\/p><p><strong>Fonte: TCMBA<\/strong><\/p>\n    <div class=\"xs_social_share_widget xs_share_url after_content \t\tmain_content  wslu-style-1 wslu-share-box-shaped wslu-fill-colored wslu-none wslu-share-horizontal wslu-theme-font-no wslu-main_content\">\n\n\t\t\n        <ul>\n\t\t\t        <\/ul>\n    <\/div> \n","protected":false},"excerpt":{"rendered":"<p>Na sess\u00e3o desta \u00faltima quarta-feira (19\/11\/2025), os conselheiros que comp\u00f5em a 1\u00aa C\u00e2mara julgadora do Tribunal de Contas dos Munic\u00edpios da Bahia deferiram o pedido de medida cautelar, determinando que o prefeito de Seabra, Joaquim In\u00e1cio de Souza Neto, se abstenha de utilizar as cores do partido ao qual \u00e9 filiado em publica\u00e7\u00f5es institucionais de redes sociais, ve\u00edculos e eventos municipais. Os conselheiros v\u00e3o ainda analisar, no processo, o m\u00e9rito da den\u00fancia, e poder\u00e3o punir o gestor pela grave irregularidade.<\/p>\n","protected":false},"author":5,"featured_media":0,"comment_status":"open","ping_status":"open","sticky":false,"template":"","format":"standard","meta":{"postBodyCss":"","postBodyMargin":[],"postBodyPadding":[],"postBodyBackground":{"backgroundType":"classic","gradient":""},"_price":"","_stock":"","_tribe_ticket_header":"","_tribe_default_ticket_provider":"","_tribe_ticket_capacity":"0","_ticket_start_date":"","_ticket_end_date":"","_tribe_ticket_show_description":"","_tribe_ticket_show_not_going":false,"_tribe_ticket_use_global_stock":"","_tribe_ticket_global_stock_level":"","_global_stock_mode":"","_global_stock_cap":"","_tribe_rsvp_for_event":"","_tribe_ticket_going_count":"","_tribe_ticket_not_going_count":"","_tribe_tickets_list":"[]","_tribe_ticket_has_attendee_info_fields":false,"footnotes":""},"categories":[46],"tags":[7610,6411,17086,726,17091,454,17090,17092,1394,14349,14343,1764,17088,17087,17085,7539,17089,4570,487,1448],"class_list":["post-15872","post","type-post","status-publish","format-standard","hentry","category-noticias","tag-1a-camara","tag-campanha-eleitoral","tag-cores-do-partido","tag-denuncia","tag-eventos-municipais","tag-gestor","tag-grave-irregularidade","tag-joaquim-inacio-de-souza-neto","tag-medida-cautelar","tag-partido-comunista-do-brasil","tag-pcdob","tag-prefeito","tag-prefeito-de-seabra","tag-proibe-2","tag-publicacoes-institucionais","tag-redes-sociais","tag-seabra-ba","tag-tcmba","tag-tribunal-de-contas-dos-municipios-da-bahia","tag-veiculos"],"acf":[],"_links":{"self":[{"href":"https:\/\/sgpsolucoes.com.br\/site\/wp-json\/wp\/v2\/posts\/15872"}],"collection":[{"href":"https:\/\/sgpsolucoes.com.br\/site\/wp-json\/wp\/v2\/posts"}],"about":[{"href":"https:\/\/sgpsolucoes.com.br\/site\/wp-json\/wp\/v2\/types\/post"}],"author":[{"embeddable":true,"href":"https:\/\/sgpsolucoes.com.br\/site\/wp-json\/wp\/v2\/users\/5"}],"replies":[{"embeddable":true,"href":"https:\/\/sgpsolucoes.com.br\/site\/wp-json\/wp\/v2\/comments?post=15872"}],"version-history":[{"count":0,"href":"https:\/\/sgpsolucoes.com.br\/site\/wp-json\/wp\/v2\/posts\/15872\/revisions"}],"wp:attachment":[{"href":"https:\/\/sgpsolucoes.com.br\/site\/wp-json\/wp\/v2\/media?parent=15872"}],"wp:term":[{"taxonomy":"category","embeddable":true,"href":"https:\/\/sgpsolucoes.com.br\/site\/wp-json\/wp\/v2\/categories?post=15872"},{"taxonomy":"post_tag","embeddable":true,"href":"https:\/\/sgpsolucoes.com.br\/site\/wp-json\/wp\/v2\/tags?post=15872"}],"curies":[{"name":"wp","href":"https:\/\/api.w.org\/{rel}","templated":true}]}}