{"id":15893,"date":"2025-11-25T13:27:57","date_gmt":"2025-11-25T16:27:57","guid":{"rendered":"https:\/\/sgpsolucoes.com.br\/site\/?p=15893"},"modified":"2025-11-25T13:27:58","modified_gmt":"2025-11-25T16:27:58","slug":"stf-valida-normas-sobre-previdencia-complementar-dos-servidores-publicos-federais","status":"publish","type":"post","link":"https:\/\/sgpsolucoes.com.br\/site\/stf-valida-normas-sobre-previdencia-complementar-dos-servidores-publicos-federais\/","title":{"rendered":"STF valida normas sobre previd\u00eancia complementar dos servidores p\u00fablicos federais\u00a0"},"content":{"rendered":"<p class=\"has-text-align-center\"><em>Foto: EBC<\/em><\/p><p><em>Plen\u00e1rio julgado improcedentes pedidos de declara\u00e7\u00e3o de inconstitucionalidade por associa\u00e7\u00f5es de magistrados e servidores\u00a0<\/em><\/p><p>O Supremo Tribunal Federal (STF) foram consideradas constitucionais as normas que institu\u00edram o regime de previd\u00eancia complementar dos servidores p\u00fablicos federais. Em julgamento conjunto de quatro a\u00e7\u00f5es diretas de inconstitucionalidade (ADI), o colegiado apresentou, por unanimidade, as alega\u00e7\u00f5es trazidas por associa\u00e7\u00f5es de magistrados e servidores, que apontaram votos em emendas constitucionais e na legisla\u00e7\u00e3o sobre o tema.&nbsp;<\/p><p>Em seu voto, o relator, ministro Andr\u00e9 Mendon\u00e7a, reconstituiu o hist\u00f3rico das normas, que fazem parte de um processo legislativo iniciado com uma altera\u00e7\u00e3o na Constitui\u00e7\u00e3o feita em 2003 e culminou com a cria\u00e7\u00e3o das entidades de previd\u00eancia complementares institu\u00eddas pela Lei 12.618\/2012. O julgamento sobre o tema foi conclu\u00eddo na sess\u00e3o plen\u00e1ria virtual encerrada em 11\/10.&nbsp;<\/p><p>A&nbsp;<a href=\"https:\/\/portal.stf.jus.br\/processos\/detalhe.asp?incidente=4312053\" target=\"_blank\" rel=\"noreferrer noopener\"><strong>ADI 4863<\/strong><\/a>&nbsp;foi auxiliada pela Federa\u00e7\u00e3o Nacional das Associa\u00e7\u00f5es de Oficiais de Justi\u00e7a Avaliadores Federais (FENASSOJAF) e pela Associa\u00e7\u00e3o Nacional dos Agentes de Seguran\u00e7a do Poder Judici\u00e1rio Federal (Agepoljus). A&nbsp;<a href=\"https:\/\/portal.stf.jus.br\/processos\/detalhe.asp?incidente=4338884\" target=\"_blank\" rel=\"noreferrer noopener\"><strong>ADI 4885<\/strong><\/a>&nbsp;\u00e9 de autoria da Associa\u00e7\u00e3o dos Magistrados Brasileiros (AMB) e da Associa\u00e7\u00e3o Nacional dos Magistrados da Justi\u00e7a do Trabalho (Anamatra). A&nbsp;<a href=\"https:\/\/portal.stf.jus.br\/processos\/detalhe.asp?incidente=4350552\" target=\"_blank\" rel=\"noreferrer noopener\"><strong>ADI 4893<\/strong><\/a>&nbsp;foi proposta pela Associa\u00e7\u00e3o dos Servidores do Minist\u00e9rio P\u00fablico Federal (ASMPF), e a&nbsp;<a href=\"https:\/\/portal.stf.jus.br\/processos\/detalhe.asp?incidente=4399419\" target=\"_blank\" rel=\"noreferrer noopener\"><strong>ADI 4946<\/strong><\/a>&nbsp;, pela Associa\u00e7\u00e3o dos Ju\u00edzes Federais do Brasil (Ajufe).&nbsp;<\/p><h5 class=\"wp-block-heading\"><strong>Reforma da Previd\u00eancia<\/strong><strong>&nbsp;<\/strong><\/h5><p>Um dos questionamentos da ADI 4885 refere-se ao dispositivo da Emenda Constitucional (CE) 41\/2003, que prev\u00ea uma institui\u00e7\u00e3o de regime de previd\u00eancia complementar aos servidores p\u00fablicos. Para as entidades, a regra deveria ser anulada, pois \u201cfoi resultado de um processo legislativo fraudulento, decorrente das condutas apuradas pelo STF na A\u00e7\u00e3o Penal (AP) 470 [Mensal\u00e3o]\u201d. Sobre esse ponto, o voto do ministro Andr\u00e9 Mendon\u00e7a reafirmou o entendimento da Corte de que o n\u00famero de \u201cvotos comprados\u201d n\u00e3o \u00e9 suficiente para comprometer a aprova\u00e7\u00e3o da emenda, pois, mesmo descontados os votos dos sete parlamentares condenados na AP 470, o qu\u00f3rum de tr\u00eas quintos necess\u00e1rios \u00e0 aprova\u00e7\u00e3o foi respeitado.&nbsp;<\/p><h5 class=\"wp-block-heading\"><strong>Lei complementar<\/strong><strong>&nbsp;<\/strong><\/h5><p>Ponto central das quatro a\u00e7\u00f5es foi a Lei 12.618\/2012, que criou o regime de previd\u00eancia complementar dos servidores federais. As alega\u00e7\u00f5es afirmavam que a mat\u00e9ria deveria ter sido regulamentada por lei complementar, e n\u00e3o por lei ordin\u00e1ria, e que o modelo de personalidade jur\u00eddica de direito privado conferiu \u00e0s entidades de previd\u00eancia complementar violaria o texto constitucional. As associa\u00e7\u00f5es de magistrados, por sua vez, alegaram ainda que a categoria n\u00e3o poderia se submeter ao regime, pois a aprova\u00e7\u00e3o dependia de lei de iniciativa reservada ao STF.&nbsp;<\/p><p>Mendon\u00e7a explicou que a exig\u00eancia de lei complementar para regulamenta\u00e7\u00e3o da mat\u00e9ria \u2013 prevista na EC\/1998 \u2013 foi extinta com a EC 41\/2003, quando a regula\u00e7\u00e3o do tema passou a exig\u00eancia maioria simples, bastando uma lei ordin\u00e1ria de iniciativa do Poder Executivo para tratar a quest\u00e3o.&nbsp;<\/p><p>Sobre a natureza das entidades de previd\u00eancia, o relator considerando que a op\u00e7\u00e3o pol\u00edtico-administrativa de dotar as funda\u00e7\u00f5es p\u00fablicas institu\u00eddas pela Lei 12.618\/2012 de personalidade jur\u00eddica de direito privado \u00e9 \u201cal\u00e9m de leg\u00edtimo, plenamente compat\u00edvel com o texto constitucional\u201d.&nbsp;<\/p><h5 class=\"wp-block-heading\"><strong>Magistratura<\/strong><strong>&nbsp;<\/strong><\/h5><p>Por fim, o relator citado anteriormente do STF n\u00e3o faz sentido de que o regime previdenci\u00e1rio dos servidores p\u00fablicos previsto no artigo 40 da Constitui\u00e7\u00e3o \u00e9 \u00fanico e aplica-se a todos os agentes p\u00fablicos, e que o pr\u00f3prio texto constitucional (artigo 93, inciso VI) prev\u00ea que a aposentadoria dos magistrados e a pens\u00e3o de seus dependentes devem observar o disposto no artigo 40.&nbsp;<\/p><p><em>(Gustavo Aguiar\/AD\/\/CF)\u00a0<\/em><\/p><p><strong>Fonte: STF<\/strong><\/p>\n    <div class=\"xs_social_share_widget xs_share_url after_content \t\tmain_content  wslu-style-1 wslu-share-box-shaped wslu-fill-colored wslu-none wslu-share-horizontal wslu-theme-font-no wslu-main_content\">\n\n\t\t\n        <ul>\n\t\t\t        <\/ul>\n    <\/div> \n","protected":false},"excerpt":{"rendered":"<p>O Supremo Tribunal Federal (STF) foram consideradas constitucionais as normas que institu\u00edram o regime de previd\u00eancia complementar dos servidores p\u00fablicos federais. Em julgamento conjunto de quatro a\u00e7\u00f5es diretas de inconstitucionalidade (ADI), o colegiado apresentou, por unanimidade, as alega\u00e7\u00f5es trazidas por associa\u00e7\u00f5es de magistrados e servidores, que apontaram votos em emendas constitucionais e na legisla\u00e7\u00e3o sobre o tema.\u00a0<\/p>\n","protected":false},"author":5,"featured_media":0,"comment_status":"open","ping_status":"open","sticky":false,"template":"","format":"standard","meta":{"postBodyCss":"","postBodyMargin":[],"postBodyPadding":[],"postBodyBackground":{"backgroundType":"classic","gradient":""},"_price":"","_stock":"","_tribe_ticket_header":"","_tribe_default_ticket_provider":"","_tribe_ticket_capacity":"0","_ticket_start_date":"","_ticket_end_date":"","_tribe_ticket_show_description":"","_tribe_ticket_show_not_going":false,"_tribe_ticket_use_global_stock":"","_tribe_ticket_global_stock_level":"","_global_stock_mode":"","_global_stock_cap":"","_tribe_rsvp_for_event":"","_tribe_ticket_going_count":"","_tribe_ticket_not_going_count":"","_tribe_tickets_list":"[]","_tribe_ticket_has_attendee_info_fields":false,"footnotes":""},"categories":[46],"tags":[1858,1056,10284,17112,7744,8257,5977,688,17110,11435,3115,351,6857,17111,1344,9005,347,348,1043],"class_list":["post-15893","post","type-post","status-publish","format-standard","hentry","category-noticias","tag-acoes-diretas-de-inconstitucionalidade","tag-adi","tag-associacoes","tag-associacoes-de-magistrados-e-servidores","tag-constitucionais","tag-declaracao-de-inconstitucionalidade","tag-emendas-constitucionais","tag-legislacao","tag-magistrados","tag-ministro-andre-mendonca","tag-normas","tag-plenario","tag-previdencia-complementar","tag-regime-de-previdencia-complementar","tag-servidores","tag-servidores-publicos-federais","tag-stf","tag-supremo-tribunal-federal","tag-unanimidade"],"acf":[],"_links":{"self":[{"href":"https:\/\/sgpsolucoes.com.br\/site\/wp-json\/wp\/v2\/posts\/15893"}],"collection":[{"href":"https:\/\/sgpsolucoes.com.br\/site\/wp-json\/wp\/v2\/posts"}],"about":[{"href":"https:\/\/sgpsolucoes.com.br\/site\/wp-json\/wp\/v2\/types\/post"}],"author":[{"embeddable":true,"href":"https:\/\/sgpsolucoes.com.br\/site\/wp-json\/wp\/v2\/users\/5"}],"replies":[{"embeddable":true,"href":"https:\/\/sgpsolucoes.com.br\/site\/wp-json\/wp\/v2\/comments?post=15893"}],"version-history":[{"count":0,"href":"https:\/\/sgpsolucoes.com.br\/site\/wp-json\/wp\/v2\/posts\/15893\/revisions"}],"wp:attachment":[{"href":"https:\/\/sgpsolucoes.com.br\/site\/wp-json\/wp\/v2\/media?parent=15893"}],"wp:term":[{"taxonomy":"category","embeddable":true,"href":"https:\/\/sgpsolucoes.com.br\/site\/wp-json\/wp\/v2\/categories?post=15893"},{"taxonomy":"post_tag","embeddable":true,"href":"https:\/\/sgpsolucoes.com.br\/site\/wp-json\/wp\/v2\/tags?post=15893"}],"curies":[{"name":"wp","href":"https:\/\/api.w.org\/{rel}","templated":true}]}}