{"id":15930,"date":"2025-11-25T15:20:18","date_gmt":"2025-11-25T18:20:18","guid":{"rendered":"https:\/\/sgpsolucoes.com.br\/site\/?p=15930"},"modified":"2025-11-25T15:20:19","modified_gmt":"2025-11-25T18:20:19","slug":"publicacao-celebra-70-anos-do-tce-sc-e-destaca-avancos-e-compromisso-com-a-cidadania","status":"publish","type":"post","link":"https:\/\/sgpsolucoes.com.br\/site\/publicacao-celebra-70-anos-do-tce-sc-e-destaca-avancos-e-compromisso-com-a-cidadania\/","title":{"rendered":"Publica\u00e7\u00e3o celebra 70 anos do TCE\/SC e destaca avan\u00e7os e compromisso com a cidadania"},"content":{"rendered":"<ul class=\"wp-block-list\"><li><strong>Resumo em linguagem simples<\/strong><\/li>\n\n<li><em>O livro \u201cTribunal\u00a0de Contas de Santa Catarina: h\u00e1 70 anos fazendo diferen\u00e7a na vida das pessoas\u201d celebra sete d\u00e9cadas da Institui\u00e7\u00e3o. Dispon\u00edvel no Portal do TCE\/SC, a obra apresenta marcos hist\u00f3ricos, evolu\u00e7\u00e3o do controle externo e valoriza\u00e7\u00e3o de conselheiros, servidores e colaboradores. Produzida pela Assessoria de Comunica\u00e7\u00e3o Social, destaca a import\u00e2ncia do Tribunal na melhoria das pol\u00edticas p\u00fablicas e na vida dos cidad\u00e3os.<\/em><\/li><\/ul><p>O livro \u201cTribunal de Contas de Santa Catarina: h\u00e1 70 anos fazendo diferen\u00e7a na vida das pessoas\u201d foi objeto de registro do presidente, conselheiro&nbsp;Herneus&nbsp;Jo\u00e3o De Nadal, na sess\u00e3o ordin\u00e1ria do Pleno de 19 de novembro. A publica\u00e7\u00e3o est\u00e1 dispon\u00edvel no Portal do TCE\/SC desde o dia 4 de novembro, data em que a Institui\u00e7\u00e3o celebrou sete d\u00e9cadas de exist\u00eancia.&nbsp;&nbsp;<\/p><p>Em 290 p\u00e1ginas, a obra destaca os marcos institucionais e a evolu\u00e7\u00e3o do controle externo no Estado, e valoriza a atua\u00e7\u00e3o do p\u00fablico interno \u2014 conselheiros, servidores e colaboradores \u2014, cuja dedica\u00e7\u00e3o foi fundamental para consolidar o TCE\/SC como refer\u00eancia nacional e internacional em fiscaliza\u00e7\u00e3o e governan\u00e7a p\u00fablica.&nbsp;<\/p><figure class=\"wp-block-image size-large\"><img decoding=\"async\" src=\"https:\/\/sgpsolucoes.com.br\/site\/wp-content\/uploads\/2025\/11\/image-2-1024x576.png\" alt=\"\" class=\"wp-image-15931\"\/><\/figure><p>\u201cO Tribunal de Contas, numa data t\u00e3o importante, precisa mostrar \u00e0 sociedade catarinense e aos jurisdicionados aquilo que realizou e continua fazendo em benef\u00edcio das pessoas.\u00a0Este\u00a0\u00e9 o nosso prop\u00f3sito: fortalecer a Institui\u00e7\u00e3o e garantir, com independ\u00eancia e autonomia, a entrega de pol\u00edticas p\u00fablicas que melhorem a vida dos cidad\u00e3os\u201d, enfatizou o presidente.\u00a0<\/p><p>A obra foi&nbsp;elaborada&nbsp;pela Assessoria de Comunica\u00e7\u00e3o Social (Acom), conduzida pelo diretor Jo\u00e3o&nbsp;Cavallazzi. A coordena\u00e7\u00e3o editorial e a revis\u00e3o do conte\u00fado&nbsp;ficaram&nbsp;sob a responsabilidade da jornalista L\u00facia Helena Fernandes de Oliveira&nbsp;Pruj\u00e1,&nbsp;e o&nbsp;projeto gr\u00e1fico&nbsp;e a diagrama\u00e7\u00e3o&nbsp;a cargo&nbsp;do&nbsp;<em>designer&nbsp;<\/em>Andr\u00e9 Gon\u00e7alves Martins.&nbsp;Durante a sess\u00e3o, a servidora L\u00facia Helena&nbsp;fez uma breve apresenta\u00e7\u00e3o, com proje\u00e7\u00e3o da&nbsp;publica\u00e7\u00e3o&nbsp;e navega\u00e7\u00e3o pelas p\u00e1ginas.&nbsp;&nbsp;<\/p><p>Al\u00e9m de abordar os fatos que antecederam \u00e0 cria\u00e7\u00e3o do TCE\/SC, o livro contempla as principais iniciativas desenvolvidas, marcadas pela inova\u00e7\u00e3o na forma de exercer o controle e a fiscaliza\u00e7\u00e3o, para contribuir para a melhoria dos servi\u00e7os prestados pela administra\u00e7\u00e3o p\u00fablica e dos resultados entregues aos cidad\u00e3os; informa\u00e7\u00f5es sobre todos os presidentes e sobre o atual quadro de servidores; e reflex\u00f5es sobre o futuro do controle externo.&nbsp;<\/p><figure class=\"wp-block-image size-large\"><img decoding=\"async\" src=\"https:\/\/sgpsolucoes.com.br\/site\/wp-content\/uploads\/2025\/11\/image-3-1024x576.png\" alt=\"\" class=\"wp-image-15932\"\/><\/figure><p>Segundo a jornalista L\u00facia Helena, o engajamento do p\u00fablico interno foi fundamental para a edi\u00e7\u00e3o da publica\u00e7\u00e3o, assim como as pesquisas no livro dos 50 anos, o conte\u00fado produzido para a exposi\u00e7\u00e3o sobre os 65 anos e as consultas nas not\u00edcias publicadas no Portal do Tribunal, produzidas pelos profissionais da\u00a0Acom.\u00a0\u201cReafirmo que este livro \u00e9 fruto de um trabalho coletivo, dedicado e comprometido com a hist\u00f3ria e o futuro do Tribunal de Contas de Santa Catarina. Desejo que ele traga reflex\u00f5es, fortale\u00e7a a nossa identidade institucional e nos lembre da import\u00e2ncia do papel do TCE na vida das pessoas\u201d, finalizou a servidora.\u00a0<\/p><h4 class=\"wp-block-heading\"><strong>No Portal&nbsp;<\/strong><\/h4><figure class=\"wp-block-image size-large\"><img decoding=\"async\" src=\"https:\/\/sgpsolucoes.com.br\/site\/wp-content\/uploads\/2025\/11\/image-4-1024x576.png\" alt=\"\" class=\"wp-image-15933\"\/><\/figure><p>Para acessar a\u00a0obra\u00a0no\u00a0<a href=\"https:\/\/www.tcesc.tc.br\/\" target=\"_blank\" rel=\"noreferrer noopener\">Portal do Tribunal<\/a>, basta clicar no item\u00a0<a href=\"https:\/\/www.tcesc.tc.br\/agenciatcesc\" target=\"_blank\" rel=\"noreferrer noopener\">Comunica\u00e7\u00e3o<\/a>, do menu superior, em\u00a0<a href=\"https:\/\/www.tcesc.tc.br\/publicacoes\" target=\"_blank\" rel=\"noreferrer noopener\">Publica\u00e7\u00f5es\u00a0do TCE\/SC<\/a>\u00a0e em\u00a0<a href=\"https:\/\/www.tcesc.tc.br\/lista-publicacoes\/81\" target=\"_blank\" rel=\"noreferrer noopener\">Mem\u00f3ria<\/a>.\u00a0Outros caminhos s\u00e3o pelo\u00a0<a href=\"https:\/\/70anos.tcesc.tc.br\/\" target=\"_blank\" rel=\"noreferrer noopener\"><em>site<\/em>\u00a0especial\u00a0dos 70 anos<\/a>,\u00a0desenvolvido\u00a0pela\u00a0Acom\u00a0e\u00a0pela Diretoria de Tecnologia da Informa\u00e7\u00e3o, com acesso pelo\u00a0<em>banner\u00a0<\/em>na parte superior da p\u00e1gina principal, ou pela \u00e1rea dos Destaques, na coluna\u00a0da direita.\u00a0<\/p><p>Al\u00e9m da&nbsp;vers\u00e3o digital, est\u00e3o sendo impressos alguns exemplares, que ser\u00e3o distribu\u00eddos no 4\u00b0 Congresso Internacional dos Tribunais de Contas, a ser realizado&nbsp;em Florian\u00f3polis, de 2 a 5 de dezembro.&nbsp;<\/p><p><strong>Fonte: TCE\/SC<\/strong><\/p>\n    <div class=\"xs_social_share_widget xs_share_url after_content \t\tmain_content  wslu-style-1 wslu-share-box-shaped wslu-fill-colored wslu-none wslu-share-horizontal wslu-theme-font-no wslu-main_content\">\n\n\t\t\n        <ul>\n\t\t\t        <\/ul>\n    <\/div> \n","protected":false},"excerpt":{"rendered":"<p>O livro \u201cTribunal\u00a0de Contas de Santa Catarina: h\u00e1 70 anos fazendo diferen\u00e7a na vida das pessoas\u201d celebra sete d\u00e9cadas da Institui\u00e7\u00e3o. Dispon\u00edvel no Portal do TCE\/SC, a obra apresenta marcos hist\u00f3ricos, evolu\u00e7\u00e3o do controle externo e valoriza\u00e7\u00e3o de conselheiros, servidores e colaboradores. Produzida pela Assessoria de Comunica\u00e7\u00e3o Social, destaca a import\u00e2ncia do Tribunal na melhoria das pol\u00edticas p\u00fablicas e na vida dos cidad\u00e3os.<\/p>\n","protected":false},"author":5,"featured_media":0,"comment_status":"open","ping_status":"open","sticky":false,"template":"","format":"standard","meta":{"postBodyCss":"","postBodyMargin":[],"postBodyPadding":[],"postBodyBackground":{"backgroundType":"classic","gradient":""},"_price":"","_stock":"","_tribe_ticket_header":"","_tribe_default_ticket_provider":"","_tribe_ticket_capacity":"0","_ticket_start_date":"","_ticket_end_date":"","_tribe_ticket_show_description":"","_tribe_ticket_show_not_going":false,"_tribe_ticket_use_global_stock":"","_tribe_ticket_global_stock_level":"","_global_stock_mode":"","_global_stock_cap":"","_tribe_rsvp_for_event":"","_tribe_ticket_going_count":"","_tribe_ticket_not_going_count":"","_tribe_tickets_list":"[]","_tribe_ticket_has_attendee_info_fields":false,"footnotes":""},"categories":[46],"tags":[17196,17199,15156,5396,2405,1178,10933,4614,1168,11035,17197,6783,17198,2897,6587,506,1344,1307,589],"class_list":["post-15930","post","type-post","status-publish","format-standard","hentry","category-noticias","tag-70-anos-do-tce-sc","tag-assessoria-de-comunicacao-social","tag-avancos","tag-cidadania","tag-cidadaos","tag-colaboradores","tag-compromisso","tag-conselheiros","tag-controle-externo","tag-evolucao","tag-ha-70-anos-fazendo-diferenca-na-vida-das-pessoas","tag-livro","tag-marcos-historicos","tag-politicas-publicas","tag-portal-do-tce-sc","tag-publicacao","tag-servidores","tag-tce-sc-2","tag-tribunal-de-contas-de-santa-catarina"],"acf":[],"_links":{"self":[{"href":"https:\/\/sgpsolucoes.com.br\/site\/wp-json\/wp\/v2\/posts\/15930"}],"collection":[{"href":"https:\/\/sgpsolucoes.com.br\/site\/wp-json\/wp\/v2\/posts"}],"about":[{"href":"https:\/\/sgpsolucoes.com.br\/site\/wp-json\/wp\/v2\/types\/post"}],"author":[{"embeddable":true,"href":"https:\/\/sgpsolucoes.com.br\/site\/wp-json\/wp\/v2\/users\/5"}],"replies":[{"embeddable":true,"href":"https:\/\/sgpsolucoes.com.br\/site\/wp-json\/wp\/v2\/comments?post=15930"}],"version-history":[{"count":0,"href":"https:\/\/sgpsolucoes.com.br\/site\/wp-json\/wp\/v2\/posts\/15930\/revisions"}],"wp:attachment":[{"href":"https:\/\/sgpsolucoes.com.br\/site\/wp-json\/wp\/v2\/media?parent=15930"}],"wp:term":[{"taxonomy":"category","embeddable":true,"href":"https:\/\/sgpsolucoes.com.br\/site\/wp-json\/wp\/v2\/categories?post=15930"},{"taxonomy":"post_tag","embeddable":true,"href":"https:\/\/sgpsolucoes.com.br\/site\/wp-json\/wp\/v2\/tags?post=15930"}],"curies":[{"name":"wp","href":"https:\/\/api.w.org\/{rel}","templated":true}]}}