{"id":15937,"date":"2025-11-25T15:27:47","date_gmt":"2025-11-25T18:27:47","guid":{"rendered":"https:\/\/sgpsolucoes.com.br\/site\/?p=15937"},"modified":"2025-11-25T15:27:48","modified_gmt":"2025-11-25T18:27:48","slug":"municipios-nao-podem-demitir-professores-temporarios-durante-ferias-e-contrata-los-em-seguida-alerta-tcmpa","status":"publish","type":"post","link":"https:\/\/sgpsolucoes.com.br\/site\/municipios-nao-podem-demitir-professores-temporarios-durante-ferias-e-contrata-los-em-seguida-alerta-tcmpa\/","title":{"rendered":"Munic\u00edpios n\u00e3o podem demitir professores tempor\u00e1rios durante f\u00e9rias e contrat\u00e1-los em seguida, alerta TCMPA"},"content":{"rendered":"<p><a href=\"https:\/\/www.tcmpa.tc.br\/author\/gabriel-moreira\/\"><br><\/a>O conselheiro Cezar Colares, do Tribunal de Contas dos Munic\u00edpios do Par\u00e1 (TCMPA), determinou, em 10\/11\/2025, por meio de medida cautelar, que as prefeituras e secretarias de Educa\u00e7\u00e3o de 20 munic\u00edpios paraenses n\u00e3o demitam nem suspendam, durante o per\u00edodo de f\u00e9rias escolares, os contratos de servidores da Educa\u00e7\u00e3o que s\u00e3o tempor\u00e1rios. A decis\u00e3o tomada monocraticamente pelo conselheiro \u00e9 de efeito imediato.<\/p><p>A medida abrange as prefeituras de Anapu, Brejo Grande do Araguaia, Cana\u00e3 dos Caraj\u00e1s, Faro, Juruti, Moju, \u00d3bidos, Pacaj\u00e1, Palestina do Par\u00e1, Pi\u00e7arra, Porto de Moz, Salin\u00f3polis, Santar\u00e9m-Novo, S\u00e3o Domingos do Araguaia, S\u00e3o Geraldo do Araguaia, S\u00e3o Jo\u00e3o de Pirabas, S\u00e3o Jo\u00e3o do Araguaia, Senador Jos\u00e9 Porf\u00edrio, Terra Santa e Vit\u00f3ria do Xingu.<\/p><p>A medida cautelar \u00e9 um mecanismo legal de preven\u00e7\u00e3o dos cofres e das pol\u00edticas p\u00fablicas quando h\u00e1 forte ind\u00edcio de que a lei est\u00e1 sendo desrespeitada e para evitar preju\u00edzos.<\/p><p>O QUE FOI DETERMINADO:<\/p><p>Proibi\u00e7\u00e3o de demiss\u00f5es e recontrata\u00e7\u00f5es em seguida: Os munic\u00edpios n\u00e3o podem realizar demiss\u00f5es, rescis\u00f5es contratuais (distratos) ou exonera\u00e7\u00f5es de servidores tempor\u00e1rios da educa\u00e7\u00e3o durante o per\u00edodo de f\u00e9rias escolares e fazer nova contrata\u00e7\u00e3o no m\u00eas seguinte.<\/p><p>Envio de relat\u00f3rio: As prefeituras devem enviar ao TCMPA, em at\u00e9 20 dias, um relat\u00f3rio atualizado com o n\u00famero de servidores da \u00e1rea de educa\u00e7\u00e3o, separando os tempor\u00e1rios dos concursados, para que o Tribunal possa avaliar a situa\u00e7\u00e3o. O envio deve ser feito pelo e-mail protocolo@tcm.pa.gov.br.<\/p><p>MULTAS POR DESCUMPRIMENTO<\/p><p>Foram estabelecidas multas para o caso de a determina\u00e7\u00e3o n\u00e3o ser cumprida:<\/p><p>1 \u2013 Multa por contrato rescindido: Ser\u00e1 aplicada uma multa de R$ 2.400,65 por cada contrato de trabalho que for rescindido (destratado) no per\u00edodo de recesso ou f\u00e9rias escolares.<\/p><p>2 \u2013 Multa por descumprimento da medida cautelar: Os gestores que n\u00e3o cumprirem a medida de forma geral ter\u00e3o uma multa de R$ 9.602,60 por m\u00eas de descumprimento.<\/p><p>Al\u00e9m disso, a 2\u00aa Controladoria do TCMPA dever\u00e1 acompanhar se a determina\u00e7\u00e3o est\u00e1 sendo cumprida na an\u00e1lise das contas dos prefeitos.<\/p><p>Os gestores municipais t\u00eam 30 dias para apresentar sua defesa (manifesta\u00e7\u00e3o) ao Tribunal, caso queiram.<\/p><p>ENTENDIMENTO DO TCMPA SOBRE CONTRATOS TEMPOR\u00c1RIOS<\/p><p>A decis\u00e3o se baseia em fiscaliza\u00e7\u00f5es realizadas pelo pr\u00f3prio conselheiro e pela 2\u00aa Controladoria, que identificaram um grande n\u00famero de contrata\u00e7\u00f5es tempor\u00e1rias, especialmente nas secretarias de educa\u00e7\u00e3o, com o costume de demitir esses servidores nas f\u00e9rias.<\/p><p>O TCMPA j\u00e1 tem um entendimento consolidado (prejulgado de tese) sobre o assunto, estabelecido em resolu\u00e7\u00f5es anteriores. O Tribunal considera que:<\/p><p>1 \u2013 Professores tempor\u00e1rios t\u00eam os mesmos direitos essenciais que os concursados (efetivos), incluindo sal\u00e1rio e f\u00e9rias, conforme decis\u00e3o do Supremo Tribunal Federal.<\/p><p>2 \u2013 N\u00e3o \u00e9 permitido suspender o pagamento ou rescindir o contrato do professor tempor\u00e1rio durante o recesso escolar.<\/p><p>3 \u2013 O pagamento integral do sal\u00e1rio \u00e9 obrigat\u00f3rio durante o recesso escolar. O adicional de 1\/3 das f\u00e9rias deve ser pago apenas ao final do contrato, referente \u00e0s f\u00e9rias proporcionais.<\/p><p>A medida visa evitar preju\u00edzos \u00e0 sociedade e garantir que os direitos dos trabalhadores tempor\u00e1rios da Educa\u00e7\u00e3o sejam respeitados, especialmente diante da proximidade do per\u00edodo de f\u00e9rias escolares.<\/p><p><strong>Fonte: TCMPA<\/strong><\/p>\n    <div class=\"xs_social_share_widget xs_share_url after_content \t\tmain_content  wslu-style-1 wslu-share-box-shaped wslu-fill-colored wslu-none wslu-share-horizontal wslu-theme-font-no wslu-main_content\">\n\n\t\t\n        <ul>\n\t\t\t        <\/ul>\n    <\/div> \n","protected":false},"excerpt":{"rendered":"<p>O conselheiro Cezar Colares, do Tribunal de Contas dos Munic\u00edpios do Par\u00e1 (TCMPA), determinou, em 10\/11\/2025, por meio de medida cautelar, que as prefeituras e secretarias de Educa\u00e7\u00e3o de 20 munic\u00edpios paraenses n\u00e3o demitam nem suspendam, durante o per\u00edodo de f\u00e9rias escolares, os contratos de servidores da Educa\u00e7\u00e3o que s\u00e3o tempor\u00e1rios. A decis\u00e3o tomada monocraticamente pelo conselheiro \u00e9 de efeito imediato.<\/p>\n","protected":false},"author":5,"featured_media":0,"comment_status":"open","ping_status":"open","sticky":false,"template":"","format":"standard","meta":{"postBodyCss":"","postBodyMargin":[],"postBodyPadding":[],"postBodyBackground":{"backgroundType":"classic","gradient":""},"_price":"","_stock":"","_tribe_ticket_header":"","_tribe_default_ticket_provider":"","_tribe_ticket_capacity":"0","_ticket_start_date":"","_ticket_end_date":"","_tribe_ticket_show_description":"","_tribe_ticket_show_not_going":false,"_tribe_ticket_use_global_stock":"","_tribe_ticket_global_stock_level":"","_global_stock_mode":"","_global_stock_cap":"","_tribe_rsvp_for_event":"","_tribe_ticket_going_count":"","_tribe_ticket_not_going_count":"","_tribe_tickets_list":"[]","_tribe_ticket_has_attendee_info_fields":false,"footnotes":""},"categories":[46],"tags":[17200,75,17201,2335,17202,1394,399,12732,17203,7182,4254,7179],"class_list":["post-15937","post","type-post","status-publish","format-standard","hentry","category-noticias","tag-conselheiro-cezar-colares","tag-contratos","tag-demitir","tag-ferias","tag-ferias-escolares","tag-medida-cautelar","tag-municipios","tag-professores-temporarios","tag-servidores-da-educacao","tag-tcmpa","tag-temporarios","tag-tribunal-de-contas-dos-municipios-do-para"],"acf":[],"_links":{"self":[{"href":"https:\/\/sgpsolucoes.com.br\/site\/wp-json\/wp\/v2\/posts\/15937"}],"collection":[{"href":"https:\/\/sgpsolucoes.com.br\/site\/wp-json\/wp\/v2\/posts"}],"about":[{"href":"https:\/\/sgpsolucoes.com.br\/site\/wp-json\/wp\/v2\/types\/post"}],"author":[{"embeddable":true,"href":"https:\/\/sgpsolucoes.com.br\/site\/wp-json\/wp\/v2\/users\/5"}],"replies":[{"embeddable":true,"href":"https:\/\/sgpsolucoes.com.br\/site\/wp-json\/wp\/v2\/comments?post=15937"}],"version-history":[{"count":0,"href":"https:\/\/sgpsolucoes.com.br\/site\/wp-json\/wp\/v2\/posts\/15937\/revisions"}],"wp:attachment":[{"href":"https:\/\/sgpsolucoes.com.br\/site\/wp-json\/wp\/v2\/media?parent=15937"}],"wp:term":[{"taxonomy":"category","embeddable":true,"href":"https:\/\/sgpsolucoes.com.br\/site\/wp-json\/wp\/v2\/categories?post=15937"},{"taxonomy":"post_tag","embeddable":true,"href":"https:\/\/sgpsolucoes.com.br\/site\/wp-json\/wp\/v2\/tags?post=15937"}],"curies":[{"name":"wp","href":"https:\/\/api.w.org\/{rel}","templated":true}]}}