{"id":15959,"date":"2025-11-27T19:25:07","date_gmt":"2025-11-27T22:25:07","guid":{"rendered":"https:\/\/sgpsolucoes.com.br\/site\/?p=15959"},"modified":"2025-11-27T19:25:08","modified_gmt":"2025-11-27T22:25:08","slug":"stf-reafirma-decisao-que-superou-tese-da-revisao-da-vida-toda","status":"publish","type":"post","link":"https:\/\/sgpsolucoes.com.br\/site\/stf-reafirma-decisao-que-superou-tese-da-revisao-da-vida-toda\/","title":{"rendered":"STF reafirma decis\u00e3o que superou\u00a0tese da \u2018revis\u00e3o da vida toda\u2019\u00a0"},"content":{"rendered":"<p class=\"has-text-align-center\"><em>Foto: Rafa Neddermeyer\/Ag\u00eancia Brasil<\/em><\/p><p class=\"has-text-align-center\"><em>Segurado n\u00e3o pode escolher o c\u00e1lculo que considerar mais ben\u00e9fico&nbsp;<\/em><\/p><p>O Plen\u00e1rio do Supremo Tribunal Federal (STF), por maioria de votos, reafirmou que a regra de transi\u00e7\u00e3o do fator previdenci\u00e1rio, utilizada para o c\u00e1lculo do benef\u00edcio dos segurados filiados ao INSS antes da Lei 9.876\/1999, \u00e9 de aplica\u00e7\u00e3o obrigat\u00f3ria e que o segurado n\u00e3o pode escolher o c\u00e1lculo que considerar mais ben\u00e9fico. A decis\u00e3o foi tomada&nbsp;na sess\u00e3o virtual encerrada em 25\/11,&nbsp;no julgamento de embargos de declara\u00e7\u00e3o no Recurso Extraordin\u00e1rio&nbsp;<strong><a href=\"https:\/\/portal.stf.jus.br\/processos\/detalhe.asp?incidente=5945131\" target=\"_blank\" rel=\"noreferrer noopener\">(RE) 1276977<\/a><\/strong>, com repercuss\u00e3o geral (Tema 1.102), e&nbsp;reafirma o entendimento firmado em 2024, no julgamento de duas&nbsp;A\u00e7\u00f5es Diretas de Inconstitucionalidade&nbsp;(ADIs&nbsp;2110 e 2111),&nbsp;que&nbsp;superou a tese da chamada \u201crevis\u00e3o da vida&nbsp;toda\u201d&nbsp;que&nbsp;havia sido definida&nbsp;em 2022.&nbsp;<\/p><p>Prevaleceu o voto do ministro Alexandre de Moraes no sentido de que, em raz\u00e3o da modifica\u00e7\u00e3o de entendimento da Corte, todos os efeitos do julgamento de m\u00e9rito das&nbsp;ADIs&nbsp;devem ser aplicados ao RE, inclusive com o cancelamento da tese anterior e a fixa\u00e7\u00e3o de uma nova tese em controle concentrado.&nbsp;<\/p><p>Assim, valores recebidos por segurados do INSS at\u00e9 5 de abril de 2024 em decorr\u00eancia de decis\u00f5es judiciais favor\u00e1veis \u00e0 tese da \u201crevis\u00e3o da vida toda\u201d n\u00e3o devem ser devolvidos. Tamb\u00e9m fica afastada a cobran\u00e7a de honor\u00e1rios e custas judiciais das pessoas que buscavam a revis\u00e3o por meio de a\u00e7\u00f5es judiciais pendentes de conclus\u00e3o at\u00e9 aquela data.&nbsp;<\/p><p>Acompanharam esse entendimento a ministra&nbsp;C\u00e1rmen&nbsp;L\u00facia e os ministros Cristiano Zanin, Gilmar Mendes, Lu\u00eds Roberto Barroso (aposentado), Nunes Marques, Dias Toffoli e Luiz Fux. Ficaram vencidos os ministros Andr\u00e9 Mendon\u00e7a, Edson Fachin e Rosa Weber (aposentada), que discordaram das propostas de modula\u00e7\u00e3o.&nbsp;<\/p><h5 class=\"wp-block-heading\"><strong>Tese<\/strong><strong>&nbsp;<\/strong><\/h5><p>A tese de repercuss\u00e3o geral fixada foi a seguinte:&nbsp;<\/p><p>\u201c1. A declara\u00e7\u00e3o de constitucionalidade do art. 3\u00ba da Lei n. 9.876\/1999 imp\u00f5e que o dispositivo legal seja observado de forma cogente pelos demais \u00f3rg\u00e3os do Poder Judici\u00e1rio e pela Administra\u00e7\u00e3o P\u00fablica, em sua interpreta\u00e7\u00e3o textual, que n\u00e3o permite exce\u00e7\u00e3o. O segurado do INSS que se enquadre no dispositivo n\u00e3o pode optar pela regra definitiva prevista no art. 29, I e II, da Lei n. 8.213\/1991, independentemente de lhe ser mais favor\u00e1vel\u201d.&nbsp;<\/p><p><em>(Su\u00e9len&nbsp;Pires\/CR\/CF)&nbsp;<\/em><\/p><p><strong>Fonte: STF<\/strong><\/p>\n    <div class=\"xs_social_share_widget xs_share_url after_content \t\tmain_content  wslu-style-1 wslu-share-box-shaped wslu-fill-colored wslu-none wslu-share-horizontal wslu-theme-font-no wslu-main_content\">\n\n\t\t\n        <ul>\n\t\t\t        <\/ul>\n    <\/div> \n","protected":false},"excerpt":{"rendered":"<p>O Plen\u00e1rio do Supremo Tribunal Federal (STF), por maioria de votos, reafirmou que a regra de transi\u00e7\u00e3o do fator previdenci\u00e1rio, utilizada para o c\u00e1lculo do benef\u00edcio dos segurados filiados ao INSS antes da Lei 9.876\/1999, \u00e9 de aplica\u00e7\u00e3o obrigat\u00f3ria e que o segurado n\u00e3o pode escolher o c\u00e1lculo que considerar mais ben\u00e9fico. A decis\u00e3o foi tomada\u00a0na sess\u00e3o virtual encerrada em 25\/11,\u00a0no julgamento de embargos de declara\u00e7\u00e3o no Recurso Extraordin\u00e1rio\u00a0(RE) 1276977, com repercuss\u00e3o geral (Tema 1.102), e\u00a0reafirma o entendimento firmado em 2024, no julgamento de duas\u00a0A\u00e7\u00f5es Diretas de Inconstitucionalidade\u00a0(ADIs\u00a02110 e 2111),\u00a0que\u00a0superou a tese da chamada \u201crevis\u00e3o da vida\u00a0toda\u201d\u00a0que\u00a0havia sido definida\u00a0em 2022.\u00a0<\/p>\n","protected":false},"author":5,"featured_media":0,"comment_status":"open","ping_status":"open","sticky":false,"template":"","format":"standard","meta":{"postBodyCss":"","postBodyMargin":[],"postBodyPadding":[],"postBodyBackground":{"backgroundType":"classic","gradient":""},"_price":"","_stock":"","_tribe_ticket_header":"","_tribe_default_ticket_provider":"","_tribe_ticket_capacity":"0","_ticket_start_date":"","_ticket_end_date":"","_tribe_ticket_show_description":"","_tribe_ticket_show_not_going":false,"_tribe_ticket_use_global_stock":"","_tribe_ticket_global_stock_level":"","_global_stock_mode":"","_global_stock_cap":"","_tribe_rsvp_for_event":"","_tribe_ticket_going_count":"","_tribe_ticket_not_going_count":"","_tribe_tickets_list":"[]","_tribe_ticket_has_attendee_info_fields":false,"footnotes":""},"categories":[46],"tags":[2979,3139,1461,14436,2654,17214,17213,351,14437,8588,2789,8587,347,348,8402],"class_list":["post-15959","post","type-post","status-publish","format-standard","hentry","category-noticias","tag-beneficio","tag-calculo","tag-decisao","tag-fator-previdenciario","tag-inss","tag-lei-n-9-876-1999","tag-mais-benefico","tag-plenario","tag-regra-de-transicao","tag-revisao-da-vida-toda","tag-segurado","tag-segurados","tag-stf","tag-supremo-tribunal-federal","tag-tese"],"acf":[],"_links":{"self":[{"href":"https:\/\/sgpsolucoes.com.br\/site\/wp-json\/wp\/v2\/posts\/15959"}],"collection":[{"href":"https:\/\/sgpsolucoes.com.br\/site\/wp-json\/wp\/v2\/posts"}],"about":[{"href":"https:\/\/sgpsolucoes.com.br\/site\/wp-json\/wp\/v2\/types\/post"}],"author":[{"embeddable":true,"href":"https:\/\/sgpsolucoes.com.br\/site\/wp-json\/wp\/v2\/users\/5"}],"replies":[{"embeddable":true,"href":"https:\/\/sgpsolucoes.com.br\/site\/wp-json\/wp\/v2\/comments?post=15959"}],"version-history":[{"count":0,"href":"https:\/\/sgpsolucoes.com.br\/site\/wp-json\/wp\/v2\/posts\/15959\/revisions"}],"wp:attachment":[{"href":"https:\/\/sgpsolucoes.com.br\/site\/wp-json\/wp\/v2\/media?parent=15959"}],"wp:term":[{"taxonomy":"category","embeddable":true,"href":"https:\/\/sgpsolucoes.com.br\/site\/wp-json\/wp\/v2\/categories?post=15959"},{"taxonomy":"post_tag","embeddable":true,"href":"https:\/\/sgpsolucoes.com.br\/site\/wp-json\/wp\/v2\/tags?post=15959"}],"curies":[{"name":"wp","href":"https:\/\/api.w.org\/{rel}","templated":true}]}}