{"id":15965,"date":"2025-11-27T19:33:44","date_gmt":"2025-11-27T22:33:44","guid":{"rendered":"https:\/\/sgpsolucoes.com.br\/site\/?p=15965"},"modified":"2025-11-27T19:33:45","modified_gmt":"2025-11-27T22:33:45","slug":"tribunal-determina-medidas-para-fortalecer-prevencao-de-desastres-naturais-no-brasil","status":"publish","type":"post","link":"https:\/\/sgpsolucoes.com.br\/site\/tribunal-determina-medidas-para-fortalecer-prevencao-de-desastres-naturais-no-brasil\/","title":{"rendered":"Tribunal determina medidas para fortalecer preven\u00e7\u00e3o de desastres naturais no Brasil"},"content":{"rendered":"<p class=\"has-text-align-center\"><em>Processo selecionado pela popula\u00e7\u00e3o em consulta do TCU avaliou a\u00e7\u00f5es de preven\u00e7\u00e3o e redu\u00e7\u00e3o dos efeitos negativos de desastres em cumprimento \u00e0 Pol\u00edtica Nacional de Prote\u00e7\u00e3o e Defesa Civil<\/em><\/p><h3 class=\"wp-block-heading\">&nbsp;<\/h3><ul class=\"wp-block-list\"><li><strong><em>Resumo <\/em><\/strong><\/li>\n\n<li><em>TCU avaliou a\u00e7\u00f5es de preven\u00e7\u00e3o e redu\u00e7\u00e3o dos efeitos negativos de desastres naturais, realizadas de 2012 a 2024.<\/em><\/li>\n\n<li><em>Apesar de um investimento de R$ 8,87 bilh\u00f5es entre 2012 e 2024, o Tribunal identificou falhas significativas na gest\u00e3o da Pol\u00edtica Nacional de Prote\u00e7\u00e3o e Defesa Civil.<\/em><\/li>\n\n<li><em>Tribunal fez determina\u00e7\u00f5es ao governo federal para fortalecimento da Secretaria Nacional de Prote\u00e7\u00e3o e Defesa Civil.<\/em><\/li><\/ul><p>O Tribunal de Contas da Uni\u00e3o (TCU) decidiu, na sess\u00e3o plen\u00e1ria de 19 de novembro, emitir determina\u00e7\u00f5es e recomenda\u00e7\u00f5es aos Minist\u00e9rios da Integra\u00e7\u00e3o e do Desenvolvimento Regional (MIDR) e das Cidades (MCid) para&nbsp;<strong>aprimorar a preven\u00e7\u00e3o de desastres naturais&nbsp;<\/strong>no pa\u00eds. O processo (<a href=\"https:\/\/pesquisa.apps.tcu.gov.br\/documento\/processo\/*\/NUMEROSOMENTENUMEROS%253A897920243\/DTAUTUACAOORDENACAO%2520desc%252C%2520NUMEROCOMZEROS%2520desc\/0\" target=\"_blank\" rel=\"noreferrer noopener\">TC 008.979\/2024-3<\/a>), de relatoria do ministro Walton Alencar Rodrigues, foi selecionado pela popula\u00e7\u00e3o como tema de urg\u00eancia e que precisava ser fiscalizado em 2025.&nbsp;<strong>A consulta foi realizada pelo TCU entre abril e junho deste ano<\/strong>&nbsp;em vota\u00e7\u00e3o publicada no Portal de Participa\u00e7\u00e3o Cidad\u00e3.<\/p><p>Entre as&nbsp;<strong>a\u00e7\u00f5es determinadas&nbsp;<\/strong>pelo Tribunal ao MIDR est\u00e3o a implementa\u00e7\u00e3o, em at\u00e9 180 dias, de&nbsp;<strong>ferramentas que colaborem na condu\u00e7\u00e3o da Pol\u00edtica Nacional de Prote\u00e7\u00e3o e Defesa Civil<\/strong>&nbsp;(PNPDEC), em especial nas a\u00e7\u00f5es de preven\u00e7\u00e3o e redu\u00e7\u00e3o de riscos de desastres. No mesmo prazo, o \u00f3rg\u00e3o tamb\u00e9m deve&nbsp;<strong>adotar medidas para operacionalizar o Conselho Nacional de Defesa Civil<\/strong>&nbsp;e&nbsp;<strong>aprovar o Plano Nacional de Prote\u00e7\u00e3o e Defesa Civil<\/strong>.<\/p><p>Al\u00e9m disso, o MIDR e o MCid precisam articular com a Controladoria-Geral da Uni\u00e3o (CGU), em at\u00e9 90 dias, para&nbsp;<strong>incluir e divulgar as informa\u00e7\u00f5es das transfer\u00eancias federais&nbsp;<\/strong>para obras p\u00fablicas do Programa Gest\u00e3o de Riscos e Desastres, em especial as que foram firmadas a partir de 2012.<\/p><p><strong>&#8220;As medidas propostas fortalecem a governan\u00e7a e a legitimidade da pol\u00edtica nacional, integram esfor\u00e7os de preven\u00e7\u00e3o e mitiga\u00e7\u00e3o e elevam a capacidade institucional do Estado na prote\u00e7\u00e3o das popula\u00e7\u00f5es vulner\u00e1veis&#8221;, resumiu o ministro Walton Alencar Rodrigues.<\/strong><\/p><p>No&nbsp;<a href=\"https:\/\/pesquisa.apps.tcu.gov.br\/documento\/acordao-completo\/897920243.PROC\/%2520\/DTRELEVANCIA%2520desc%252C%2520NUMACORDAOINT%2520desc\/0\" target=\"_blank\" rel=\"noreferrer noopener\">Ac\u00f3rd\u00e3o 2744\/2025 &#8211; Plen\u00e1rio<\/a>&nbsp;h\u00e1, ainda,&nbsp;<strong>recomenda\u00e7\u00f5es para o fortalecimento da Secretaria Nacional de Prote\u00e7\u00e3o e Defesa Civil<\/strong>&nbsp;(Sedec). Al\u00e9m disso, o TCU destacou a necessidade de&nbsp;<strong>estruturar sistemas de mapeamento de riscos<\/strong>,&nbsp;<strong>estabelecer crit\u00e9rios objetivos para priorizar investimentos<\/strong>&nbsp;e&nbsp;<strong>criar banco de dados central&nbsp;<\/strong>sobre transfer\u00eancias de recursos para obras preventivas.<\/p><p><strong>&#8220;Conclui-se que o Brasil ainda n\u00e3o consolidou uma cultura de preven\u00e7\u00e3o compat\u00edvel com a frequ\u00eancia e a gravidade dos desastres naturais que o acometem. As medidas propostas &#8220;centradas em coordena\u00e7\u00e3o nacional efetiva, prioriza\u00e7\u00e3o baseada em risco, transpar\u00eancia ativa e gest\u00e3o integrada da carteira de obras &#8211; configuram agenda realista e consistente de aperfei\u00e7oamento institucional e operacional, com potencial para reduzir perdas humanas e materiais, fortalecer a resili\u00eancia das cidades e elevar a efici\u00eancia e a previsibilidade do gasto p\u00fablico preventivo&#8221;, completou o relator.<\/strong><\/p><p><strong>O que o TCU encontrou na fiscaliza\u00e7\u00e3o<\/strong><\/p><p>Apesar de um investimento de R$ 8,87 bilh\u00f5es entre 2012 e 2024,<strong>&nbsp;<\/strong>o Tribunal identificou<strong>&nbsp;falhas significativas na gest\u00e3o da Pol\u00edtica Nacional de Prote\u00e7\u00e3o e Defesa Civil<\/strong>. Entre os problemas apontados est\u00e3o a&nbsp;<strong>falta de coordena\u00e7\u00e3o entre \u00f3rg\u00e3os<\/strong>,&nbsp;<strong>aus\u00eancia de mapeamento adequado de \u00e1reas de risco<\/strong>,&nbsp;<strong>monitoramento insuficiente das a\u00e7\u00f5es<\/strong>,&nbsp;<strong>crit\u00e9rios inadequados para escolha de obras<\/strong>&nbsp;e&nbsp;<strong>paralisa\u00e7\u00e3o de projetos<\/strong>. Al\u00e9m disso, os investimentos em regi\u00f5es cr\u00edticas, como o Rio Grande do Sul, tiveram baixo impacto, evidenciando&nbsp;<strong>inconsist\u00eancias no planejamento e execu\u00e7\u00e3o<\/strong>.<\/p><p><strong>&#8220;Essas defici\u00eancias decorrem da complexidade federativa e multissetorial da PNPDEC, associada \u00e0 fragilidade institucional do \u00f3rg\u00e3o central, \u00e0 insufici\u00eancia de recursos financeiros e humanos e \u00e0 falta de mecanismos consolidados de planejamento e monitoramento&#8221;, afirmou o ministro em seu voto.<\/strong><\/p><p>Para o relator, tal cen\u00e1rio deixa o pa\u00eds em situa\u00e7\u00e3o de risco por n\u00e3o haver um trabalho de preven\u00e7\u00e3o, mas apenas de reparo aos estragos e perdas causados pelos desastres naturais. &#8220;Como resultado, o pa\u00eds ainda opera em modelo predominantemente reativo, voltado \u00e0 resposta e reconstru\u00e7\u00e3o, em detrimento da preven\u00e7\u00e3o &#8211; vertente que, conforme evid\u00eancias internacionais, proporciona o maior retorno social e econ\u00f4mico a longo prazo\u00bf, concluiu.<\/p><p><strong>SERVI\u00c7O<\/strong><\/p><p>Leia a \u00edntegra da decis\u00e3o:&nbsp;<a href=\"https:\/\/pesquisa.apps.tcu.gov.br\/documento\/acordao-completo\/897920243.PROC\/%2520\/DTRELEVANCIA%2520desc%252C%2520NUMACORDAOINT%2520desc\/0\" target=\"_blank\" rel=\"noreferrer noopener\">Acord\u00e3o 2744\/2025 &#8211; Plen\u00e1rio<\/a><\/p><p>Processo:&nbsp;<a href=\"https:\/\/pesquisa.apps.tcu.gov.br\/documento\/processo\/*\/NUMEROSOMENTENUMEROS%253A897920243\/DTAUTUACAOORDENACAO%2520desc%252C%2520NUMEROCOMZEROS%2520desc\/0\" target=\"_blank\" rel=\"noreferrer noopener\">TC 008.979\/2024-3<\/a><\/p><p>Sess\u00e3o: 19\/11\/2025<\/p><p><strong>Fonte: TCU<\/strong><\/p>\n    <div class=\"xs_social_share_widget xs_share_url after_content \t\tmain_content  wslu-style-1 wslu-share-box-shaped wslu-fill-colored wslu-none wslu-share-horizontal wslu-theme-font-no wslu-main_content\">\n\n\t\t\n        <ul>\n\t\t\t        <\/ul>\n    <\/div> \n","protected":false},"excerpt":{"rendered":"<p>\u2022\tTCU avaliou a\u00e7\u00f5es de preven\u00e7\u00e3o e redu\u00e7\u00e3o dos efeitos negativos de desastres naturais, realizadas de 2012 a 2024.<br \/>\n\u2022\tApesar de um investimento de R$ 8,87 bilh\u00f5es entre 2012 e 2024, o Tribunal identificou falhas significativas na gest\u00e3o da Pol\u00edtica Nacional de Prote\u00e7\u00e3o e Defesa Civil.<br \/>\n\u2022\tTribunal fez determina\u00e7\u00f5es ao governo federal para fortalecimento da Secretaria Nacional de Prote\u00e7\u00e3o e Defesa Civil.<\/p>\n","protected":false},"author":5,"featured_media":0,"comment_status":"open","ping_status":"open","sticky":false,"template":"","format":"standard","meta":{"postBodyCss":"","postBodyMargin":[],"postBodyPadding":[],"postBodyBackground":{"backgroundType":"classic","gradient":""},"_price":"","_stock":"","_tribe_ticket_header":"","_tribe_default_ticket_provider":"","_tribe_ticket_capacity":"0","_ticket_start_date":"","_ticket_end_date":"","_tribe_ticket_show_description":"","_tribe_ticket_show_not_going":false,"_tribe_ticket_use_global_stock":"","_tribe_ticket_global_stock_level":"","_global_stock_mode":"","_global_stock_cap":"","_tribe_rsvp_for_event":"","_tribe_ticket_going_count":"","_tribe_ticket_not_going_count":"","_tribe_tickets_list":"[]","_tribe_ticket_has_attendee_info_fields":false,"footnotes":""},"categories":[46],"tags":[14276,909,1349,5818,17216,9370,17217,8003,4655,2324,258,597,450],"class_list":["post-15965","post","type-post","status-publish","format-standard","hentry","category-noticias","tag-acoes-de-prevencao","tag-brasil","tag-consulta","tag-desastres","tag-desastres-naturais","tag-efeitos-negativos","tag-politica-nacional-de-protecao-e-defesa-civil","tag-populacao","tag-prevencao","tag-reducao","tag-tcu","tag-tribunal","tag-tribunal-de-contas-da-uniao"],"acf":[],"_links":{"self":[{"href":"https:\/\/sgpsolucoes.com.br\/site\/wp-json\/wp\/v2\/posts\/15965"}],"collection":[{"href":"https:\/\/sgpsolucoes.com.br\/site\/wp-json\/wp\/v2\/posts"}],"about":[{"href":"https:\/\/sgpsolucoes.com.br\/site\/wp-json\/wp\/v2\/types\/post"}],"author":[{"embeddable":true,"href":"https:\/\/sgpsolucoes.com.br\/site\/wp-json\/wp\/v2\/users\/5"}],"replies":[{"embeddable":true,"href":"https:\/\/sgpsolucoes.com.br\/site\/wp-json\/wp\/v2\/comments?post=15965"}],"version-history":[{"count":0,"href":"https:\/\/sgpsolucoes.com.br\/site\/wp-json\/wp\/v2\/posts\/15965\/revisions"}],"wp:attachment":[{"href":"https:\/\/sgpsolucoes.com.br\/site\/wp-json\/wp\/v2\/media?parent=15965"}],"wp:term":[{"taxonomy":"category","embeddable":true,"href":"https:\/\/sgpsolucoes.com.br\/site\/wp-json\/wp\/v2\/categories?post=15965"},{"taxonomy":"post_tag","embeddable":true,"href":"https:\/\/sgpsolucoes.com.br\/site\/wp-json\/wp\/v2\/tags?post=15965"}],"curies":[{"name":"wp","href":"https:\/\/api.w.org\/{rel}","templated":true}]}}