{"id":15977,"date":"2025-11-27T20:10:18","date_gmt":"2025-11-27T23:10:18","guid":{"rendered":"https:\/\/sgpsolucoes.com.br\/site\/?p=15977"},"modified":"2025-11-27T20:10:22","modified_gmt":"2025-11-27T23:10:22","slug":"contas-de-sao-joao-da-ponte-sao-rejeitadas-pelo-tribunal","status":"publish","type":"post","link":"https:\/\/sgpsolucoes.com.br\/site\/contas-de-sao-joao-da-ponte-sao-rejeitadas-pelo-tribunal\/","title":{"rendered":"Contas de S\u00e3o Jo\u00e3o da Ponte s\u00e3o rejeitadas pelo Tribunal"},"content":{"rendered":"<p class=\"has-text-align-center\"><em>S\u00e3o Jo\u00e3o da Ponte, no Norte de Minas<\/em><\/p><p>Nessa ter\u00e7a-feira (25\/11\/2025), o Colegiado da Primeira C\u00e2mara decidiu, por unanimidade, pela rejei\u00e7\u00e3o das contas do munic\u00edpio de S\u00e3o Jo\u00e3o da Ponte,\u00a0de responsabilidade\u00a0de Danilo Wagner Veloso, referente ao exerc\u00edcio de 2019.<\/p><p>De acordo com o relat\u00f3rio t\u00e9cnico, o munic\u00edpio aplicou 24,18% da receita base de c\u00e1lculo na manuten\u00e7\u00e3o e desenvolvimento do ensino, contrariando o m\u00ednimo constitucional de 25%. Al\u00e9m disso, deixou de adotar as medidas estabelecidas no Plano Nacional de Educa\u00e7\u00e3o (PNE) sobre a Meta 1, que trata da universaliza\u00e7\u00e3o da pr\u00e9-escola para crian\u00e7as de 4 a 5 anos e da expans\u00e3o da oferta de creches para atender pelo menos 50% das crian\u00e7as de at\u00e9 3 anos, e da Meta 18, que assegura aos profissionais da educa\u00e7\u00e3o b\u00e1sica e superior p\u00fablicas, a cria\u00e7\u00e3o de planos de carreira.<\/p><p>Ainda, n\u00e3o menos grave, o Munic\u00edpio obteve a \u201cFaixa C\u201d na avalia\u00e7\u00e3o do \u00cdndice de Efetividade da Gest\u00e3o Municipal (IEGM). Em outras palavras, alcan\u00e7ou baixo n\u00edvel de adequa\u00e7\u00e3o das pol\u00edticas e atividades p\u00fablicas na educa\u00e7\u00e3o, sa\u00fade, planejamento, gest\u00e3o fiscal, meio ambiente, cidades protegidas e governan\u00e7a em tecnologia.<\/p><p>Todas essas irregularidades apuradas s\u00e3o graves e justificam a rejei\u00e7\u00e3o das contas, de acordo com o entendimento do relator do Processo n.&nbsp;<a href=\"https:\/\/www.tce.mg.gov.br\/pesquisa_processo.asp?cod_processo=1092099\">1092099<\/a>, conselheiro em exerc\u00edcio Telmo Passareli, que foi acompanhado pelos conselheiros presentes \u00e0 sess\u00e3o.&nbsp;&nbsp;&nbsp;<\/p><p><em>Regina Kelles | Coordenadoria de Imprensa<\/em><\/p><p><strong>Fonte: TCE-MG<\/strong><\/p>\n    <div class=\"xs_social_share_widget xs_share_url after_content \t\tmain_content  wslu-style-1 wslu-share-box-shaped wslu-fill-colored wslu-none wslu-share-horizontal wslu-theme-font-no wslu-main_content\">\n\n\t\t\n        <ul>\n\t\t\t        <\/ul>\n    <\/div> \n","protected":false},"excerpt":{"rendered":"<p>Nessa ter\u00e7a-feira (25\/11\/2025), o Colegiado da Primeira C\u00e2mara decidiu, por unanimidade, pela rejei\u00e7\u00e3o das contas do munic\u00edpio de S\u00e3o Jo\u00e3o da Ponte,\u00a0de responsabilidade\u00a0de Danilo Wagner Veloso, referente ao exerc\u00edcio de 2019.<\/p>\n","protected":false},"author":5,"featured_media":0,"comment_status":"open","ping_status":"open","sticky":false,"template":"","format":"standard","meta":{"postBodyCss":"","postBodyMargin":[],"postBodyPadding":[],"postBodyBackground":{"backgroundType":"classic","gradient":""},"_price":"","_stock":"","_tribe_ticket_header":"","_tribe_default_ticket_provider":"","_tribe_ticket_capacity":"0","_ticket_start_date":"","_ticket_end_date":"","_tribe_ticket_show_description":"","_tribe_ticket_show_not_going":false,"_tribe_ticket_use_global_stock":"","_tribe_ticket_global_stock_level":"","_global_stock_mode":"","_global_stock_cap":"","_tribe_rsvp_for_event":"","_tribe_ticket_going_count":"","_tribe_ticket_not_going_count":"","_tribe_tickets_list":"[]","_tribe_ticket_has_attendee_info_fields":false,"footnotes":""},"categories":[46],"tags":[1051,1338,17232,8070,17234,17235,15297,17233,17236,678,3399,655,17231,361,597,1043],"class_list":["post-15977","post","type-post","status-publish","format-standard","hentry","category-noticias","tag-colegiado","tag-contas","tag-danilo-wagner-veloso","tag-exercicio-de-2019","tag-iegm","tag-indice-de-efetividade-da-gestao-municipal","tag-norte-de-minas","tag-plano-nacional-de-educacao","tag-pne","tag-primeira-camara","tag-rejeitadas","tag-responsabilidade","tag-sao-joao-da-ponte","tag-tce-mg","tag-tribunal","tag-unanimidade"],"acf":[],"_links":{"self":[{"href":"https:\/\/sgpsolucoes.com.br\/site\/wp-json\/wp\/v2\/posts\/15977"}],"collection":[{"href":"https:\/\/sgpsolucoes.com.br\/site\/wp-json\/wp\/v2\/posts"}],"about":[{"href":"https:\/\/sgpsolucoes.com.br\/site\/wp-json\/wp\/v2\/types\/post"}],"author":[{"embeddable":true,"href":"https:\/\/sgpsolucoes.com.br\/site\/wp-json\/wp\/v2\/users\/5"}],"replies":[{"embeddable":true,"href":"https:\/\/sgpsolucoes.com.br\/site\/wp-json\/wp\/v2\/comments?post=15977"}],"version-history":[{"count":0,"href":"https:\/\/sgpsolucoes.com.br\/site\/wp-json\/wp\/v2\/posts\/15977\/revisions"}],"wp:attachment":[{"href":"https:\/\/sgpsolucoes.com.br\/site\/wp-json\/wp\/v2\/media?parent=15977"}],"wp:term":[{"taxonomy":"category","embeddable":true,"href":"https:\/\/sgpsolucoes.com.br\/site\/wp-json\/wp\/v2\/categories?post=15977"},{"taxonomy":"post_tag","embeddable":true,"href":"https:\/\/sgpsolucoes.com.br\/site\/wp-json\/wp\/v2\/tags?post=15977"}],"curies":[{"name":"wp","href":"https:\/\/api.w.org\/{rel}","templated":true}]}}