{"id":16005,"date":"2025-12-01T12:59:27","date_gmt":"2025-12-01T15:59:27","guid":{"rendered":"https:\/\/sgpsolucoes.com.br\/site\/?p=16005"},"modified":"2025-12-01T12:59:28","modified_gmt":"2025-12-01T15:59:28","slug":"stf-nega-possibilidade-de-candidaturas-sem-filiacao-partidaria","status":"publish","type":"post","link":"https:\/\/sgpsolucoes.com.br\/site\/stf-nega-possibilidade-de-candidaturas-sem-filiacao-partidaria\/","title":{"rendered":"STF nega possibilidade de candidaturas sem filia\u00e7\u00e3o partid\u00e1ria\u00a0"},"content":{"rendered":"<p class=\"has-text-align-center\"><em>Fellipe Sampaio\/ Supremo Tribunal Federal<\/em><\/p><p class=\"has-text-align-center\"><strong><em>Decis\u00e3o un\u00e2nime reconhece que\u00a0filia\u00e7\u00e3o a partidos pol\u00edticos \u00e9 uma exig\u00eancia da Constitui\u00e7\u00e3o Federal<\/em><\/strong><\/p><p>Por unanimidade, o Supremo Tribunal Federal (STF) afastou a possibilidade de candidaturas avulsas no sistema eleitoral brasileiro. A decis\u00e3o, tomada na sess\u00e3o virtual encerrada em 25\/11, refor\u00e7a o entendimento de que a Constitui\u00e7\u00e3o Federal estabelece a filia\u00e7\u00e3o partid\u00e1ria como requisito de&nbsp;elegibilidade.\u200b&nbsp;&nbsp;<\/p><p>A mat\u00e9ria foi objeto do Recurso Extraordin\u00e1rio&nbsp;<a href=\"https:\/\/portal.stf.jus.br\/processos\/detalhe.asp?incidente=5788240\" target=\"_blank\" rel=\"noreferrer noopener\"><strong>(RE) 1238853<\/strong><\/a>, com repercuss\u00e3o geral reconhecida (Tema 914). Assim, a tese fixada pelo STF dever\u00e1 ser aplicada a todos os casos semelhantes em tramita\u00e7\u00e3o no&nbsp;Judici\u00e1rio.\u200b&nbsp;<\/p><p>O caso que chegou ao STF envolveu dois cidad\u00e3os que tentaram concorrer, sem filia\u00e7\u00e3o partid\u00e1ria, aos cargos de prefeito e vice-prefeito do Rio de Janeiro nas elei\u00e7\u00f5es de 2016. Ap\u00f3s o pedido ter sido negado em todas as inst\u00e2ncias da Justi\u00e7a Eleitoral, eles recorreram ao Supremo, alegando, entre outros pontos, viola\u00e7\u00e3o aos princ\u00edpios constitucionais da cidadania, da dignidade da pessoa humana e do pluralismo pol\u00edtico. Al\u00e9m disso, sustentavam que o Pacto de S\u00e3o Jos\u00e9 da Costa Rica, do qual o Brasil \u00e9 signat\u00e1rio, impediria essa&nbsp;restri\u00e7\u00e3o.\u200b&nbsp;<\/p><p>Na sess\u00e3o em que reconheceu a repercuss\u00e3o geral da mat\u00e9ria, o Plen\u00e1rio declarou a perda do objeto do recurso,&nbsp;por j\u00e1 terem sido realizadas as elei\u00e7\u00f5es de 2016, mas&nbsp;manteve a an\u00e1lise de m\u00e9rito,&nbsp;a fim de fixar entendimento sobre o&nbsp;tema.\u200b&nbsp;<\/p><h5 class=\"wp-block-heading\"><strong>Exig\u00eancia fundamental&nbsp;<\/strong><\/h5><p>Em seu voto, o relator, ministro Lu\u00eds Roberto Barroso (aposentado), destacou que, embora candidaturas avulsas existam em diversas democracias e possam ampliar as op\u00e7\u00f5es do eleitorado, a Constitui\u00e7\u00e3o de 1988 estabeleceu que a filia\u00e7\u00e3o partid\u00e1ria \u00e9 condi\u00e7\u00e3o obrigat\u00f3ria para que&nbsp;pessoas possam se candidatar em elei\u00e7\u00f5es. Ele ressaltou que a jurisprud\u00eancia do STF considera a vincula\u00e7\u00e3o dos candidatos a partidos pol\u00edticos uma exig\u00eancia fundamental para a organiza\u00e7\u00e3o e a integridade do sistema representativo brasileiro.&nbsp;<\/p><p>Barroso&nbsp;observou&nbsp;ainda que essa exig\u00eancia vem sendo reafirmada pelo Congresso Nacional, que, ao aprovar diversas leis eleitorais, tem refor\u00e7ado a centralidade dos partidos no sistema pol\u00edtico brasileiro como meio de combater a fragmenta\u00e7\u00e3o e assegurar a estabilidade do regime&nbsp;democr\u00e1tico.\u200b&nbsp;<\/p><p>Por fim, o ministro destacou que n\u00e3o h\u00e1 um cen\u00e1rio de omiss\u00e3o inconstitucional que justifique&nbsp;a excepcional interven\u00e7\u00e3o do Poder Judici\u00e1rio. Ele ponderou que \u00e9 poss\u00edvel e leg\u00edtimo questionar se o modelo de vincula\u00e7\u00e3o necess\u00e1ria a partidos pol\u00edticos \u00e9 o ideal, mas n\u00e3o cabe ao STF&nbsp;reform\u00e1-lo sem a participa\u00e7\u00e3o do Congresso&nbsp;Nacional.\u200b&nbsp;<\/p><h5 class=\"wp-block-heading\"><strong>Tese&nbsp;<\/strong><\/h5><p>Foi fixada a seguinte tese de repercuss\u00e3o geral:&nbsp;<\/p><p>\u201cN\u00e3o s\u00e3o admitidas candidaturas avulsas no sistema eleitoral brasileiro, prevalecendo a filia\u00e7\u00e3o partid\u00e1ria como condi\u00e7\u00e3o de elegibilidade, nos termos do art. 14, \u00a7 3\u00ba, V, da Constitui\u00e7\u00e3o.\u201d\u200b&nbsp;<br>&nbsp;<br><strong>Leia mais:&nbsp;<\/strong><\/p><p>09\/12\/2019 \u2013&nbsp;<a href=\"https:\/\/noticias.stf.jus.br\/postsnoticias\/ministro-barroso-ressalta-pluralidade-dos-debates-e-dos-argumentos-pro-e-contra-as-candidaturas-avulsas\/\" target=\"_blank\" rel=\"noreferrer noopener\">Ministro Barroso ressalta pluralidade dos debates e dos argumentos pr\u00f3 e contra as candidaturas avulsas<\/a>&nbsp;&nbsp;<\/p><p>05\/10\/2017 \u2013&nbsp;<a href=\"https:\/\/portal.stf.jus.br\/noticias\/verNoticiaDetalhe.asp?idConteudo=358255\" target=\"_blank\" rel=\"noreferrer noopener\">STF vai discutir se candidatura avulsa \u00e9 constitucional<\/a>&nbsp;<\/p><p><em>(Jorge Macedo\/AD\/\/CF)&nbsp;<\/em><\/p><p><strong>Fonte: STF<\/strong><\/p>\n    <div class=\"xs_social_share_widget xs_share_url after_content \t\tmain_content  wslu-style-1 wslu-share-box-shaped wslu-fill-colored wslu-none wslu-share-horizontal wslu-theme-font-no wslu-main_content\">\n\n\t\t\n        <ul>\n\t\t\t        <\/ul>\n    <\/div> \n","protected":false},"excerpt":{"rendered":"<p>Por unanimidade, o Supremo Tribunal Federal (STF) afastou a possibilidade de candidaturas avulsas no sistema eleitoral brasileiro. A decis\u00e3o, tomada na sess\u00e3o virtual encerrada em 25\/11, refor\u00e7a o entendimento de que a Constitui\u00e7\u00e3o Federal estabelece a filia\u00e7\u00e3o partid\u00e1ria como requisito de\u00a0elegibilidade.\u200b\u00a0\u00a0<\/p>\n","protected":false},"author":5,"featured_media":0,"comment_status":"open","ping_status":"open","sticky":false,"template":"","format":"standard","meta":{"postBodyCss":"","postBodyMargin":[],"postBodyPadding":[],"postBodyBackground":{"backgroundType":"classic","gradient":""},"_price":"","_stock":"","_tribe_ticket_header":"","_tribe_default_ticket_provider":"","_tribe_ticket_capacity":"0","_ticket_start_date":"","_ticket_end_date":"","_tribe_ticket_show_description":"","_tribe_ticket_show_not_going":false,"_tribe_ticket_use_global_stock":"","_tribe_ticket_global_stock_level":"","_global_stock_mode":"","_global_stock_cap":"","_tribe_rsvp_for_event":"","_tribe_ticket_going_count":"","_tribe_ticket_not_going_count":"","_tribe_tickets_list":"[]","_tribe_ticket_has_attendee_info_fields":false,"footnotes":""},"categories":[46],"tags":[17274,17271,1047,5287,4856,17270,13632,17272,2728,17273,347,348,1043],"class_list":["post-16005","post","type-post","status-publish","format-standard","hentry","category-noticias","tag-candidaturas-avulsas","tag-candidaturas-sem-filiacao-partidaria","tag-constituicao-federal","tag-decisao-unanime","tag-elegibilidade","tag-exigencia-da-constituicao-federal","tag-filiacao","tag-filiacao-partidaria","tag-partidos-politicos","tag-sistema-eleitoral-brasileiro","tag-stf","tag-supremo-tribunal-federal","tag-unanimidade"],"acf":[],"_links":{"self":[{"href":"https:\/\/sgpsolucoes.com.br\/site\/wp-json\/wp\/v2\/posts\/16005"}],"collection":[{"href":"https:\/\/sgpsolucoes.com.br\/site\/wp-json\/wp\/v2\/posts"}],"about":[{"href":"https:\/\/sgpsolucoes.com.br\/site\/wp-json\/wp\/v2\/types\/post"}],"author":[{"embeddable":true,"href":"https:\/\/sgpsolucoes.com.br\/site\/wp-json\/wp\/v2\/users\/5"}],"replies":[{"embeddable":true,"href":"https:\/\/sgpsolucoes.com.br\/site\/wp-json\/wp\/v2\/comments?post=16005"}],"version-history":[{"count":0,"href":"https:\/\/sgpsolucoes.com.br\/site\/wp-json\/wp\/v2\/posts\/16005\/revisions"}],"wp:attachment":[{"href":"https:\/\/sgpsolucoes.com.br\/site\/wp-json\/wp\/v2\/media?parent=16005"}],"wp:term":[{"taxonomy":"category","embeddable":true,"href":"https:\/\/sgpsolucoes.com.br\/site\/wp-json\/wp\/v2\/categories?post=16005"},{"taxonomy":"post_tag","embeddable":true,"href":"https:\/\/sgpsolucoes.com.br\/site\/wp-json\/wp\/v2\/tags?post=16005"}],"curies":[{"name":"wp","href":"https:\/\/api.w.org\/{rel}","templated":true}]}}