{"id":16017,"date":"2025-12-01T13:24:37","date_gmt":"2025-12-01T16:24:37","guid":{"rendered":"https:\/\/sgpsolucoes.com.br\/site\/?p=16017"},"modified":"2025-12-01T13:24:38","modified_gmt":"2025-12-01T16:24:38","slug":"presidente-do-tcmpa-alerta-prefeituras-sobre-demissao-e-recontratacao-de-professores-temporarios","status":"publish","type":"post","link":"https:\/\/sgpsolucoes.com.br\/site\/presidente-do-tcmpa-alerta-prefeituras-sobre-demissao-e-recontratacao-de-professores-temporarios\/","title":{"rendered":"Presidente do TCMPA alerta prefeituras sobre demiss\u00e3o e recontrata\u00e7\u00e3o de professores tempor\u00e1rios"},"content":{"rendered":"<p><a href=\"https:\/\/www.tcmpa.tc.br\/author\/raphael-carvalho\/\"><br><\/a>Na \u00faltima quinta-feira (27\/11\/2025), o Tribunal de Contas dos Munic\u00edpios do Par\u00e1 (TCMPA) publicou um alerta, no Di\u00e1rio Oficial Eletr\u00f4nico da Corte de Contas, para todas as prefeituras e secretarias de Educa\u00e7\u00e3o dos 144 munic\u00edpios. Nesse documento, \u00e9 recomendado que os \u00f3rg\u00e3os municipais n\u00e3o demitam professores tempor\u00e1rios durante recesso e f\u00e9rias escolares e, logo em seguida, recontratem esses mesmos profissionais.<\/p><p>\u201cEsse alerta do TCM foi feito porque estava sendo uma pr\u00e1tica comum em muitos munic\u00edpios, professores contratados temporariamente serem demitidos, por exemplo, in\u00edcio de dezembro e serem recontratados em janeiro ou fevereiro do ano seguinte\u201d, explicou o presidente do TCMPA, conselheiro L\u00facio Vale.<\/p><p>\u201cCom esse alerta, deliberado pelo Plen\u00e1rio do TCM, queremos evitar essa pr\u00e1tica considerada ilegal e que vai de encontro a decis\u00f5es anteriores do pr\u00f3prio Tribunal e do Supremo Tribunal Federal. Ent\u00e3o, n\u00f3s do TCM, estamos indicando \u00e0s prefeituras que revisem suas leis e contratos de trabalho tempor\u00e1rio, para tirar qualquer cl\u00e1usula que permita a suspens\u00e3o de pagamento ou a interrup\u00e7\u00e3o do v\u00ednculo durante o recesso escolar, nessas condi\u00e7\u00f5es citadas\u201d.<\/p><p>O TCMPA destaca na publica\u00e7\u00e3o que o descumprimento deste alerta pode levar \u00e0 puni\u00e7\u00e3o dos prefeitos e dos secret\u00e1rios de Educa\u00e7\u00e3o dos munic\u00edpios. Em casos mais graves, o TCMPA pode comunicar o Minist\u00e9rio P\u00fablico Estadual para que tome as medidas cab\u00edveis.<\/p><p>O alerta do Tribunal possui um car\u00e1ter preventivo, ou seja, serve como orienta\u00e7\u00e3o para que os gestores ajam corretamente e com vistas \u00e0 qualidade da pol\u00edtica p\u00fablica educacional ofertada nos munic\u00edpios paraenses.<\/p><p><strong>Fonte: TCMPA<\/strong><\/p>\n    <div class=\"xs_social_share_widget xs_share_url after_content \t\tmain_content  wslu-style-1 wslu-share-box-shaped wslu-fill-colored wslu-none wslu-share-horizontal wslu-theme-font-no wslu-main_content\">\n\n\t\t\n        <ul>\n\t\t\t        <\/ul>\n    <\/div> \n","protected":false},"excerpt":{"rendered":"<p>Na \u00faltima quinta-feira (27\/11\/2025), o Tribunal de Contas dos Munic\u00edpios do Par\u00e1 (TCMPA) publicou um alerta, no Di\u00e1rio Oficial Eletr\u00f4nico da Corte de Contas, para todas as prefeituras e secretarias de Educa\u00e7\u00e3o dos 144 munic\u00edpios. Nesse documento, \u00e9 recomendado que os \u00f3rg\u00e3os municipais n\u00e3o demitam professores tempor\u00e1rios durante recesso e f\u00e9rias escolares e, logo em seguida, recontratem esses mesmos profissionais.<\/p>\n","protected":false},"author":5,"featured_media":0,"comment_status":"open","ping_status":"open","sticky":false,"template":"","format":"standard","meta":{"postBodyCss":"","postBodyMargin":[],"postBodyPadding":[],"postBodyBackground":{"backgroundType":"classic","gradient":""},"_price":"","_stock":"","_tribe_ticket_header":"","_tribe_default_ticket_provider":"","_tribe_ticket_capacity":"0","_ticket_start_date":"","_ticket_end_date":"","_tribe_ticket_show_description":"","_tribe_ticket_show_not_going":false,"_tribe_ticket_use_global_stock":"","_tribe_ticket_global_stock_level":"","_global_stock_mode":"","_global_stock_cap":"","_tribe_rsvp_for_event":"","_tribe_ticket_going_count":"","_tribe_ticket_not_going_count":"","_tribe_tickets_list":"[]","_tribe_ticket_has_attendee_info_fields":false,"footnotes":""},"categories":[46],"tags":[754,2600,17202,2108,12732,4205,154,7182,7179],"class_list":["post-16017","post","type-post","status-publish","format-standard","hentry","category-noticias","tag-alerta","tag-demissao","tag-ferias-escolares","tag-prefeituras","tag-professores-temporarios","tag-recesso","tag-recontratacao","tag-tcmpa","tag-tribunal-de-contas-dos-municipios-do-para"],"acf":[],"_links":{"self":[{"href":"https:\/\/sgpsolucoes.com.br\/site\/wp-json\/wp\/v2\/posts\/16017"}],"collection":[{"href":"https:\/\/sgpsolucoes.com.br\/site\/wp-json\/wp\/v2\/posts"}],"about":[{"href":"https:\/\/sgpsolucoes.com.br\/site\/wp-json\/wp\/v2\/types\/post"}],"author":[{"embeddable":true,"href":"https:\/\/sgpsolucoes.com.br\/site\/wp-json\/wp\/v2\/users\/5"}],"replies":[{"embeddable":true,"href":"https:\/\/sgpsolucoes.com.br\/site\/wp-json\/wp\/v2\/comments?post=16017"}],"version-history":[{"count":0,"href":"https:\/\/sgpsolucoes.com.br\/site\/wp-json\/wp\/v2\/posts\/16017\/revisions"}],"wp:attachment":[{"href":"https:\/\/sgpsolucoes.com.br\/site\/wp-json\/wp\/v2\/media?parent=16017"}],"wp:term":[{"taxonomy":"category","embeddable":true,"href":"https:\/\/sgpsolucoes.com.br\/site\/wp-json\/wp\/v2\/categories?post=16017"},{"taxonomy":"post_tag","embeddable":true,"href":"https:\/\/sgpsolucoes.com.br\/site\/wp-json\/wp\/v2\/tags?post=16017"}],"curies":[{"name":"wp","href":"https:\/\/api.w.org\/{rel}","templated":true}]}}