{"id":16027,"date":"2025-12-03T13:35:50","date_gmt":"2025-12-03T16:35:50","guid":{"rendered":"https:\/\/sgpsolucoes.com.br\/site\/?p=16027"},"modified":"2025-12-03T13:35:51","modified_gmt":"2025-12-03T16:35:51","slug":"governador-contesta-no-stf-ampliacao-de-emendas-impositivas-em-rondonia","status":"publish","type":"post","link":"https:\/\/sgpsolucoes.com.br\/site\/governador-contesta-no-stf-ampliacao-de-emendas-impositivas-em-rondonia\/","title":{"rendered":"Governador contesta no STF amplia\u00e7\u00e3o de emendas impositivas em Rond\u00f4nia\u00a0"},"content":{"rendered":"<p class=\"has-text-align-center\"><em>Foto: Fellipe Sampaio\/ STF<\/em><\/p><p class=\"has-text-align-center\"><em><strong>Governo estadual alega\u00e7\u00f5es de votos em mudan\u00e7a que tornam obrigat\u00f3ria a execu\u00e7\u00e3o de emendas de comiss\u00f5es parlamentares<\/strong><\/em><\/p><p>O governador de Rond\u00f4nia em exerc\u00edcio, Raduan Miguel Filho, ajuizou no Supremo Tribunal Federal (STF) a A\u00e7\u00e3o Direta de Inconstitucionalidade&nbsp;&nbsp;<a href=\"https:\/\/portal.stf.jus.br\/processos\/detalhe.asp?incidente=7449443\" target=\"_blank\" rel=\"noreferrer noopener\"><strong>(ADI) 7.906<\/strong><\/a>&nbsp;&nbsp;para contestar uma emenda \u00e0 constitui\u00e7\u00e3o estadual que ampliou a execu\u00e7\u00e3o obrigat\u00f3ria das emendas parlamentares. O relator \u00e9 o ministro Dias Toffoli.&nbsp;<\/p><p>Segundo o governador, as altera\u00e7\u00f5es alteradas pela Emenda Constitucional estadual 171\/2024 ao artigo 136-A da constitui\u00e7\u00e3o do estado determinam que as dota\u00e7\u00f5es das emendas sejam identificadas na Lei Or\u00e7ament\u00e1ria Anual (LOA). Os valores devem ser definidos na Lei de Diretrizes Or\u00e7ament\u00e1rias (LDO), e a execu\u00e7\u00e3o obrigat\u00f3ria deve alcan\u00e7ar tamb\u00e9m as emendas de comiss\u00f5es e de bancada, cada uma limitada a 1% da receita corrente l\u00edquida do ano anterior.&nbsp;<\/p><p>Raduan Miguel Filho sustenta que a amplia\u00e7\u00e3o promovida pela emenda contr\u00e1ria ao modelo federal, uma vez que a Constitui\u00e7\u00e3o da Rep\u00fablica s\u00f3 torna impositivas as emendas individuais e de bancada, n\u00e3o as de comiss\u00f5es. Alega, ainda, que a Assembleia Legislativa usurpou compet\u00eancia privativa do Executivo ao mudar regras or\u00e7ament\u00e1rias por meio de emenda constitucional, violando a separa\u00e7\u00e3o de Poderes.&nbsp;&nbsp;<\/p><p>Outro argumento \u00e9 que, a partir da entrada em vigor da norma, j\u00e1 houve a dota\u00e7\u00e3o das emendas de bancada e de comiss\u00f5es permanentes ao projeto da LOA e que esses valores s\u00e3o de execu\u00e7\u00e3o obrigat\u00f3ria, tendo como refer\u00eancia a receita corrente l\u00edquida prevista no ano anterior.&nbsp;<\/p><p>Na ADI, o governador pede medida cautelar para suspender imediatamente a efic\u00e1cia da Emenda 171\/2024, com efeitos retroativos, e, sem m\u00e9rito, a declara\u00e7\u00e3o de sua inconstitucionalidade.&nbsp;<\/p><h5 class=\"wp-block-heading\"><em>(Jorge Macedo\/CR\/\/CF)<\/em><strong><em>&nbsp;<\/em><\/strong><em><\/em><\/h5><p><strong>Fonte: STF<\/strong><\/p>\n    <div class=\"xs_social_share_widget xs_share_url after_content \t\tmain_content  wslu-style-1 wslu-share-box-shaped wslu-fill-colored wslu-none wslu-share-horizontal wslu-theme-font-no wslu-main_content\">\n\n\t\t\n        <ul>\n\t\t\t        <\/ul>\n    <\/div> \n","protected":false},"excerpt":{"rendered":"<p>O governador de Rond\u00f4nia em exerc\u00edcio, Raduan Miguel Filho, ajuizou no Supremo Tribunal Federal (STF) a A\u00e7\u00e3o Direta de Inconstitucionalidade\u00a0\u00a0(ADI) 7.906\u00a0\u00a0para contestar uma emenda \u00e0 constitui\u00e7\u00e3o estadual que ampliou a execu\u00e7\u00e3o obrigat\u00f3ria das emendas parlamentares. O relator \u00e9 o ministro Dias Toffoli.\u00a0<\/p>\n","protected":false},"author":5,"featured_media":0,"comment_status":"open","ping_status":"open","sticky":false,"template":"","format":"standard","meta":{"postBodyCss":"","postBodyMargin":[],"postBodyPadding":[],"postBodyBackground":{"backgroundType":"classic","gradient":""},"_price":"","_stock":"","_tribe_ticket_header":"","_tribe_default_ticket_provider":"","_tribe_ticket_capacity":"0","_ticket_start_date":"","_ticket_end_date":"","_tribe_ticket_show_description":"","_tribe_ticket_show_not_going":false,"_tribe_ticket_use_global_stock":"","_tribe_ticket_global_stock_level":"","_global_stock_mode":"","_global_stock_cap":"","_tribe_rsvp_for_event":"","_tribe_ticket_going_count":"","_tribe_ticket_not_going_count":"","_tribe_tickets_list":"[]","_tribe_ticket_has_attendee_info_fields":false,"footnotes":""},"categories":[46],"tags":[1054,17291,1811,17289,7601,2472,1032,17290,3415,347,348],"class_list":["post-16027","post","type-post","status-publish","format-standard","hentry","category-noticias","tag-acao-direta-de-inconstitucionalidade","tag-adi-7-906","tag-constituicao-estadual","tag-emendas-de-comissoes-parlamentares","tag-emendas-impositivas","tag-emendas-parlamentares","tag-governador","tag-raduan-miguel-filho","tag-rondonia","tag-stf","tag-supremo-tribunal-federal"],"acf":[],"_links":{"self":[{"href":"https:\/\/sgpsolucoes.com.br\/site\/wp-json\/wp\/v2\/posts\/16027"}],"collection":[{"href":"https:\/\/sgpsolucoes.com.br\/site\/wp-json\/wp\/v2\/posts"}],"about":[{"href":"https:\/\/sgpsolucoes.com.br\/site\/wp-json\/wp\/v2\/types\/post"}],"author":[{"embeddable":true,"href":"https:\/\/sgpsolucoes.com.br\/site\/wp-json\/wp\/v2\/users\/5"}],"replies":[{"embeddable":true,"href":"https:\/\/sgpsolucoes.com.br\/site\/wp-json\/wp\/v2\/comments?post=16027"}],"version-history":[{"count":0,"href":"https:\/\/sgpsolucoes.com.br\/site\/wp-json\/wp\/v2\/posts\/16027\/revisions"}],"wp:attachment":[{"href":"https:\/\/sgpsolucoes.com.br\/site\/wp-json\/wp\/v2\/media?parent=16027"}],"wp:term":[{"taxonomy":"category","embeddable":true,"href":"https:\/\/sgpsolucoes.com.br\/site\/wp-json\/wp\/v2\/categories?post=16027"},{"taxonomy":"post_tag","embeddable":true,"href":"https:\/\/sgpsolucoes.com.br\/site\/wp-json\/wp\/v2\/tags?post=16027"}],"curies":[{"name":"wp","href":"https:\/\/api.w.org\/{rel}","templated":true}]}}