{"id":16085,"date":"2025-12-05T12:17:00","date_gmt":"2025-12-05T15:17:00","guid":{"rendered":"https:\/\/sgpsolucoes.com.br\/site\/?p=16085"},"modified":"2025-12-05T12:17:01","modified_gmt":"2025-12-05T15:17:01","slug":"stf-rejeita-pedido-de-reconsideracao-da-agu-sobre-lei-do-impeachment","status":"publish","type":"post","link":"https:\/\/sgpsolucoes.com.br\/site\/stf-rejeita-pedido-de-reconsideracao-da-agu-sobre-lei-do-impeachment\/","title":{"rendered":"STF rejeita pedido de reconsidera\u00e7\u00e3o da AGU sobre Lei do Impeachment"},"content":{"rendered":"<p class=\"has-text-align-center\"><em>Foto: Antonio Augusto\/STF<\/em><\/p><p class=\"has-text-align-center\"><strong><em>Ministro Gilmar Mendes considerou que pedido \u00e9 incab\u00edvel, pois n\u00e3o \u00e9 contemplado pelo ordenamento jur\u00eddico brasileiro<\/em><\/strong><\/p><p>O ministro Gilmar Mendes, do Supremo Tribunal Federal (STF), rejeitou, nesta quinta-feira (4\/12\/2025), o pedido de reconsidera\u00e7\u00e3o apresentado pela Advocacia-Geral da Uni\u00e3o (AGU) sobre a decis\u00e3o que suspendeu trechos da Lei do Impeachment (Lei 1.079\/1950).<\/p><p>Na quarta-feira (3\/12\/2025), o ministro considerou que alguns artigos da legisla\u00e7\u00e3o s\u00e3o incompat\u00edveis com a Constitui\u00e7\u00e3o Federal. Os dispositivos tratam, entre outros pontos, do qu\u00f3rum necess\u00e1rio para a abertura de processo de impeachment de ministros do STF no Senado e da compet\u00eancia para apresenta\u00e7\u00e3o de den\u00fancias por crimes de responsabilidade.<\/p><p>Em decis\u00e3o proferida hoje, o ministro afirmou que o pedido de reconsidera\u00e7\u00e3o da AGU \u00e9 incab\u00edvel, uma vez que o ordenamento jur\u00eddico brasileiro n\u00e3o prev\u00ea esse tipo de recurso.<\/p><p>Mendes refor\u00e7ou ainda que permanecem presentes, em sua avalia\u00e7\u00e3o, os requisitos para a concess\u00e3o da medida cautelar (provis\u00f3ria).<\/p><p>\u201cA medida cautelar deferida, al\u00e9m de encontrar fiel amparo na Constitui\u00e7\u00e3o Federal, mostra-se indispens\u00e1vel para fazer cessar um estado de coisas manifestamente incompat\u00edvel com o texto constitucional. Inexistem, portanto, raz\u00f5es para altera\u00e7\u00e3o dos termos da decis\u00e3o\u201d, afirmou.<\/p><p>O ministro lembrou tamb\u00e9m que a an\u00e1lise das Argui\u00e7\u00f5es de Descumprimento de Preceito Fundamental (ADPFs)&nbsp;<a href=\"https:\/\/portal.stf.jus.br\/processos\/detalhe.asp?incidente=7374620\" target=\"_blank\" rel=\"noreferrer noopener\"><strong>1259<\/strong><\/a>&nbsp;e&nbsp;<a href=\"https:\/\/portal.stf.jus.br\/processos\/detalhe.asp?incidente=7374621\" target=\"_blank\" rel=\"noreferrer noopener\"><strong>1260<\/strong><\/a>&nbsp;ser\u00e1 realizada na sess\u00e3o plen\u00e1ria virtual com in\u00edcio em 12 de dezembro.<\/p><p>Confira a&nbsp;<a href=\"https:\/\/noticias-stf-wp-prd.s3.sa-east-1.amazonaws.com\/wp-content\/uploads\/wpallimport\/uploads\/2025\/12\/04151454\/downloadPeca.asp-23.pdf\" target=\"_blank\" rel=\"noreferrer noopener\">\u00edntegra da decis\u00e3o<\/a>.<\/p><p><strong>Leia mais:<\/strong><\/p><p>03\/12\/2025 \u2013&nbsp;<a href=\"https:\/\/noticias.stf.jus.br\/postsnoticias\/stf-suspende-trechos-da-lei-de-impeachment-sobre-afastamento-de-ministros\/\" target=\"_blank\" rel=\"noreferrer noopener\">STF suspende trechos da Lei de Impeachment sobre afastamento de ministros<\/a><\/p><p><strong>Fonte: STF<\/strong><\/p>\n    <div class=\"xs_social_share_widget xs_share_url after_content \t\tmain_content  wslu-style-1 wslu-share-box-shaped wslu-fill-colored wslu-none wslu-share-horizontal wslu-theme-font-no wslu-main_content\">\n\n\t\t\n        <ul>\n\t\t\t        <\/ul>\n    <\/div> \n","protected":false},"excerpt":{"rendered":"<p>O ministro Gilmar Mendes, do Supremo Tribunal Federal (STF), rejeitou, nesta quinta-feira (4), o pedido de reconsidera\u00e7\u00e3o apresentado pela Advocacia-Geral da Uni\u00e3o (AGU) sobre a decis\u00e3o que suspendeu trechos da Lei do Impeachment (Lei 1.079\/1950).<\/p>\n","protected":false},"author":5,"featured_media":0,"comment_status":"open","ping_status":"open","sticky":false,"template":"","format":"standard","meta":{"postBodyCss":"","postBodyMargin":[],"postBodyPadding":[],"postBodyBackground":{"backgroundType":"classic","gradient":""},"_price":"","_stock":"","_tribe_ticket_header":"","_tribe_default_ticket_provider":"","_tribe_ticket_capacity":"0","_ticket_start_date":"","_ticket_end_date":"","_tribe_ticket_show_description":"","_tribe_ticket_show_not_going":false,"_tribe_ticket_use_global_stock":"","_tribe_ticket_global_stock_level":"","_global_stock_mode":"","_global_stock_cap":"","_tribe_rsvp_for_event":"","_tribe_ticket_going_count":"","_tribe_ticket_not_going_count":"","_tribe_tickets_list":"[]","_tribe_ticket_has_attendee_info_fields":false,"footnotes":""},"categories":[46],"tags":[1408,79,1076,17367,17305,17304,10673,9902,5149,6724,347,348],"class_list":["post-16085","post","type-post","status-publish","format-standard","hentry","category-noticias","tag-advocacia-geral-da-uniao","tag-agu","tag-gilmar-mendes","tag-impeachment","tag-lei-do-impeachment","tag-lei-n-1-079-1950","tag-ministro-gilmar-mendes","tag-ordenamento-juridico","tag-pedido-de-reconsideracao","tag-reconsideracao","tag-stf","tag-supremo-tribunal-federal"],"acf":[],"_links":{"self":[{"href":"https:\/\/sgpsolucoes.com.br\/site\/wp-json\/wp\/v2\/posts\/16085"}],"collection":[{"href":"https:\/\/sgpsolucoes.com.br\/site\/wp-json\/wp\/v2\/posts"}],"about":[{"href":"https:\/\/sgpsolucoes.com.br\/site\/wp-json\/wp\/v2\/types\/post"}],"author":[{"embeddable":true,"href":"https:\/\/sgpsolucoes.com.br\/site\/wp-json\/wp\/v2\/users\/5"}],"replies":[{"embeddable":true,"href":"https:\/\/sgpsolucoes.com.br\/site\/wp-json\/wp\/v2\/comments?post=16085"}],"version-history":[{"count":0,"href":"https:\/\/sgpsolucoes.com.br\/site\/wp-json\/wp\/v2\/posts\/16085\/revisions"}],"wp:attachment":[{"href":"https:\/\/sgpsolucoes.com.br\/site\/wp-json\/wp\/v2\/media?parent=16085"}],"wp:term":[{"taxonomy":"category","embeddable":true,"href":"https:\/\/sgpsolucoes.com.br\/site\/wp-json\/wp\/v2\/categories?post=16085"},{"taxonomy":"post_tag","embeddable":true,"href":"https:\/\/sgpsolucoes.com.br\/site\/wp-json\/wp\/v2\/tags?post=16085"}],"curies":[{"name":"wp","href":"https:\/\/api.w.org\/{rel}","templated":true}]}}