{"id":16140,"date":"2025-12-15T11:17:40","date_gmt":"2025-12-15T14:17:40","guid":{"rendered":"https:\/\/sgpsolucoes.com.br\/site\/?p=16140"},"modified":"2025-12-15T11:19:45","modified_gmt":"2025-12-15T14:19:45","slug":"stf-homologa-acordo-sobre-participacao-da-uniao-na-eletrobras","status":"publish","type":"post","link":"https:\/\/sgpsolucoes.com.br\/site\/stf-homologa-acordo-sobre-participacao-da-uniao-na-eletrobras\/","title":{"rendered":"STF homologa acordo sobre participa\u00e7\u00e3o da Uni\u00e3o na Eletrobras\u00a0\u00a0"},"content":{"rendered":"<p class=\"has-text-align-center\"><strong><em>Por maioria, Corte validou integralmente a concilia\u00e7\u00e3o firmada entre Uni\u00e3o e empresa ap\u00f3s a privatiza\u00e7\u00e3o<\/em><\/strong><\/p><p>Na sess\u00e3o plen\u00e1ria desta quinta-feira (11\/12\/2025), o Supremo Tribunal Federal (STF) homologou, por maioria, o acordo firmado entre a Uni\u00e3o e a Eletrobras (Centrais El\u00e9tricas Brasileiras S.A.) para compensar a redu\u00e7\u00e3o do poder de voto do Executivo no conselho da empresa ap\u00f3s sua desestatiza\u00e7\u00e3o.&nbsp;&nbsp;<\/p><p>Com o voto do ministro Luiz Fux, que acompanhou integralmente o relator, ministro Nunes Marques, formou-se maioria de seis votos pela homologa\u00e7\u00e3o total do termo de concilia\u00e7\u00e3o celebrado na C\u00e2mara de Concilia\u00e7\u00e3o e Arbitragem da Administra\u00e7\u00e3o Federal (CCAF). Ficaram vencidos os ministros Alexandre de Moraes, Fl\u00e1vio Dino&nbsp;e Edson Fachin,&nbsp;presidente da Corte,&nbsp;e a ministra&nbsp;C\u00e1rmen&nbsp;L\u00facia,&nbsp;que votaram pela&nbsp;homologa\u00e7\u00e3o parcial.&nbsp;&nbsp;<\/p><h5 class=\"wp-block-heading\"><strong>Limita\u00e7\u00e3o&nbsp;<\/strong><strong>&nbsp;<\/strong><\/h5><p>A Presid\u00eancia da Rep\u00fablica acionou o STF em 2023, com a A\u00e7\u00e3o Direta de Inconstitucionalidade&nbsp;<strong><a href=\"https:\/\/portal.stf.jus.br\/processos\/detalhe.asp?incidente=6635975\" target=\"_blank\" rel=\"noreferrer noopener\">(ADI) 7385<\/a><\/strong>, para afastar o dispositivo da Lei 14.182\/2021 que, ao estabelecer o modelo de capitaliza\u00e7\u00e3o para viabilizar a privatiza\u00e7\u00e3o da Eletrobras, limitou a 10% o poder de voto de qualquer acionista, inclusive da pr\u00f3pria Uni\u00e3o, que det\u00e9m 42% das a\u00e7\u00f5es ordin\u00e1rias. O Executivo sustentava&nbsp;que a restri\u00e7\u00e3o viola os princ\u00edpios da razoabilidade, da proporcionalidade e da prote\u00e7\u00e3o ao patrim\u00f4nio p\u00fablico.&nbsp;&nbsp;<\/p><p>O chamado \u201cteto de voto\u201d \u00e9 um mecanismo societ\u00e1rio previsto na Lei das S.A. (Lei 6.404\/1976) que limita o poder pol\u00edtico m\u00e1ximo de cada acionista, ainda que ele detenha participa\u00e7\u00e3o acion\u00e1ria superior. Trata-se de exce\u00e7\u00e3o ao modelo tradicional, segundo o qual cada a\u00e7\u00e3o ordin\u00e1ria corresponde a um voto.&nbsp;&nbsp;<\/p><h5 class=\"wp-block-heading\"><strong>Acordo&nbsp;&nbsp;<\/strong><\/h5><p>O relator encaminhou o caso \u00e0 CCAF, onde Uni\u00e3o e Eletrobras firmaram, em abril de 2025, um acordo que permite \u00e0&nbsp;Uni\u00e3o indicar tr\u00eas dos&nbsp;10&nbsp;membros do conselho de administra\u00e7\u00e3o (ou dois, se sua participa\u00e7\u00e3o cair abaixo de 30%). O direito se extingue&nbsp;se&nbsp;o percentual se&nbsp;reduzir&nbsp;a menos de 20%. A Uni\u00e3o tamb\u00e9m poder\u00e1 indicar um dos cinco integrantes do conselho fiscal.&nbsp;&nbsp;<\/p><p>O termo inclui ainda cl\u00e1usulas relacionadas \u00e0 Eletronuclear, tratando de aspectos de governan\u00e7a e garantias, posteriormente aprovados pela assembleia de acionistas da companhia.&nbsp;&nbsp;<\/p><p>Para a Advocacia-Geral da Uni\u00e3o (AGU), a concilia\u00e7\u00e3o reorganiza a governan\u00e7a da empresa no cen\u00e1rio p\u00f3s-privatiza\u00e7\u00e3o e impede que um investidor ou bloco coordenado adquira&nbsp;o&nbsp;controle de fato da companhia.&nbsp;&nbsp;<\/p><h5 class=\"wp-block-heading\"><strong>Votos&nbsp;&nbsp;<\/strong><\/h5><p>O relator, ministro Nunes Marques, votou pela homologa\u00e7\u00e3o integral do acordo. Para ele, a Lei 14.182\/2021 \u00e9 uma \u201clei de efeitos concretos\u201d, voltada especificamente \u00e0 privatiza\u00e7\u00e3o da Eletrobras, e a solu\u00e7\u00e3o consensual respeita os limites da disponibilidade administrativa e fortalece a estabilidade institucional no setor el\u00e9trico.&nbsp;&nbsp;<\/p><p>Acompanharam o relator os ministros Cristiano Zanin, Andr\u00e9 Mendon\u00e7a, Dias Toffoli, Gilmar Mendes e, por fim, Luiz Fux, que&nbsp;destacou&nbsp;a relev\u00e2ncia da consensualidade e a adequa\u00e7\u00e3o das cl\u00e1usulas firmadas pelas partes. Com o voto de Fux, formou-se maioria de seis votos para validar totalmente o acordo.&nbsp;&nbsp;&nbsp;<\/p><p>A corrente divergente entendeu que o STF n\u00e3o poderia homologar cl\u00e1usulas relativas a quest\u00f5es concretas alheias ao objeto da ADI, especialmente as vinculadas \u00e0 Eletronuclear.&nbsp;Segundo o ministro Alexandre, que abriu a diverg\u00eancia,&nbsp;somente a parte do acordo referente \u00e0 governan\u00e7a da Eletrobras tem rela\u00e7\u00e3o com o controle abstrato de constitucionalidade.&nbsp;&nbsp;<\/p><p><em>(Cezar Camilo\/&nbsp;\/\/CF)&nbsp;<\/em><\/p><p>Leia mais:<\/p><p>4\/12\/2025 \u2013&nbsp;<a href=\"https:\/\/noticias.stf.jus.br\/postsnoticias\/discussao-de-acordo-sobre-participacao-da-uniao-na-eletrobras-avanca-no-stf\/\" target=\"_blank\" rel=\"noreferrer noopener\">Discuss\u00e3o de acordo sobre participa\u00e7\u00e3o da Uni\u00e3o na Eletrobras avan\u00e7a no STF<\/a><\/p><p><strong>Fonte: STF<\/strong><\/p>\n    <div class=\"xs_social_share_widget xs_share_url after_content \t\tmain_content  wslu-style-1 wslu-share-box-shaped wslu-fill-colored wslu-none wslu-share-horizontal wslu-theme-font-no wslu-main_content\">\n\n\t\t\n        <ul>\n\t\t\t        <\/ul>\n    <\/div> \n","protected":false},"excerpt":{"rendered":"<p>Na sess\u00e3o plen\u00e1ria desta quinta-feira (11\/12\/2025), o Supremo Tribunal Federal (STF) homologou, por maioria, o acordo firmado entre a Uni\u00e3o e a Eletrobras (Centrais El\u00e9tricas Brasileiras S.A.) para compensar a redu\u00e7\u00e3o do poder de voto do Executivo no conselho da empresa ap\u00f3s sua desestatiza\u00e7\u00e3o.\u00a0\u00a0<\/p>\n","protected":false},"author":5,"featured_media":0,"comment_status":"open","ping_status":"open","sticky":false,"template":"","format":"standard","meta":{"postBodyCss":"","postBodyMargin":[],"postBodyPadding":[],"postBodyBackground":{"backgroundType":"classic","gradient":""},"_price":"","_stock":"","_tribe_ticket_header":"","_tribe_default_ticket_provider":"","_tribe_ticket_capacity":"0","_ticket_start_date":"","_ticket_end_date":"","_tribe_ticket_show_description":"","_tribe_ticket_show_not_going":false,"_tribe_ticket_use_global_stock":"","_tribe_ticket_global_stock_level":"","_global_stock_mode":"","_global_stock_cap":"","_tribe_rsvp_for_event":"","_tribe_ticket_going_count":"","_tribe_ticket_not_going_count":"","_tribe_tickets_list":"[]","_tribe_ticket_has_attendee_info_fields":false,"footnotes":""},"categories":[46],"tags":[1077,17409,6110,5824,646,17408,2645,1362,347,348,1627],"class_list":["post-16140","post","type-post","status-publish","format-standard","hentry","category-noticias","tag-acordo","tag-centrais-eletricas-brasileiras-s-a","tag-conciliacao","tag-conselho","tag-desestatizacao","tag-eletrobras","tag-executivo","tag-privatizacao","tag-stf","tag-supremo-tribunal-federal","tag-uniao"],"acf":[],"_links":{"self":[{"href":"https:\/\/sgpsolucoes.com.br\/site\/wp-json\/wp\/v2\/posts\/16140"}],"collection":[{"href":"https:\/\/sgpsolucoes.com.br\/site\/wp-json\/wp\/v2\/posts"}],"about":[{"href":"https:\/\/sgpsolucoes.com.br\/site\/wp-json\/wp\/v2\/types\/post"}],"author":[{"embeddable":true,"href":"https:\/\/sgpsolucoes.com.br\/site\/wp-json\/wp\/v2\/users\/5"}],"replies":[{"embeddable":true,"href":"https:\/\/sgpsolucoes.com.br\/site\/wp-json\/wp\/v2\/comments?post=16140"}],"version-history":[{"count":0,"href":"https:\/\/sgpsolucoes.com.br\/site\/wp-json\/wp\/v2\/posts\/16140\/revisions"}],"wp:attachment":[{"href":"https:\/\/sgpsolucoes.com.br\/site\/wp-json\/wp\/v2\/media?parent=16140"}],"wp:term":[{"taxonomy":"category","embeddable":true,"href":"https:\/\/sgpsolucoes.com.br\/site\/wp-json\/wp\/v2\/categories?post=16140"},{"taxonomy":"post_tag","embeddable":true,"href":"https:\/\/sgpsolucoes.com.br\/site\/wp-json\/wp\/v2\/tags?post=16140"}],"curies":[{"name":"wp","href":"https:\/\/api.w.org\/{rel}","templated":true}]}}