{"id":16154,"date":"2025-12-15T12:09:42","date_gmt":"2025-12-15T15:09:42","guid":{"rendered":"https:\/\/sgpsolucoes.com.br\/site\/?p=16154"},"modified":"2025-12-15T12:09:43","modified_gmt":"2025-12-15T15:09:43","slug":"em-cautelar-tce-es-determina-suspensao-de-contratacao-feita-pelo-consorcio-publico-da-regiao-polinorte","status":"publish","type":"post","link":"https:\/\/sgpsolucoes.com.br\/site\/em-cautelar-tce-es-determina-suspensao-de-contratacao-feita-pelo-consorcio-publico-da-regiao-polinorte\/","title":{"rendered":"Em cautelar, TCE-ES determina suspens\u00e3o de contrata\u00e7\u00e3o feita pelo Cons\u00f3rcio P\u00fablico da Regi\u00e3o Polinorte"},"content":{"rendered":"<p>Os conselheiros do&nbsp;<mark>Tribunal de Contas do Estado do Esp\u00edrito Santo (TCE-ES)<\/mark>&nbsp;determinaram, em&nbsp;<strong>medida cautelar<\/strong>, a suspens\u00e3o de um preg\u00e3o eletr\u00f4nico organizado pelo&nbsp;<strong><a href=\"https:\/\/www.cimpolinorte.es.gov.br\/\" target=\"_blank\" rel=\"noreferrer noopener\">Cons\u00f3rcio P\u00fablico da Regi\u00e3o&nbsp;Polinorte, o CIM&nbsp;Polinorte<\/a><\/strong>. O edital tinha como objetivo o registro de pre\u00e7os para futura contrata\u00e7\u00e3o de empresa especializada na loca\u00e7\u00e3o de bens para atividades de interesse p\u00fablico. O valor m\u00e1ximo admitido pelo cons\u00f3rcio foi de R$ 163,8 milh\u00f5es.&nbsp;<\/p><p>Segundo relator do processo,&nbsp;conselheiro substituto Marco Ant\u00f4nio da Silva, uma s\u00e9rie de exig\u00eancias feitas pelo CIM&nbsp;Polinorte&nbsp;acabaram por reduzir a competitividade no certame. Entre elas, foram citadas no processo ilegalidades das exig\u00eancias de qualifica\u00e7\u00e3o t\u00e9cnica, exig\u00eancia de quita\u00e7\u00e3o e do v\u00ednculo pr\u00e9vio dos profissionais, quantitativo superdimensionado, reincid\u00eancia de irregularidades, entre outros t\u00f3picos.&nbsp;O relator acompanhou a manifesta\u00e7\u00e3o trazida pela \u00e1rea t\u00e9cnica.&nbsp;<\/p><p>\u201cConfrontando as manifesta\u00e7\u00f5es contidas nos presentes autos, entendo merecedoras de acolhimento&nbsp;as raz\u00f5es coligidas pela \u00e1rea t\u00e9cnica, quanto \u00e0 ocorr\u00eancia de exig\u00eancias ilegais e indevidamente motivadas\u201d, destacou&nbsp;o relator em seu voto.&nbsp;<\/p><h5 class=\"wp-block-heading\">Decis\u00e3o&nbsp;<\/h5><p>Dessa forma, fica deferida a concess\u00e3o de medida cautelar, determinando a suspens\u00e3o do preg\u00e3o eletr\u00f4nico e eventuais contrata\u00e7\u00f5es dele decorrentes. Tamb\u00e9m foi determinada a comprova\u00e7\u00e3o do cumprimento da decis\u00e3o, no prazo de 10 dias, sob pena de multa de&nbsp;R$ 1&nbsp;mil por dia de atraso.&nbsp;<\/p><p>Ainda em 10 dias, os gestores do CIM&nbsp;Polinorte&nbsp;dever\u00e3o apresentar seus esclarecimentos e os documentos que julgarem necess\u00e1rios para melhor an\u00e1lise do caso. A decis\u00e3o foi tomada de forma un\u00e2nime pelos conselheiros do TCE-ES na sess\u00e3o plen\u00e1ria realizada nesta ter\u00e7a-feira (09).&nbsp;<\/p><p><em>Entenda: medida cautelar<\/em>\u202f&nbsp;<\/p><p><em>Tem a finalidade de, emergencialmente, prevenir, conservar, proteger ou assegurar direitos, por haver fundado receio de grave ofensa ao interesse p\u00fablico ou de inefic\u00e1cia das decis\u00f5es do tribunal.&nbsp;<\/em>\u202f&nbsp;<\/p><p><em>A medida cautelar poder\u00e1 ser concedida no in\u00edcio ou no decorrer do processo, podendo a decis\u00e3o ser revista a qualquer tempo por essa Corte de Contas.&nbsp;<\/em>\u202f&nbsp;<\/p><p><em>A cautelar n\u00e3o indica julgamento terminativo do m\u00e9rito, ou seja, n\u00e3o \u00e9 poss\u00edvel atribuir valor \u00e9tico e formal \u00e0 conduta do agente a partir desta decis\u00e3o.&nbsp;<\/em>\u202f&nbsp;<\/p><p><strong><a href=\"https:\/\/www.tcees.tc.br\/consultas\/processo\/detalhar-processo?numero=6578&amp;ano=2025&amp;key=4aa2143587476438a6e37badb68457b56d57196e5fb846c81fac544a8aa46bf8695f287917630a676aa2dfc41dcf392366627ea7fe78d5580cb3b4b97b3b037b\" target=\"_blank\" rel=\"noreferrer noopener\">Processo TC 6578\/2025<\/a><\/strong>&nbsp;<\/p><figure class=\"wp-block-table\"><table class=\"has-fixed-layout\"><tbody><tr><td><strong>Resumo em t\u00f3picos<\/strong> <br><strong>Preg\u00e3o suspenso<\/strong>: O TCE-ES determinou, em medida cautelar, a suspens\u00e3o do preg\u00e3o eletr\u00f4nico do CIM\u00a0Polinorte\u00a0para registro de pre\u00e7os de loca\u00e7\u00e3o de bens, com valor m\u00e1ximo de R$163,8 milh\u00f5es.<br><strong>Irregularidades apontadas<\/strong>: A \u00e1rea t\u00e9cnica identificou exig\u00eancias ilegais que reduziram a competitividade, como qualifica\u00e7\u00e3o t\u00e9cnica excessiva, v\u00ednculo pr\u00e9vio de profissionais e quantitativo superdimensionado.<br><strong>Decis\u00e3o un\u00e2nime<\/strong>: Os conselheiros deferiram a suspens\u00e3o e exigiram comprova\u00e7\u00e3o do cumprimento em 10 dias, sob pena de multa di\u00e1ria de R$1 mil, al\u00e9m da apresenta\u00e7\u00e3o de esclarecimentos pelos gestores.<\/td><\/tr><\/tbody><\/table><\/figure><p><strong>Fonte: TCE-ES<\/strong><\/p>\n    <div class=\"xs_social_share_widget xs_share_url after_content \t\tmain_content  wslu-style-1 wslu-share-box-shaped wslu-fill-colored wslu-none wslu-share-horizontal wslu-theme-font-no wslu-main_content\">\n\n\t\t\n        <ul>\n\t\t\t        <\/ul>\n    <\/div> \n","protected":false},"excerpt":{"rendered":"<p>Os conselheiros do\u00a0Tribunal de Contas do Estado do Esp\u00edrito Santo (TCE-ES)\u00a0determinaram, em\u00a0medida cautelar, a suspens\u00e3o de um preg\u00e3o eletr\u00f4nico organizado pelo\u00a0Cons\u00f3rcio P\u00fablico da Regi\u00e3o\u00a0Polinorte, o CIM\u00a0Polinorte. O edital tinha como objetivo o registro de pre\u00e7os para futura contrata\u00e7\u00e3o de empresa especializada na loca\u00e7\u00e3o de bens para atividades de interesse p\u00fablico. O valor m\u00e1ximo admitido pelo cons\u00f3rcio foi de R$ 163,8 milh\u00f5es.\u00a0<\/p>\n","protected":false},"author":5,"featured_media":0,"comment_status":"open","ping_status":"open","sticky":false,"template":"","format":"standard","meta":{"postBodyCss":"","postBodyMargin":[],"postBodyPadding":[],"postBodyBackground":{"backgroundType":"classic","gradient":""},"_price":"","_stock":"","_tribe_ticket_header":"","_tribe_default_ticket_provider":"","_tribe_ticket_capacity":"0","_ticket_start_date":"","_ticket_end_date":"","_tribe_ticket_show_description":"","_tribe_ticket_show_not_going":false,"_tribe_ticket_use_global_stock":"","_tribe_ticket_global_stock_level":"","_global_stock_mode":"","_global_stock_cap":"","_tribe_rsvp_for_event":"","_tribe_ticket_going_count":"","_tribe_ticket_not_going_count":"","_tribe_tickets_list":"[]","_tribe_ticket_has_attendee_info_fields":false,"footnotes":""},"categories":[46],"tags":[13395,12126,2679,1394,4702,4707],"class_list":["post-16154","post","type-post","status-publish","format-standard","hentry","category-noticias","tag-cim-polinorte","tag-consorcio-publico-da-regiao-polinorte","tag-contratacao","tag-medida-cautelar","tag-tce-es","tag-tribunal-de-contas-do-estado-do-espirito-santo"],"acf":[],"_links":{"self":[{"href":"https:\/\/sgpsolucoes.com.br\/site\/wp-json\/wp\/v2\/posts\/16154"}],"collection":[{"href":"https:\/\/sgpsolucoes.com.br\/site\/wp-json\/wp\/v2\/posts"}],"about":[{"href":"https:\/\/sgpsolucoes.com.br\/site\/wp-json\/wp\/v2\/types\/post"}],"author":[{"embeddable":true,"href":"https:\/\/sgpsolucoes.com.br\/site\/wp-json\/wp\/v2\/users\/5"}],"replies":[{"embeddable":true,"href":"https:\/\/sgpsolucoes.com.br\/site\/wp-json\/wp\/v2\/comments?post=16154"}],"version-history":[{"count":0,"href":"https:\/\/sgpsolucoes.com.br\/site\/wp-json\/wp\/v2\/posts\/16154\/revisions"}],"wp:attachment":[{"href":"https:\/\/sgpsolucoes.com.br\/site\/wp-json\/wp\/v2\/media?parent=16154"}],"wp:term":[{"taxonomy":"category","embeddable":true,"href":"https:\/\/sgpsolucoes.com.br\/site\/wp-json\/wp\/v2\/categories?post=16154"},{"taxonomy":"post_tag","embeddable":true,"href":"https:\/\/sgpsolucoes.com.br\/site\/wp-json\/wp\/v2\/tags?post=16154"}],"curies":[{"name":"wp","href":"https:\/\/api.w.org\/{rel}","templated":true}]}}