{"id":16156,"date":"2025-12-15T12:16:28","date_gmt":"2025-12-15T15:16:28","guid":{"rendered":"https:\/\/sgpsolucoes.com.br\/site\/?p=16156"},"modified":"2025-12-15T12:16:29","modified_gmt":"2025-12-15T15:16:29","slug":"cautelar-determina-que-municipio-de-sao-mateus-faca-licitacao-regular-para-servicos-de-capina-eletrica","status":"publish","type":"post","link":"https:\/\/sgpsolucoes.com.br\/site\/cautelar-determina-que-municipio-de-sao-mateus-faca-licitacao-regular-para-servicos-de-capina-eletrica\/","title":{"rendered":"Cautelar determina que munic\u00edpio de S\u00e3o Mateus fa\u00e7a licita\u00e7\u00e3o regular para servi\u00e7os de capina el\u00e9trica"},"content":{"rendered":"<p>O&nbsp;Tribunal de Contas do Estado (TCE-ES)&nbsp;determinou ao munic\u00edpio de&nbsp;<mark>S\u00e3o Mateus<\/mark>&nbsp;que,&nbsp;ap\u00f3s o&nbsp;<mark>prazo de 60 dias,<\/mark>&nbsp;<mark>suspenda a execu\u00e7\u00e3o do contrato dos servi\u00e7os de capina el\u00e9trica<\/mark>&nbsp;firmado pela prefeitura, devido aos&nbsp;<mark>ind\u00edcios de irregularidades na contrata\u00e7\u00e3o<\/mark>&nbsp;por&nbsp;inexigibilidade de licita\u00e7\u00e3o. Nesse per\u00edodo, o munic\u00edpio poder\u00e1 manter o contrato provisoriamente, exclusivamente para assegurar a continuidade administrativa dos&nbsp;servi\u00e7os prestados.&nbsp;<\/p><p>Nos pr\u00f3ximos&nbsp;60 dias,&nbsp;<mark>o munic\u00edpio dever\u00e1 iniciar e concluir o&nbsp;procedimento adequado<\/mark>&nbsp;para a contrata\u00e7\u00e3o regular dos servi\u00e7os de capina,&nbsp;conforme a Lei de Licita\u00e7\u00f5es e Contratos. As determina\u00e7\u00f5es resultam de uma medida cautelar aprovada pelo Plen\u00e1rio do Tribunal, na sess\u00e3o&nbsp;desta ter\u00e7a-feira (9), conforme o voto do relator, conselheiro Rodrigo Coelho.&nbsp;&nbsp;<\/p><p>A capina el\u00e9trica \u00e9 um servi\u00e7o de controle e erradica\u00e7\u00e3o de plantas daninhas, utilizando o m\u00e9todo de eletrocuss\u00e3o por comuta\u00e7\u00e3o eletr\u00f4nica de eletrodos m\u00faltiplos&nbsp;para a manuten\u00e7\u00e3o de vias, cal\u00e7adas, pra\u00e7as, taludes e \u00e1reas p\u00fablicas no per\u00edmetro urbano do munic\u00edpio. O contrato em quest\u00e3o, firmado em 2025&nbsp;no&nbsp;<mark>valor de R$ 960.000,00,<\/mark>&nbsp;foi alvo de representa\u00e7\u00e3o no TCE-ES, devido \u00e0s supostas irregularidades.&nbsp;&nbsp;<\/p><p>No processo, argumentou-se que&nbsp;a&nbsp;<mark>inexigibilidade de licita\u00e7\u00e3o<\/mark>&nbsp;foi utilizada sem a&nbsp;demonstra\u00e7\u00e3o adequada da inviabilidade de competi\u00e7\u00e3o, especialmente diante da&nbsp;exist\u00eancia de fornecedores aptos a prestar servi\u00e7os semelhantes, bem como sem a&nbsp;apresenta\u00e7\u00e3o dos elementos m\u00ednimos que instruem procedimentos de contrata\u00e7\u00e3o,&nbsp;conforme previsto na Lei&nbsp;de Licita\u00e7\u00f5es.&nbsp;<\/p><p>Em sua an\u00e1lise,&nbsp;e acompanhando a \u00e1rea t\u00e9cnica,&nbsp;o relator pontuou alguns&nbsp;<mark>elementos irregulares,<\/mark>&nbsp;como a&nbsp;exist\u00eancia de m\u00faltiplos fornecedores e fabricantes de equipamentos de&nbsp;capina el\u00e9trica, os&nbsp;ind\u00edcios de prefer\u00eancia por marca espec\u00edfica&nbsp;na contrata\u00e7\u00e3o,&nbsp; a aus\u00eancia&nbsp;de apresenta\u00e7\u00e3o integral do Processo Administrativo,&nbsp;com o&nbsp;Estudo T\u00e9cnico Preliminar (ETP), Termo de&nbsp;Refer\u00eancia (TR) e pesquisa de mercado&nbsp;e o&nbsp;valor contratual expressivo, sem indica\u00e7\u00e3o de&nbsp;par\u00e2metros comparativos que evidenciem vantajosidade.&nbsp;&nbsp;<\/p><p>Ele tamb\u00e9m destacou que h\u00e1&nbsp;diversas licita\u00e7\u00f5es de objeto semelhante realizadas por outros munic\u00edpios,&nbsp;todas sob modalidade competitiva, o que refor\u00e7a a tese de viabilidade de&nbsp;disputa.&nbsp;<\/p><p>\u201cTais elementos, considerados em conjunto, configuram forte suspeita de&nbsp;irregularidade na escolha da modalidade de contrata\u00e7\u00e3o, indicando que a suposta&nbsp;inviabilidade de competi\u00e7\u00e3o pode n\u00e3o ter sido adequadamente demonstrada.&nbsp;A contrata\u00e7\u00e3o por inexigibilidade exige justificativa robusta, pois constitui hip\u00f3tese&nbsp;excepcional ao dever constitucional de licitar.&nbsp;Assim, verifico&nbsp;probabilidade do direito suficientemente delineada\u201d, frisou o relator.&nbsp;<\/p><p>Ele tamb\u00e9m considerou que ficaram&nbsp;evidenciados elementos objetivos que indicam a presen\u00e7a&nbsp;do risco.&nbsp;<\/p><p>O&nbsp;contrato&nbsp;foi&nbsp;assinado em 22\/09\/2025 e encontra-se vigente,&nbsp;com potencial in\u00edcio ou continuidade de execu\u00e7\u00e3o. Al\u00e9m disso, o&nbsp;valor mensal&nbsp;contratado foi&nbsp;de R$ 80.000,00, o que implica poss\u00edvel despesa&nbsp;consider\u00e1vel antes da conclus\u00e3o do processo.&nbsp;&nbsp;<\/p><p>Coelho&nbsp;tamb\u00e9m afirmou que&nbsp;n\u00e3o h\u00e1, nos autos, comprova\u00e7\u00e3o de que os servi\u00e7os executados tenham&nbsp;passado por avalia\u00e7\u00e3o t\u00e9cnico-econ\u00f4mica que demonstre a vantajosidade da&nbsp;contrata\u00e7\u00e3o direta, e&nbsp;quanto mais avan\u00e7ada a execu\u00e7\u00e3o contratual, maior a dificuldade de desfazer&nbsp;atos e recuperar recursos.&nbsp;&nbsp;<\/p><p>Por esses motivos, e para que a continuidade do contrato n\u00e3o consolide uma situa\u00e7\u00e3o potencialmente ilegal, votou para que a&nbsp;<mark>atividade seja suspensa temporariamente.<\/mark>&nbsp;Contudo, fez a modula\u00e7\u00e3o dos efeitos da medida, permitindo, de forma excepcional, a manuten\u00e7\u00e3o do contrato por 60 dias.&nbsp;<\/p><p>A medida \u00e9 necess\u00e1ria, segundo o relator, para que n\u00e3o haja a&nbsp;interrup\u00e7\u00e3o imediata da execu\u00e7\u00e3o contratual, devido \u00e0s&nbsp;particularidades do&nbsp;munic\u00edpio de S\u00e3o Mateus e a necessidade de&nbsp;continuidade m\u00ednima dos servi\u00e7os de capina, especialmente no per\u00edodo de maior fluxo&nbsp;tur\u00edstico.&nbsp;&nbsp;<\/p><h5 class=\"wp-block-heading\">Entenda: medida cautelar\u202f\u202f&nbsp;<\/h5><p>Tem a finalidade de, emergencialmente, prevenir, conservar, proteger ou assegurar direitos, por haver fundado receio de grave ofensa ao interesse p\u00fablico ou de inefic\u00e1cia das decis\u00f5es do tribunal.\u202f\u202f\u202f&nbsp;<\/p><p>A medida cautelar poder\u00e1 ser concedida no in\u00edcio ou no decorrer do processo, podendo a decis\u00e3o ser revista a qualquer tempo por essa Corte de Contas.\u202f\u202f\u202f&nbsp;<\/p><p>A cautelar n\u00e3o indica julgamento terminativo do m\u00e9rito, ou seja, n\u00e3o \u00e9 poss\u00edvel atribuir valor \u00e9tico e formal \u00e0 conduta do agente a partir desta decis\u00e3o.\u202f&nbsp;<\/p><p><strong><a href=\"https:\/\/www.tcees.tc.br\/consultas\/processo\/detalhar-processo?numero=7139&amp;ano=2025&amp;key=d0523e8cf758f3fb32faf4b9ae56620f6c7d42667fde3b1f0438bc694d0891f55d984a5dbe7bba1dd633eb974eba3f516840dd86ae24c87c8526a73530db491d\" target=\"_blank\" rel=\"noreferrer noopener\">Processo TC 07139\/2025<\/a><\/strong><\/p><p><strong>Fonte: <\/strong><strong>TCE-ES<\/strong><\/p>\n    <div class=\"xs_social_share_widget xs_share_url after_content \t\tmain_content  wslu-style-1 wslu-share-box-shaped wslu-fill-colored wslu-none wslu-share-horizontal wslu-theme-font-no wslu-main_content\">\n\n\t\t\n        <ul>\n\t\t\t        <\/ul>\n    <\/div> \n","protected":false},"excerpt":{"rendered":"<p>O\u00a0Tribunal de Contas do Estado (TCE-ES)\u00a0determinou ao munic\u00edpio de\u00a0S\u00e3o Mateus\u00a0que,\u00a0ap\u00f3s o\u00a0prazo de 60 dias,\u00a0suspenda a execu\u00e7\u00e3o do contrato dos servi\u00e7os de capina el\u00e9trica\u00a0firmado pela prefeitura, devido aos\u00a0ind\u00edcios de irregularidades na contrata\u00e7\u00e3o\u00a0por\u00a0inexigibilidade de licita\u00e7\u00e3o. Nesse per\u00edodo, o munic\u00edpio poder\u00e1 manter o contrato provisoriamente, exclusivamente para assegurar a continuidade administrativa dos\u00a0servi\u00e7os prestados.\u00a0<\/p>\n","protected":false},"author":5,"featured_media":0,"comment_status":"open","ping_status":"open","sticky":false,"template":"","format":"standard","meta":{"postBodyCss":"","postBodyMargin":[],"postBodyPadding":[],"postBodyBackground":{"backgroundType":"classic","gradient":""},"_price":"","_stock":"","_tribe_ticket_header":"","_tribe_default_ticket_provider":"","_tribe_ticket_capacity":"0","_ticket_start_date":"","_ticket_end_date":"","_tribe_ticket_show_description":"","_tribe_ticket_show_not_going":false,"_tribe_ticket_use_global_stock":"","_tribe_ticket_global_stock_level":"","_global_stock_mode":"","_global_stock_cap":"","_tribe_rsvp_for_event":"","_tribe_ticket_going_count":"","_tribe_ticket_not_going_count":"","_tribe_tickets_list":"[]","_tribe_ticket_has_attendee_info_fields":false,"footnotes":""},"categories":[46],"tags":[17435,819,491,301,489,4940,17433,17431,17434,17432,4702,3413],"class_list":["post-16156","post","type-post","status-publish","format-standard","hentry","category-noticias","tag-capina-eletrica","tag-cautelar","tag-contrato","tag-inexigibilidade","tag-irregularidades","tag-lei-de-licitacoes-e-contratos","tag-licitacao-regular","tag-municipio-de-sao-mateus","tag-sao-mateus","tag-servicos-de-capina-eletrica","tag-tce-es","tag-tribunal-de-contas-do-estado"],"acf":[],"_links":{"self":[{"href":"https:\/\/sgpsolucoes.com.br\/site\/wp-json\/wp\/v2\/posts\/16156"}],"collection":[{"href":"https:\/\/sgpsolucoes.com.br\/site\/wp-json\/wp\/v2\/posts"}],"about":[{"href":"https:\/\/sgpsolucoes.com.br\/site\/wp-json\/wp\/v2\/types\/post"}],"author":[{"embeddable":true,"href":"https:\/\/sgpsolucoes.com.br\/site\/wp-json\/wp\/v2\/users\/5"}],"replies":[{"embeddable":true,"href":"https:\/\/sgpsolucoes.com.br\/site\/wp-json\/wp\/v2\/comments?post=16156"}],"version-history":[{"count":0,"href":"https:\/\/sgpsolucoes.com.br\/site\/wp-json\/wp\/v2\/posts\/16156\/revisions"}],"wp:attachment":[{"href":"https:\/\/sgpsolucoes.com.br\/site\/wp-json\/wp\/v2\/media?parent=16156"}],"wp:term":[{"taxonomy":"category","embeddable":true,"href":"https:\/\/sgpsolucoes.com.br\/site\/wp-json\/wp\/v2\/categories?post=16156"},{"taxonomy":"post_tag","embeddable":true,"href":"https:\/\/sgpsolucoes.com.br\/site\/wp-json\/wp\/v2\/tags?post=16156"}],"curies":[{"name":"wp","href":"https:\/\/api.w.org\/{rel}","templated":true}]}}