{"id":18621,"date":"2026-04-27T11:24:16","date_gmt":"2026-04-27T14:24:16","guid":{"rendered":"https:\/\/sgpsolucoes.com.br\/site\/?p=18621"},"modified":"2026-04-27T11:24:17","modified_gmt":"2026-04-27T14:24:17","slug":"stf-suspende-eliminacao-de-candidata-a-pm-do-tocantins-pelo-criterio-de-altura","status":"publish","type":"post","link":"https:\/\/sgpsolucoes.com.br\/site\/stf-suspende-eliminacao-de-candidata-a-pm-do-tocantins-pelo-criterio-de-altura\/","title":{"rendered":"STF suspende elimina\u00e7\u00e3o de candidata \u00e0 PM do Tocantins pelo crit\u00e9rio de altura"},"content":{"rendered":"<p><em>Foto: U. Dettmar\/STF<\/em><\/p><p><em><strong>Ministro Cristiano Zanin entendeu que desclassifica\u00e7\u00e3o desconsiderou jurisprud\u00eancia vinculante da Corte<\/strong><\/em><\/p><p>O ministro Cristiano Zanin, do Supremo Tribunal Federal (STF), suspendeu a elimina\u00e7\u00e3o de uma candidata em concurso para a Pol\u00edcia Militar do Tocantins em raz\u00e3o de sua altura. A decis\u00e3o liminar foi dada na Reclama\u00e7\u00e3o&nbsp;<strong><a href=\"https:\/\/portal.stf.jus.br\/processos\/detalhe.asp?incidente=7569073\" target=\"_blank\" rel=\"noreferrer noopener\">(RCL) 93642<\/a><\/strong>.<\/p><p>A candidata argumenta que, ao desclassific\u00e1-la, o Estado do Tocantins desconsiderou a jurisprud\u00eancia vinculante do STF, que estabelece estatura m\u00ednima de 1,55m para mulheres em cargos de seguran\u00e7a p\u00fablica.<\/p><p>Em sua decis\u00e3o, Zanin afirma que ela tem a altura exigida pelos precedentes da Corte e que sua aprova\u00e7\u00e3o pr\u00e9via em testes f\u00edsicos demonstra aptid\u00e3o funcional.<\/p><h5 class=\"wp-block-heading\"><strong>Crit\u00e9rios proporcionais<\/strong><\/h5><p>Na A\u00e7\u00e3o Direta de Inconstitucionalidade (ADI) 5044 e no Recurso Extraordin\u00e1rio (RE) 1469887, com repercuss\u00e3o geral (Tema 1.424), o STF estabeleceu que a ado\u00e7\u00e3o de requisitos de capacidade f\u00edsica para acesso a cargos p\u00fablicos deve observar crit\u00e9rios id\u00f4neos e proporcionais de sele\u00e7\u00e3o. Eles precisam, ainda, ter correla\u00e7\u00e3o direta com as atividades que ser\u00e3o desempenhadas.<\/p><p>A Corte considerou razo\u00e1vel a exig\u00eancia de altura m\u00ednima para carreiras de seguran\u00e7a p\u00fablica (como Pol\u00edcia Militar e Bombeiros) nos par\u00e2metros fixados para o Ex\u00e9rcito Brasileiro: 1,60m para homens e 1,55m para mulheres.<\/p><h5 class=\"wp-block-heading\"><strong>Nexo funcional<\/strong><\/h5><p>Dentro do mesmo entendimento, o STF determinou que qualquer exig\u00eancia de altura m\u00ednima para ingresso em cargos do Sistema \u00danico de Seguran\u00e7a P\u00fablica (SUSP) pressup\u00f5e, obrigatoriamente, a exist\u00eancia de lei espec\u00edfica, al\u00e9m do \u201cnexo funcional\u201d. Por exemplo, na ADI 5044, o Tribunal concluiu que limites de altura n\u00e3o s\u00e3o razo\u00e1veis para cargos de m\u00e9dico e capel\u00e3o, uma vez que a estatura n\u00e3o interfere no desempenho dessas fun\u00e7\u00f5es espec\u00edficas, mesmo dentro de institui\u00e7\u00f5es militares.<\/p><p>O entendimento do Supremo \u00e9 de que, se uma candidata \u00e9 aprovada no Teste de Aptid\u00e3o F\u00edsica (TAF), h\u00e1 uma prova administrativa de que sua estatura \u00e9 compat\u00edvel com o exerc\u00edcio funcional do cargo, e a elimina\u00e7\u00e3o posterior baseada apenas no crit\u00e9rio de altura viola a razoabilidade e o nexo funcional.<\/p><p>Leia a&nbsp;<strong><a href=\"https:\/\/portal.stf.jus.br\/processos\/downloadPeca.asp?id=15386349907&amp;ext=.pdf\" target=\"_blank\" rel=\"noreferrer noopener\">\u00edntegra da decis\u00e3o<\/a><\/strong>.<\/p><p><em>(GMCZ\/\/CF)<\/em><\/p><p>Leia Mais:<\/p><p>02\/10\/2025 \u2013&nbsp;<a href=\"https:\/\/noticias.stf.jus.br\/postsnoticias\/stf-padroniza-regras-sobre-altura-minima-em-cargos-de-seguranca-publica\/\" target=\"_blank\" rel=\"noreferrer noopener\">STF padroniza regras sobre altura m\u00ednima em cargos de seguran\u00e7a p\u00fablica&nbsp;<\/a><\/p><p><strong>&nbsp;Fonte: STF<\/strong><\/p>\n    <div class=\"xs_social_share_widget xs_share_url after_content \t\tmain_content  wslu-style-1 wslu-share-box-shaped wslu-fill-colored wslu-none wslu-share-horizontal wslu-theme-font-no wslu-main_content\">\n\n\t\t\n        <ul>\n\t\t\t        <\/ul>\n    <\/div> \n","protected":false},"excerpt":{"rendered":"<p>O ministro Cristiano Zanin, do Supremo Tribunal Federal (STF), suspendeu a elimina\u00e7\u00e3o de uma candidata em concurso para a Pol\u00edcia Militar do Tocantins em raz\u00e3o de sua altura. A decis\u00e3o liminar foi dada na Reclama\u00e7\u00e3o\u00a0(RCL) 93642.<\/p>\n","protected":false},"author":5,"featured_media":18622,"comment_status":"open","ping_status":"open","sticky":false,"template":"","format":"standard","meta":{"postBodyCss":"","postBodyMargin":[],"postBodyPadding":[],"postBodyBackground":{"backgroundType":"classic","gradient":""},"_price":"","_stock":"","_tribe_ticket_header":"","_tribe_default_ticket_provider":"","_tribe_ticket_capacity":"0","_ticket_start_date":"","_ticket_end_date":"","_tribe_ticket_show_description":"","_tribe_ticket_show_not_going":false,"_tribe_ticket_use_global_stock":"","_tribe_ticket_global_stock_level":"","_global_stock_mode":"","_global_stock_cap":"","_tribe_rsvp_for_event":"","_tribe_ticket_going_count":"","_tribe_ticket_not_going_count":"","_tribe_tickets_list":"[]","_tribe_ticket_has_attendee_info_fields":false,"footnotes":""},"categories":[46],"tags":[2500,19091,19090,13100,19092,347,348],"class_list":["post-18621","post","type-post","status-publish","format-standard","has-post-thumbnail","hentry","category-noticias","tag-candidata","tag-criterio-de-altura","tag-jurisprudencia-vinculante","tag-ministro-cristiano-zanin","tag-policia-militar-do-tocantins","tag-stf","tag-supremo-tribunal-federal"],"acf":[],"_links":{"self":[{"href":"https:\/\/sgpsolucoes.com.br\/site\/wp-json\/wp\/v2\/posts\/18621"}],"collection":[{"href":"https:\/\/sgpsolucoes.com.br\/site\/wp-json\/wp\/v2\/posts"}],"about":[{"href":"https:\/\/sgpsolucoes.com.br\/site\/wp-json\/wp\/v2\/types\/post"}],"author":[{"embeddable":true,"href":"https:\/\/sgpsolucoes.com.br\/site\/wp-json\/wp\/v2\/users\/5"}],"replies":[{"embeddable":true,"href":"https:\/\/sgpsolucoes.com.br\/site\/wp-json\/wp\/v2\/comments?post=18621"}],"version-history":[{"count":1,"href":"https:\/\/sgpsolucoes.com.br\/site\/wp-json\/wp\/v2\/posts\/18621\/revisions"}],"predecessor-version":[{"id":18623,"href":"https:\/\/sgpsolucoes.com.br\/site\/wp-json\/wp\/v2\/posts\/18621\/revisions\/18623"}],"wp:featuredmedia":[{"embeddable":true,"href":"https:\/\/sgpsolucoes.com.br\/site\/wp-json\/wp\/v2\/media\/18622"}],"wp:attachment":[{"href":"https:\/\/sgpsolucoes.com.br\/site\/wp-json\/wp\/v2\/media?parent=18621"}],"wp:term":[{"taxonomy":"category","embeddable":true,"href":"https:\/\/sgpsolucoes.com.br\/site\/wp-json\/wp\/v2\/categories?post=18621"},{"taxonomy":"post_tag","embeddable":true,"href":"https:\/\/sgpsolucoes.com.br\/site\/wp-json\/wp\/v2\/tags?post=18621"}],"curies":[{"name":"wp","href":"https:\/\/api.w.org\/{rel}","templated":true}]}}