{"id":18634,"date":"2026-04-27T12:29:57","date_gmt":"2026-04-27T15:29:57","guid":{"rendered":"https:\/\/sgpsolucoes.com.br\/site\/?p=18634"},"modified":"2026-04-27T12:29:58","modified_gmt":"2026-04-27T15:29:58","slug":"informativo-no-885-do-stj","status":"publish","type":"post","link":"https:\/\/sgpsolucoes.com.br\/site\/informativo-no-885-do-stj\/","title":{"rendered":"Informativo n\u00ba 885 do STJ"},"content":{"rendered":"<p><strong>J\u00e1 est\u00e1 dispon\u00edvel o Informativo n\u00b0 88 do Superior Tribunal de Justi\u00e7a, de 22 de abril de 2026.<\/strong><\/p><p>Confira nossos destaques:<\/p><p><em>PRIMEIRA TURMA<\/em><\/p><ul class=\"wp-block-list\"><li><strong>Processo: <\/strong><a href=\"https:\/\/processo.stj.jus.br\/processo\/pesquisa\/?num_processo=REsp1969446\" target=\"_blank\" rel=\"noreferrer noopener\">REsp 1.969.446-DF<\/a>, Rel. Ministro Gurgel de Faria, Primeira Turma, por unanimidade, julgado em 7\/4\/2026. <strong>Ramo do Direito: <\/strong>DIREITO ADMINISTRATIVO. <strong>Tema: <\/strong>Concess\u00e3o de servi\u00e7o p\u00fablico. Indeniza\u00e7\u00e3o por revers\u00e3o de bens. Valor original cont\u00e1bil (VOC) e valor novo de reposi\u00e7\u00e3o (VNR). Aplica\u00e7\u00e3o retroativa de crit\u00e9rio. Previs\u00e3o contratual expressa. Impossibilidade. <strong>Destaque: <\/strong>A melhor forma de interpretar o art. 8\u00ba, \u00a7 2\u00ba, da Lei n. 12.783\/2013 \u00e9 no sentido de que o Valor Novo de Reposi\u00e7\u00e3o (VNR) pode ser empregado para calcular a indeniza\u00e7\u00e3o dos bens revers\u00edveis, mesmo em concess\u00f5es firmadas antes da sua vig\u00eancia, desde que n\u00e3o haja previs\u00e3o expressa de metodologia distinta no contrato anteriormente firmado.<\/li><\/ul><ul class=\"wp-block-list\"><li><strong>Processo: <\/strong><a href=\"https:\/\/scon.stj.jus.br\/SCON\/jurisprudencia\/toc.jsp?livre=%28%28AIEAINTARESP+INPATH%28CLAS%29+OR+%22AgInt+nos+EDcl+no+AgInt+no+AREsp%22+INPATH%28CLAP%29%29+AND+1206636+INPATH%28NUM%29%29+OR+%28NEAR%28%28%28AIEAINTARESP+OR+%22AgInt+nos+EDcl+no+AgInt+no+AREsp%22%29%2C1206636%29%2C0%2CTRUE%29+INPATH%28SUCE%29%29\" target=\"_blank\" rel=\"noreferrer noopener\">AgInt nos EDcl no AgInt no AREsp 1.206.636-SP<\/a>, Rel. Ministro Paulo S\u00e9rgio Domingues, Primeira Turma, por maioria, julgado em 7\/4\/2026, DJEN 14\/4\/2026. <strong>Ramo do Direito: <\/strong>DIREITO ADMINISTRATIVO, DIREITO CONSTITUCIONAL. <strong>Tema: <\/strong>A\u00e7\u00e3o popular. Atraso no pagamento de precat\u00f3rios. Aus\u00eancia de dolo, culpa grave ou m\u00e1-f\u00e9 do administrador. Pretens\u00e3o de ressarcimento dos juros morat\u00f3rios pagos pelo ente municipal. Impossibilidade de responsabiliza\u00e7\u00e3o pessoal do gestor. <strong>Destaque: <\/strong>A aloca\u00e7\u00e3o de recursos p\u00fablicos para satisfazer outras prioridades locais, especialmente em cen\u00e1rios de restri\u00e7\u00e3o fiscal e \u00e0 vista da escassez de receitas, mas dentro de projeto estrat\u00e9gico formulado pelo ordenador para a equaliza\u00e7\u00e3o das contas municipais &#8211; contingenciadas pela crise financeira herdada de administra\u00e7\u00f5es anteriores -, impede a responsabiliza\u00e7\u00e3o pessoal do gestor pelo pagamento dos juros morat\u00f3rios devidos pelo Munic\u00edpio em raz\u00e3o do atraso no pagamento dos precat\u00f3rios.<\/li><\/ul><p><em>SEGUNDA TURMA<\/em><\/p><ul class=\"wp-block-list\"><li><strong>Processo: <\/strong><a href=\"https:\/\/scon.stj.jus.br\/SCON\/jurisprudencia\/toc.jsp?livre=%28RESP+INPATH%28CLAS%29+AND+2151392+INPATH%28NUM%29%29+OR+%28NEAR%28%28RESP%2C2151392%29%2C0%2CTRUE%29+INPATH%28SUCE%29%29\" target=\"_blank\" rel=\"noreferrer noopener\">REsp 2.151.392-DF<\/a>, Rel. Ministro Marco Aur\u00e9lio Bellizze, Segunda Turma, por unanimidade, julgado em 14\/4\/2026. <strong>Ramo do Direito: <\/strong>DIREITO ADMINISTRATIVO. <strong>Tema: <\/strong>Servidor p\u00fablico federal. Remo\u00e7\u00e3o por motivo de sa\u00fade. Art. 36, par\u00e1grafo \u00fanico, III, &#8220;b&#8221;, da Lei n. 8.112\/1990. Comprova\u00e7\u00e3o por laudo de junta m\u00e9dica oficial. Direito subjetivo \u00e0 remo\u00e7\u00e3o. Ato vinculado. <strong>Destaque: <\/strong>1. A remo\u00e7\u00e3o prevista no art. 36, par\u00e1grafo \u00fanico, III, &#8220;b&#8221;, da Lei n. 8.112\/1990, por motivo de sa\u00fade do servidor, c\u00f4njuge, companheiro ou dependente, constitui direito subjetivo do servidor, sendo ato vinculado, desde que o motivo de sa\u00fade esteja comprovado por laudo de junta m\u00e9dica oficial. 2. A exist\u00eancia de tratamento m\u00e9dico na localidade de lota\u00e7\u00e3o n\u00e3o impede a remo\u00e7\u00e3o por motivo de sa\u00fade quando, conforme laudo da junta m\u00e9dica oficial, o apoio e a conviv\u00eancia familiar sejam fatores determinantes para a recupera\u00e7\u00e3o ou estabiliza\u00e7\u00e3o do quadro cl\u00ednico. 3. O Poder Judici\u00e1rio n\u00e3o pode substituir o ju\u00edzo t\u00e9cnico da junta m\u00e9dica oficial para afastar, sem base pericial id\u00f4nea, a conclus\u00e3o de que a remo\u00e7\u00e3o por motivo de sa\u00fade \u00e9 necess\u00e1ria, sob pena de violar a natureza vinculada da hip\u00f3tese prevista no art. 36, par\u00e1grafo \u00fanico, III, &#8220;b&#8221;, da Lei n. 8.112\/1990.<\/li><\/ul><p><a href=\"https:\/\/ww2.stj.jus.br\/jurisprudencia\/externo\/informativo\/?acao=pesquisarumaedicao&amp;livre=0885.cod.&amp;from=feed\" target=\"_blank\" rel=\"noreferrer noopener\">Clique aqui para visualizar o documento completo<\/a><\/p><p><strong>Fonte: STJ<\/strong><\/p><p><\/p>\n    <div class=\"xs_social_share_widget xs_share_url after_content \t\tmain_content  wslu-style-1 wslu-share-box-shaped wslu-fill-colored wslu-none wslu-share-horizontal wslu-theme-font-no wslu-main_content\">\n\n\t\t\n        <ul>\n\t\t\t        <\/ul>\n    <\/div> \n","protected":false},"excerpt":{"rendered":"<p>J\u00e1 est\u00e1 dispon\u00edvel o Informativo n\u00b0 88 do Superior Tribunal de Justi\u00e7a, de 22 de abril de 2026.<\/p>\n","protected":false},"author":5,"featured_media":18635,"comment_status":"open","ping_status":"open","sticky":false,"template":"","format":"standard","meta":{"postBodyCss":"","postBodyMargin":[],"postBodyPadding":[],"postBodyBackground":{"backgroundType":"classic","gradient":""},"_price":"","_stock":"","_tribe_ticket_header":"","_tribe_default_ticket_provider":"","_tribe_ticket_capacity":"0","_ticket_start_date":"","_ticket_end_date":"","_tribe_ticket_show_description":"","_tribe_ticket_show_not_going":false,"_tribe_ticket_use_global_stock":"","_tribe_ticket_global_stock_level":"","_global_stock_mode":"","_global_stock_cap":"","_tribe_rsvp_for_event":"","_tribe_ticket_going_count":"","_tribe_ticket_not_going_count":"","_tribe_tickets_list":"[]","_tribe_ticket_has_attendee_info_fields":false,"footnotes":""},"categories":[46],"tags":[259,5626,5724,229,230],"class_list":["post-18634","post","type-post","status-publish","format-standard","has-post-thumbnail","hentry","category-noticias","tag-informativo","tag-informativo-do-stj","tag-informativo-stj","tag-stj","tag-superior-tribunal-de-justica"],"acf":[],"_links":{"self":[{"href":"https:\/\/sgpsolucoes.com.br\/site\/wp-json\/wp\/v2\/posts\/18634"}],"collection":[{"href":"https:\/\/sgpsolucoes.com.br\/site\/wp-json\/wp\/v2\/posts"}],"about":[{"href":"https:\/\/sgpsolucoes.com.br\/site\/wp-json\/wp\/v2\/types\/post"}],"author":[{"embeddable":true,"href":"https:\/\/sgpsolucoes.com.br\/site\/wp-json\/wp\/v2\/users\/5"}],"replies":[{"embeddable":true,"href":"https:\/\/sgpsolucoes.com.br\/site\/wp-json\/wp\/v2\/comments?post=18634"}],"version-history":[{"count":1,"href":"https:\/\/sgpsolucoes.com.br\/site\/wp-json\/wp\/v2\/posts\/18634\/revisions"}],"predecessor-version":[{"id":18636,"href":"https:\/\/sgpsolucoes.com.br\/site\/wp-json\/wp\/v2\/posts\/18634\/revisions\/18636"}],"wp:featuredmedia":[{"embeddable":true,"href":"https:\/\/sgpsolucoes.com.br\/site\/wp-json\/wp\/v2\/media\/18635"}],"wp:attachment":[{"href":"https:\/\/sgpsolucoes.com.br\/site\/wp-json\/wp\/v2\/media?parent=18634"}],"wp:term":[{"taxonomy":"category","embeddable":true,"href":"https:\/\/sgpsolucoes.com.br\/site\/wp-json\/wp\/v2\/categories?post=18634"},{"taxonomy":"post_tag","embeddable":true,"href":"https:\/\/sgpsolucoes.com.br\/site\/wp-json\/wp\/v2\/tags?post=18634"}],"curies":[{"name":"wp","href":"https:\/\/api.w.org\/{rel}","templated":true}]}}