{"id":19179,"date":"2026-07-29T15:47:59","date_gmt":"2026-07-29T18:47:59","guid":{"rendered":"https:\/\/sgpsolucoes.com.br\/site\/?p=19179"},"modified":"2026-07-29T15:48:00","modified_gmt":"2026-07-29T18:48:00","slug":"stf-suspende-decisao-do-tjsp-que-invalidou-mudancas-no-iptu-de-braganca-paulista","status":"publish","type":"post","link":"https:\/\/sgpsolucoes.com.br\/site\/stf-suspende-decisao-do-tjsp-que-invalidou-mudancas-no-iptu-de-braganca-paulista\/","title":{"rendered":"STF suspende decis\u00e3o do TJSP que invalidou mudan\u00e7as no IPTU de Bragan\u00e7a Paulista\u00a0"},"content":{"rendered":"<p><em>Foto: Bruno Carneiro\/STF<\/em><\/p><p><em>Decis\u00e3o do ministro Alexandre de Moraes considerou o impacto financeiro ao munic\u00edpio<\/em><\/p><p>O vice-presidente do Supremo Tribunal Federal (STF), ministro Alexandre de Moraes, no exerc\u00edcio da Presid\u00eancia, suspendeu&nbsp;decis\u00f5es&nbsp;do Tribunal de Justi\u00e7a de S\u00e3o Paulo (TJ-SP) que haviam invalidado&nbsp;a&nbsp;altera\u00e7\u00e3o da base de c\u00e1lculo do Imposto Predial e Territorial Urbano (IPTU)&nbsp;prevista em decreto do Munic\u00edpio de Bragan\u00e7a Paulista (SP).&nbsp;A&nbsp;medida&nbsp;foi tomada na Suspens\u00e3o de Liminar&nbsp;<strong><a href=\"https:\/\/portal.stf.jus.br\/processos\/detalhe.asp?incidente=7647895\" target=\"_blank\" rel=\"noreferrer noopener\">(SL) 1930<\/a><\/strong>. O ministro Alexandre de Moraes responde pela Presid\u00eancia do STF&nbsp;na&nbsp;segunda quinzena de julho e, nessa condi\u00e7\u00e3o, analisa os pedidos urgentes.&nbsp;&nbsp;<\/p><p>Ap\u00f3s a reforma tribut\u00e1ria autorizar que munic\u00edpios atualizem a base de c\u00e1lculo do imposto, Bragan\u00e7a Paulista editou lei com novos crit\u00e9rios&nbsp;de&nbsp;cobran\u00e7a,&nbsp;al\u00e9m de um decreto que atualiza a planta gen\u00e9rica de valores dos im\u00f3veis. Em julgamento conjunto de duas a\u00e7\u00f5es diretas de inconstitucionalidade, o TJ-SP declarou inconstitucional o decreto&nbsp;e&nbsp;manteve v\u00e1lida a Lei Complementar municipal 1.001\/2025, que adequava a legisla\u00e7\u00e3o municipal do IPTU \u00e0&nbsp;reforma.&nbsp;<\/p><p>Segundo o munic\u00edpio,&nbsp;a decis\u00e3o&nbsp;extinguiu a&nbsp;base de c\u00e1lculo legal que fundamentou os lan\u00e7amentos do IPTU&nbsp;de&nbsp;2025.&nbsp;Com isso, sustenta&nbsp;que poder\u00e1 ser obrigado a devolver todos os valores de IPTU j\u00e1 arrecadados no exerc\u00edcio de 2025 por meio a\u00e7\u00f5es&nbsp;judiciais, o que pode&nbsp;gerar&nbsp;uma perda superior a R$ 160 milh\u00f5es.&nbsp;<\/p><h5 class=\"wp-block-heading\"><strong>Impacto financeiro<\/strong><strong>&nbsp;<\/strong><\/h5><p>Na decis\u00e3o, o ministro considerou o \u201cquadro periclitante\u201d enfrentado pelo munic\u00edpio. Segundo ele, h\u00e1 demonstra\u00e7\u00e3o suficiente de que, se os efeitos imediatos da decis\u00e3o do tribunal estadual n\u00e3o forem suspensos, qualquer contribuinte do IPTU de Bragan\u00e7a Paulista poder\u00e1 pedir a anula\u00e7\u00e3o dos lan\u00e7amentos referentes ao exerc\u00edcio de 2025, em raz\u00e3o da aus\u00eancia de requisito considerado essencial.&nbsp;<\/p><p>O relator tamb\u00e9m destacou o potencial efeito multiplicador da controv\u00e9rsia, uma vez que mais de 200 a\u00e7\u00f5es sobre o tema j\u00e1 est\u00e3o em tramita\u00e7\u00e3o. De acordo com informa\u00e7\u00f5es prestadas pelo munic\u00edpio, decis\u00f5es judiciais proferidas nesses processos j\u00e1 suspenderam lan\u00e7amentos de IPTU que somam mais de R$ 75 milh\u00f5es nos exerc\u00edcios de 2025 e 2026.&nbsp;<\/p><p>Leia a&nbsp;<a href=\"https:\/\/portal.stf.jus.br\/processos\/downloadPeca.asp?id=15388918692&amp;ext=.pdf\" target=\"_blank\" rel=\"noreferrer noopener\"><strong>\u00edntegra da decis\u00e3o<\/strong><\/a>.&nbsp;<\/p><p><em>(Su\u00e9len&nbsp;Pires\/AS\/\/CF)&nbsp;<\/em><\/p><p><strong>Fonte: STF<\/strong><\/p>\n    <div class=\"xs_social_share_widget xs_share_url after_content \t\tmain_content  wslu-style-1 wslu-share-box-shaped wslu-fill-colored wslu-none wslu-share-horizontal wslu-theme-font-no wslu-main_content\">\n\n\t\t\n        <ul>\n\t\t\t        <\/ul>\n    <\/div> \n","protected":false},"excerpt":{"rendered":"<p>O vice-presidente do Supremo Tribunal Federal (STF), ministro Alexandre de Moraes, no exerc\u00edcio da Presid\u00eancia, suspendeu\u00a0decis\u00f5es\u00a0do Tribunal de Justi\u00e7a de S\u00e3o Paulo (TJ-SP) que haviam invalidado\u00a0a\u00a0altera\u00e7\u00e3o da base de c\u00e1lculo do Imposto Predial e Territorial Urbano (IPTU)\u00a0prevista em decreto do Munic\u00edpio de Bragan\u00e7a Paulista (SP).\u00a0A\u00a0medida\u00a0foi tomada na Suspens\u00e3o de Liminar\u00a0(SL) 1930. O ministro Alexandre de Moraes responde pela Presid\u00eancia do STF\u00a0na\u00a0segunda quinzena de julho e, nessa condi\u00e7\u00e3o, analisa os pedidos urgentes.\u00a0\u00a0<\/p>\n","protected":false},"author":5,"featured_media":19180,"comment_status":"open","ping_status":"open","sticky":false,"template":"","format":"standard","meta":{"postBodyCss":"","postBodyMargin":[],"postBodyPadding":[],"postBodyBackground":{"backgroundType":"classic","gradient":""},"_price":"","_stock":"","_tribe_ticket_header":"","_tribe_default_ticket_provider":"","_tribe_ticket_capacity":"0","_ticket_start_date":"","_ticket_end_date":"","_tribe_ticket_show_description":"","_tribe_ticket_show_not_going":false,"_tribe_ticket_use_global_stock":"","_tribe_ticket_global_stock_level":"","_global_stock_mode":"","_global_stock_cap":"","_tribe_rsvp_for_event":"","_tribe_ticket_going_count":"","_tribe_ticket_not_going_count":"","_tribe_tickets_list":"[]","_tribe_ticket_has_attendee_info_fields":false,"footnotes":""},"categories":[46],"tags":[],"class_list":["post-19179","post","type-post","status-publish","format-standard","has-post-thumbnail","hentry","category-noticias"],"acf":[],"_links":{"self":[{"href":"https:\/\/sgpsolucoes.com.br\/site\/wp-json\/wp\/v2\/posts\/19179"}],"collection":[{"href":"https:\/\/sgpsolucoes.com.br\/site\/wp-json\/wp\/v2\/posts"}],"about":[{"href":"https:\/\/sgpsolucoes.com.br\/site\/wp-json\/wp\/v2\/types\/post"}],"author":[{"embeddable":true,"href":"https:\/\/sgpsolucoes.com.br\/site\/wp-json\/wp\/v2\/users\/5"}],"replies":[{"embeddable":true,"href":"https:\/\/sgpsolucoes.com.br\/site\/wp-json\/wp\/v2\/comments?post=19179"}],"version-history":[{"count":1,"href":"https:\/\/sgpsolucoes.com.br\/site\/wp-json\/wp\/v2\/posts\/19179\/revisions"}],"predecessor-version":[{"id":19181,"href":"https:\/\/sgpsolucoes.com.br\/site\/wp-json\/wp\/v2\/posts\/19179\/revisions\/19181"}],"wp:featuredmedia":[{"embeddable":true,"href":"https:\/\/sgpsolucoes.com.br\/site\/wp-json\/wp\/v2\/media\/19180"}],"wp:attachment":[{"href":"https:\/\/sgpsolucoes.com.br\/site\/wp-json\/wp\/v2\/media?parent=19179"}],"wp:term":[{"taxonomy":"category","embeddable":true,"href":"https:\/\/sgpsolucoes.com.br\/site\/wp-json\/wp\/v2\/categories?post=19179"},{"taxonomy":"post_tag","embeddable":true,"href":"https:\/\/sgpsolucoes.com.br\/site\/wp-json\/wp\/v2\/tags?post=19179"}],"curies":[{"name":"wp","href":"https:\/\/api.w.org\/{rel}","templated":true}]}}