{"id":19182,"date":"2026-07-29T15:55:29","date_gmt":"2026-07-29T18:55:29","guid":{"rendered":"https:\/\/sgpsolucoes.com.br\/site\/?p=19182"},"modified":"2026-07-29T15:55:30","modified_gmt":"2026-07-29T18:55:30","slug":"stj-julgou-39-temas-repetitivos-no-primeiro-semestre-de-2026-confira-todas-as-teses-fixadas","status":"publish","type":"post","link":"https:\/\/sgpsolucoes.com.br\/site\/stj-julgou-39-temas-repetitivos-no-primeiro-semestre-de-2026-confira-todas-as-teses-fixadas\/","title":{"rendered":"STJ julgou 39 temas repetitivos no primeiro semestre de 2026; confira todas as teses fixadas"},"content":{"rendered":"<p>No primeiro semestre de 2026, o Superior Tribunal de Justi\u00e7a (STJ) julgou 39 temas sob o rito dos recursos&nbsp;repetitivos. As teses fixadas nesses precedentes t\u00eam como finalidade consolidar a interpreta\u00e7\u00e3o da legisla\u00e7\u00e3o federal e orientar, de forma vinculante, magistrados e tribunais na an\u00e1lise de processos com quest\u00f5es jur\u00eddicas semelhantes, promovendo maior uniformidade nas decis\u00f5es, al\u00e9m de reduzir a quantidade de recursos e tornar a presta\u00e7\u00e3o jurisdicional mais r\u00e1pida em todo o pa\u00eds.<\/p><p>A Primeira Se\u00e7\u00e3o, especializada em direito p\u00fablico, concentrou o maior n\u00famero de&nbsp;repetitivos, com 19 temas julgados. Entre os principais destaques est\u00e1 o Tema 1.157, em que o colegiado definiu que o Instituto Nacional do Seguro Social (INSS) pode cancelar, na esfera administrativa, benef\u00edcios por incapacidade \u2013 como aux\u00edlio-doen\u00e7a e aposentadoria por invalidez \u2013 concedidos por decis\u00e3o judicial transitada em julgado, sem a necessidade de propor a\u00e7\u00e3o revisional.<\/p><p>No campo do direito privado, a Segunda Se\u00e7\u00e3o fixou, no Tema 1.295, o entendimento de que \u00e9 abusiva a limita\u00e7\u00e3o da quantidade de sess\u00f5es de terapia multidisciplinar prescritas a pacientes com transtorno do espectro autista (TEA). J\u00e1 a Terceira Se\u00e7\u00e3o, respons\u00e1vel por julgar mat\u00e9rias de direito penal, teve como destaque o julgamento conjunto dos Temas 1.154 e 1.241, nos quais ficou estabelecido que a expressiva quantidade de droga apreendida pode afastar a incid\u00eancia da causa de diminui\u00e7\u00e3o de pena do tr\u00e1fico privilegiado, desde que o volume seja incompat\u00edvel com a condi\u00e7\u00e3o de pequeno ou eventual traficante.<\/p><p><strong>Leia tamb\u00e9m:&nbsp;<\/strong><a href=\"https:\/\/www.stj.jus.br\/sites\/portalp\/Paginas\/Comunicacao\/Noticias\/2026\/28012026-STJ-julgou-42-temas-repetitivos-no-segundo-semestre-de-2025--veja-as-teses-fixadas.aspx\">STJ julgou 42 temas repetitivos no segundo semestre de 2025; veja as teses fixadas<\/a><\/p><p>Na Corte Especial, um dos principais destaques foi a defini\u00e7\u00e3o, no Tema 1.296, de que a cobran\u00e7a da multa di\u00e1ria (astreintes) pelo descumprimento de obriga\u00e7\u00e3o de fazer ou de n\u00e3o fazer exige a pr\u00e9via&nbsp;intima\u00e7\u00e3o&nbsp;pessoal do devedor.<\/p><h2 class=\"wp-block-heading\">Corte Especial<\/h2><p><a href=\"https:\/\/processo.stj.jus.br\/repetitivos\/temas_repetitivos\/pesquisa.jsp?novaConsulta=true&amp;tipo_pesquisa=T&amp;cod_tema_inicial=1081&amp;cod_tema_final=1081\"><strong>Tema 1.081<\/strong><\/a><strong>&nbsp;<\/strong>(REsp 1.882.236; REsp 1.893.709; REsp 1.894.666)<\/p><p>A demanda previdenci\u00e1ria cujo valor da condena\u00e7\u00e3o seja afer\u00edvel por simples c\u00e1lculos aritm\u00e9ticos, com base nos par\u00e2metros fixados na&nbsp;senten\u00e7a, deve ser dispensada da&nbsp;remessa necess\u00e1ria&nbsp;quando for poss\u00edvel estimar que n\u00e3o exceder\u00e1 o limite previsto no artigo 496, par\u00e1grafo 3\u00ba, inciso I, do C\u00f3digo de Processo Civil (CPC).<\/p><p><strong>Leia tamb\u00e9m:&nbsp;<\/strong><a href=\"https:\/\/www.stj.jus.br\/sites\/portalp\/Paginas\/Comunicacao\/Noticias\/2026\/17032026-Em-repetitivo--STJ-define-hipotese-de-dispensa-de-remessa-necessaria-em-acoes-previdenciarias.aspx\">Em repetitivo, STJ define hip\u00f3tese de dispensa de remessa necess\u00e1ria em a\u00e7\u00f5es previdenci\u00e1rias<\/a><\/p><p><a href=\"https:\/\/processo.stj.jus.br\/repetitivos\/temas_repetitivos\/pesquisa.jsp?novaConsulta=true&amp;tipo_pesquisa=T&amp;cod_tema_inicial=1296&amp;cod_tema_final=1296\"><strong>Tema 1.296<\/strong><\/a><strong>&nbsp;<\/strong>(REsp 2.096.505; REsp 2.140.662; REsp 2.142.333)<\/p><p>A pr\u00e9via&nbsp;intima\u00e7\u00e3o&nbsp;pessoal do devedor para o cumprimento de obriga\u00e7\u00e3o de fazer ou de n\u00e3o fazer especificada na decis\u00e3o judicial \u00e9 pressuposto para a incid\u00eancia da multa coercitiva, nos termos da&nbsp;S\u00famula 410\/STJ, cujo teor permanece h\u00edgido ap\u00f3s a entrada em vigor do CPC de 2015.<\/p><p><strong>Leia tamb\u00e9m:&nbsp;<\/strong><a href=\"https:\/\/www.stj.jus.br\/sites\/portalp\/Paginas\/Comunicacao\/Noticias\/2026\/25032026-Corte-Especial-define-que-previa-intimacao-pessoal-e-pressuposto-para-cobranca-de-multa-coercitiva.aspx\">Corte Especial define que pr\u00e9via intima\u00e7\u00e3o pessoal \u00e9 pressuposto para cobran\u00e7a de multa coercitiva<\/a><\/p><p><a href=\"https:\/\/processo.stj.jus.br\/repetitivos\/temas_repetitivos\/pesquisa.jsp?novaConsulta=true&amp;tipo_pesquisa=T&amp;cod_tema_inicial=1338&amp;cod_tema_final=1338\"><strong>Tema 1.338<\/strong><\/a><strong>&nbsp;<\/strong>(REsp 2.166.983; REsp 2.162.483)<\/p><p>1. A expedi\u00e7\u00e3o de of\u00edcios a cadastros de \u00f3rg\u00e3os p\u00fablicos ou a concession\u00e1rias de servi\u00e7os p\u00fablicos n\u00e3o \u00e9 requisito obrigat\u00f3rio para a validade da&nbsp;cita\u00e7\u00e3o&nbsp;por edital, competindo ao magistrado, \u00e0 luz das circunst\u00e2ncias do caso concreto, avaliar a sufici\u00eancia das dilig\u00eancias realizadas e motivar a conclus\u00e3o quanto ao esgotamento razo\u00e1vel dos meios dispon\u00edveis.<\/p><p>2. Considera-se atendido, em regra, o requisito do artigo 256, par\u00e1grafo 3\u00ba, do CPC quando infrut\u00edferas as tentativas de localiza\u00e7\u00e3o do r\u00e9u nos endere\u00e7os constantes dos autos e naqueles obtidos por meio dos sistemas informatizados de pesquisa \u00e0 disposi\u00e7\u00e3o do ju\u00edzo, sendo desnecess\u00e1rio o esgotamento de todos os meios extrajudiciais ou a expedi\u00e7\u00e3o de of\u00edcios a empresas privadas de servi\u00e7os p\u00fablicos.<\/p><p><a href=\"https:\/\/processo.stj.jus.br\/repetitivos\/temas_repetitivos\/pesquisa.jsp?novaConsulta=true&amp;tipo_pesquisa=T&amp;cod_tema_inicial=1424&amp;cod_tema_final=1424\"><strong>Tema 1.424<\/strong><\/a><strong>&nbsp;<\/strong>(REsp 2.225.061; REsp 2.234.386)<\/p><p>A demonstra\u00e7\u00e3o da hipossufici\u00eancia econ\u00f4mico-financeira da pessoa jur\u00eddica, para fins de obten\u00e7\u00e3o de gratuidade de justi\u00e7a, reclama esclarecimentos sobre a sua situa\u00e7\u00e3o financeira e patrimonial \u2013 com a indica\u00e7\u00e3o de ativo, passivo, patrim\u00f4nio l\u00edquido, resultado do exerc\u00edcio, fluxo de caixa, participa\u00e7\u00f5es societ\u00e1rias, saldos e aplica\u00e7\u00f5es em contas banc\u00e1rias \u2013, o que n\u00e3o se concretiza com a mera prova de inatividade ou de queda de faturamento.<\/p><p><strong>Leia tamb\u00e9m:&nbsp;<\/strong><a href=\"https:\/\/www.stj.jus.br\/sites\/portalp\/Paginas\/Comunicacao\/Noticias\/2026\/03072026-Primeiro-repetitivo-julgado-em-sessao-totalmente-virtual-define-requisitos-para-justica-gratuita-a-pessoas.aspx\">Primeiro repetitivo julgado em sess\u00e3o totalmente virtual define requisitos para justi\u00e7a gratuita a pessoas jur\u00eddicas<\/a><\/p><h2 class=\"wp-block-heading\">Primeira Se\u00e7\u00e3o \u2013 direito p\u00fablico<\/h2><p><a href=\"https:\/\/processo.stj.jus.br\/repetitivos\/temas_repetitivos\/pesquisa.jsp?novaConsulta=true&amp;tipo_pesquisa=T&amp;cod_tema_inicial=1157&amp;cod_tema_final=1157\"><strong>Tema 1.157<\/strong><\/a><strong>&nbsp;<\/strong>(REsp 1.985.189; REsp 1.985.190)<\/p><p>\u00c9 l\u00edcito ao INSS promover o cancelamento administrativo de benef\u00edcios previdenci\u00e1rios por incapacidade outorgados mediante decis\u00e3o judicial transitada em julgado, desde que observado o devido processo legal administrativo, o qual deve incluir a realiza\u00e7\u00e3o de per\u00edcia m\u00e9dica. Tal procedimento administrativo \u00e9 aut\u00f4nomo e independe da propositura de a\u00e7\u00e3o judicial revisional para sua efetiva\u00e7\u00e3o.\u200b\u200b\u200b\u200b\u200b\u200b\u200b\u200b\u200b<\/p><figure class=\"wp-block-image\"><img decoding=\"async\" src=\"https:\/\/www.stj.jus.br\/sites\/portalp\/SiteAssets\/imagens\/internas_noticias\/medico-atende-paciente-29072026.jpg\" alt=\"\"\/><figcaption class=\"wp-element-caption\">A per\u00edcia m\u00e9dica deve fazer parte do processo administrativo para eventual cancelamento do benef\u00edcio previdenci\u00e1rio.<\/figcaption><\/figure><p><a href=\"https:\/\/processo.stj.jus.br\/repetitivos\/temas_repetitivos\/pesquisa.jsp?novaConsulta=true&amp;tipo_pesquisa=T&amp;cod_tema_inicial=1169&amp;cod_tema_final=1169\"><strong>Tema 1.169<\/strong><\/a><strong>&nbsp;<\/strong>(REsp 1.978.629; REsp 1.985.037; REsp 1.985.491)<\/p><p>1. Na execu\u00e7\u00e3o individual do t\u00edtulo formado em processo coletivo em favor de servidores p\u00fablicos, sempre que demonstrado documentalmente que o exequente legitimado se encontre na situa\u00e7\u00e3o estabelecida de forma gen\u00e9rica na&nbsp;senten\u00e7a, a execu\u00e7\u00e3o pode ocorrer sem a necessidade de pr\u00e9via liquida\u00e7\u00e3o do julgado, quando for poss\u00edvel a apura\u00e7\u00e3o do cr\u00e9dito por simples c\u00e1lculos aritm\u00e9ticos.<\/p><p>2. Cabe ao ju\u00edzo da execu\u00e7\u00e3o, assegurado o contradit\u00f3rio ao executado, em sede de impugna\u00e7\u00e3o ao cumprimento de&nbsp;senten\u00e7a, analisar, de forma concreta, se \u00e9 necess\u00e1ria a pr\u00e9via liquida\u00e7\u00e3o do julgado.<\/p><p><strong>Leia tamb\u00e9m:&nbsp;<\/strong><a href=\"https:\/\/www.stj.jus.br\/sites\/portalp\/Paginas\/Comunicacao\/Noticias\/2026\/10062026-Repetitivo-fixa-teses-sobre-dispensa-de-liquidacao-previa-na-execucao-individual-de-sentenca-coletiva-de-servidores.aspx\">Repetitivo fixa teses sobre dispensa de liquida\u00e7\u00e3o pr\u00e9via na execu\u00e7\u00e3o individual de senten\u00e7a coletiva de servidores<\/a><\/p><p><a href=\"https:\/\/processo.stj.jus.br\/repetitivos\/temas_repetitivos\/pesquisa.jsp?novaConsulta=true&amp;tipo_pesquisa=T&amp;cod_tema_inicial=1299&amp;cod_tema_final=1299\"><strong>Tema 1.299<\/strong><\/a>&nbsp;(EREsp 1.431.163; EREsp 1.910.729)<\/p><p>Aplica-se o \u00f3bice do verbete sumular 343\/STF \u00e0s a\u00e7\u00f5es rescis\u00f3rias ajuizadas com base em ofensa \u00e0 literal disposi\u00e7\u00e3o de lei (artigos 485, inciso V, &nbsp;CPC\/1973, e 966, inciso V, CPC\/2015), que visem desconstituir decis\u00f5es judiciais prolatadas antes do julgamento do Tema Repetitivo 548\/STJ, em 11\/9\/2013, nos quais tenha sido reconhecida, para efeito de aplica\u00e7\u00e3o do reajuste de 28,86% sobre a Retribui\u00e7\u00e3o Adicional Vari\u00e1vel (RAV), a possibilidade de compensa\u00e7\u00e3o do percentual com os supervenientes reposicionamentos funcionais da carreira de auditor fiscal da Receita Federal, implementados pela Lei 8.627\/1993.<\/p><p><a href=\"https:\/\/processo.stj.jus.br\/repetitivos\/temas_repetitivos\/pesquisa.jsp?novaConsulta=true&amp;tipo_pesquisa=T&amp;cod_tema_inicial=1307&amp;cod_tema_final=1307\"><strong>Tema 1.307<\/strong><\/a>&nbsp;(REsp 2.164.724; REsp 2.166.208)<\/p><p>\u00c9 poss\u00edvel o reconhecimento do car\u00e1ter especial em virtude da penosidade das atividades de motorista\/cobrador de \u00f4nibus ou motorista de caminh\u00e3o exercidas posteriormente \u00e0 Lei 9.032\/1995, desde que comprovada, por per\u00edcia t\u00e9cnica individualizada, a exposi\u00e7\u00e3o habitual e permanente a condi\u00e7\u00f5es concretas de desgaste \u00e0 sa\u00fade.<\/p><p><strong>Leia tamb\u00e9m:&nbsp;<\/strong><a href=\"https:\/\/www.stj.jus.br\/sites\/portalp\/Paginas\/Comunicacao\/Noticias\/2026\/03062026-Motoristas-e-cobradores-STJ-permite-reconhecimento-de-aposentadoria-especial-por-trabalho-penoso.aspx\">Motoristas e cobradores: STJ permite reconhecimento de aposentadoria especial por trabalho penoso<\/a><\/p><p><a href=\"https:\/\/processo.stj.jus.br\/repetitivos\/temas_repetitivos\/pesquisa.jsp?novaConsulta=true&amp;tipo_pesquisa=T&amp;cod_tema_inicial=1312&amp;cod_tema_final=1312\"><strong>Tema 1.312<\/strong><\/a><strong>&nbsp;<\/strong>(REsp 2.151.903; REsp 2.151.904; REsp 2.151.907)<\/p><p>As contribui\u00e7\u00f5es do PIS e da&nbsp;Cofins&nbsp;comp\u00f5em a base de c\u00e1lculo do Imposto de Renda da Pessoa Jur\u00eddica e da Contribui\u00e7\u00e3o Social sobre o Lucro L\u00edquido, quando apuradas na sistem\u00e1tica do lucro presumido.<\/p><p><a href=\"https:\/\/processo.stj.jus.br\/repetitivos\/temas_repetitivos\/pesquisa.jsp?novaConsulta=true&amp;tipo_pesquisa=T&amp;cod_tema_inicial=1325&amp;cod_tema_final=1325\"><strong>Tema 1.325<\/strong><\/a><strong>&nbsp;<\/strong>(REsp 2.147.428; REsp 2.147.843; REsp 2.193.695)<\/p><p>1. A reitera\u00e7\u00e3o autom\u00e1tica de ordens de bloqueio via&nbsp;Sisbajud&nbsp;(&#8220;teimosinha&#8221;) \u00e9 medida leg\u00edtima, voltada \u00e0 efetividade da execu\u00e7\u00e3o e compat\u00edvel com o ordenamento processual, cabendo ao executado demonstrar causas impeditivas do gravame ou exist\u00eancia de meio executivo igualmente eficaz e menos gravoso.<\/p><p>2. Ap\u00f3s a triangulariza\u00e7\u00e3o da rela\u00e7\u00e3o processual, o indeferimento da medida exige fundamenta\u00e7\u00e3o concreta, n\u00e3o se admitindo negativa baseada em argumentos gen\u00e9ricos ou abstratos.<\/p><p><strong>Leia tamb\u00e9m:&nbsp;<\/strong><a href=\"https:\/\/www.stj.jus.br\/sites\/portalp\/Paginas\/Comunicacao\/Noticias\/2026\/23062026-Primeira-Secao-julga-repetitivo-e-valida-uso-da-%E2%80%9Cteimosinha%E2%80%9D-em-execucoes-fiscais.aspx\">Primeira Se\u00e7\u00e3o julga repetitivo e valida uso da &#8220;teimosinha&#8221; em execu\u00e7\u00f5es fiscais<\/a><\/p><p><a href=\"https:\/\/processo.stj.jus.br\/repetitivos\/temas_repetitivos\/pesquisa.jsp?novaConsulta=true&amp;tipo_pesquisa=T&amp;cod_tema_inicial=1339&amp;cod_tema_final=1339\"><strong>Tema 1.339<\/strong><\/a><strong>&nbsp;<\/strong>(REsp 2.124.940; REsp 2.178.164; REsp 2.123.838)<\/p><p>O comerciante varejista, porque sujeito ao regime monof\u00e1sico de tributa\u00e7\u00e3o da Contribui\u00e7\u00e3o para o&nbsp;PIS\/Pasep&nbsp;e da&nbsp;Cofins, n\u00e3o tem direito \u00e0 obten\u00e7\u00e3o, tampouco \u00e0 manuten\u00e7\u00e3o de cr\u00e9ditos vinculados \u00e0 aquisi\u00e7\u00e3o de combust\u00edveis, mesmo ap\u00f3s a edi\u00e7\u00e3o das Leis Complementares 192\/2022 e 194\/2022 e da Medida Provis\u00f3ria 1.118\/2022, n\u00e3o havendo que se falar, assim, quanto a referido contribuinte, em posterior majora\u00e7\u00e3o indireta de tributos a ensejar ofensa ao princ\u00edpio da anterioridade nonagesimal.<\/p><p><strong>Leia tamb\u00e9m:&nbsp;<\/strong><a href=\"https:\/\/www.stj.jus.br\/sites\/portalp\/Paginas\/Comunicacao\/Noticias\/2026\/10072026-Regime-monofasico-de-tributacao-impede-creditos-de-PISPasep-e-Cofins-para-postos-de-combustiveis.aspx\">Regime monof\u00e1sico de tributa\u00e7\u00e3o impede cr\u00e9ditos de PIS\/Pasep e Cofins para postos de combust\u00edveis<\/a><\/p><p><a href=\"https:\/\/processo.stj.jus.br\/repetitivos\/temas_repetitivos\/pesquisa.jsp?novaConsulta=true&amp;tipo_pesquisa=T&amp;cod_tema_inicial=1360&amp;cod_tema_final=1360\"><strong>Tema 1.360<\/strong><\/a><strong>&nbsp;<\/strong>(REsp 2.169.736; REsp 2.188.714)<\/p><p>Para fins de prorroga\u00e7\u00e3o do per\u00edodo de gra\u00e7a (artigo 15, par\u00e1grafo 2\u00ba, da Lei 8.213\/1991), o registro perante o Minist\u00e9rio do Trabalho e da Previd\u00eancia Social pode ser suprido por outros meios de prova admitidos em direito, tanto na via administrativa quanto na judicial, desde que demonstrada a situa\u00e7\u00e3o de desemprego involunt\u00e1rio, n\u00e3o sendo suficiente para esse fim a mera aus\u00eancia de anota\u00e7\u00f5es laborais na Carteira de Trabalho e Previd\u00eancia Social (CTPS) ou no Cadastro Nacional de Informa\u00e7\u00f5es Sociais (CNIS).<\/p><p><strong>Leia tamb\u00e9m:&nbsp;<\/strong><a href=\"https:\/\/www.stj.jus.br\/sites\/portalp\/Paginas\/Comunicacao\/Noticias\/2026\/16072026-Repetitivo-fixa-tese-sobre-prova-de-desemprego-para-extensao-do-periodo-de-graca-previdenciaria.aspx\">Repetitivo fixa tese sobre prova de desemprego para extens\u00e3o do per\u00edodo de gra\u00e7a previdenci\u00e1ria<\/a><\/p><p><a href=\"https:\/\/processo.stj.jus.br\/repetitivos\/temas_repetitivos\/pesquisa.jsp?novaConsulta=true&amp;tipo_pesquisa=T&amp;cod_tema_inicial=1369&amp;cod_tema_final=1369\"><strong>Tema 1.369<\/strong><\/a><strong>&nbsp;<\/strong>(REsp 2.133.933; REsp 2.025.997)<\/p><p>A Lei Complementar 87\/1996 (Lei Kandir) disciplina de forma suficiente a cobran\u00e7a de&nbsp;ICMS-Difal em opera\u00e7\u00f5es interestaduais destinadas a consumidor final contribuinte do imposto antes da entrada em vigor da Lei Complementar 190\/2022.<\/p><p><strong>Leia tamb\u00e9m:&nbsp;<\/strong><a href=\"https:\/\/www.stj.jus.br\/sites\/portalp\/Paginas\/Comunicacao\/Noticias\/2026\/28072026-Lei-Kandir-e-suficiente-para-cobranca-do-ICMS-Difal-em-operacoes-destinadas-a-consumidor-final-contribuinte.aspx\">Lei Kandir \u00e9 suficiente para cobran\u00e7a do ICMS-Difal em opera\u00e7\u00f5es destinadas a consumidor final contribuinte<\/a><\/p><p><a href=\"https:\/\/processo.stj.jus.br\/repetitivos\/temas_repetitivos\/pesquisa.jsp?novaConsulta=true&amp;tipo_pesquisa=T&amp;cod_tema_inicial=1373&amp;cod_tema_final=1373\"><strong>Tema 1.373<\/strong><\/a>&nbsp;(REsp 2.198.235; REsp 2.191.364)<\/p><p>O&nbsp;IPI&nbsp;n\u00e3o recuper\u00e1vel incidente sobre a opera\u00e7\u00e3o de entrada n\u00e3o integra a base de apura\u00e7\u00e3o dos cr\u00e9ditos da contribui\u00e7\u00e3o ao&nbsp;PIS\/Pasep&nbsp;e da&nbsp;Cofins&nbsp;a partir das opera\u00e7\u00f5es realizadas ap\u00f3s a entrada em vigor da Instru\u00e7\u00e3o Normativa 2.121\/2022 da Receita Federal do Brasil, em 20\/12\/2022.<\/p><p><a href=\"https:\/\/processo.stj.jus.br\/repetitivos\/temas_repetitivos\/pesquisa.jsp?novaConsulta=true&amp;tipo_pesquisa=T&amp;cod_tema_inicial=1380&amp;cod_tema_final=1380\"><strong>Tema 1.380<\/strong><\/a><strong>&nbsp;<\/strong>(EREsp 2.090.133; REsp 2.173.916)<\/p><p>O adicional da&nbsp;Cofins-Importa\u00e7\u00e3o \u00e9 devido, ainda que a al\u00edquota ordin\u00e1ria seja reduzida a zero para determinados produtos qu\u00edmicos, farmac\u00eauticos e os destinados ao uso em hospitais, cl\u00ednicas e consult\u00f3rios m\u00e9dicos e odontol\u00f3gicos, nos termos do artigo 8\u00ba, par\u00e1grafos 21 e 21-A, da Lei 10.865\/2004.<\/p><p><strong>Leia tamb\u00e9m:&nbsp;<\/strong><a href=\"https:\/\/www.stj.jus.br\/sites\/portalp\/Paginas\/Comunicacao\/Noticias\/2026\/20072026-Adicional-da-Cofins-Importacao-deve-ser-recolhido-mesmo-quando-a-aliquota-da-contribuicao-e-zero.aspx\">Adicional da Cofins-Importa\u00e7\u00e3o deve ser recolhido mesmo quando a al\u00edquota da contribui\u00e7\u00e3o \u00e9 zero<\/a><\/p><p><a href=\"https:\/\/processo.stj.jus.br\/repetitivos\/temas_repetitivos\/pesquisa.jsp?novaConsulta=true&amp;tipo_pesquisa=T&amp;cod_tema_inicial=1385&amp;cod_tema_final=1385\"><strong>Tema 1.385<\/strong><\/a><strong>&nbsp;<\/strong>(REsp 2.193.673; REsp 2.203.951)<\/p><p>Na execu\u00e7\u00e3o fiscal, a fian\u00e7a banc\u00e1ria ou o seguro-garantia oferecido em garantia de execu\u00e7\u00e3o de cr\u00e9dito tribut\u00e1rio n\u00e3o \u00e9 recus\u00e1vel por inobserv\u00e2ncia \u00e0 ordem legal da penhora.<\/p><p><strong>Leia tamb\u00e9m:&nbsp;<\/strong><a href=\"https:\/\/www.stj.jus.br\/sites\/portalp\/Paginas\/Comunicacao\/Noticias\/2026\/10032026-Na-execucao-de-credito-tributario--Fazenda-nao-pode-invocar-ordem-legal-para-recusar-fianca-ou-seguro-garantia.aspx\">Na execu\u00e7\u00e3o de cr\u00e9dito tribut\u00e1rio, Fazenda n\u00e3o pode invocar ordem legal para recusar fian\u00e7a ou seguro-garantia<\/a><\/p><p><a href=\"https:\/\/processo.stj.jus.br\/repetitivos\/temas_repetitivos\/pesquisa.jsp?novaConsulta=true&amp;tipo_pesquisa=T&amp;cod_tema_inicial=1390&amp;cod_tema_final=1390\"><strong>Tema 1.390<\/strong><\/a>&nbsp;(REsp 2.185.634; REsp 2.187.625; REsp 2.187.646; REsp 2.188.421)<\/p><p>A base de c\u00e1lculo das contribui\u00e7\u00f5es ao Instituto Nacional de Coloniza\u00e7\u00e3o e Reforma Agr\u00e1ria (Incra), sal\u00e1rio-educa\u00e7\u00e3o, Diretoria de Portos e Costas do Minist\u00e9rio da Marinha (DPC), Fundo Aerovi\u00e1rio (Faer), Servi\u00e7o Nacional de Aprendizagem Rural (Senar), Servi\u00e7o Social do Transporte (Sest), Servi\u00e7o Nacional de Aprendizagem do Transporte (Senat), Servi\u00e7o Nacional de Aprendizagem do Cooperativismo (Sescoop), Servi\u00e7o Brasileiro de Apoio \u00e0s Micro e Pequenas Empresas (Sebrae), Servi\u00e7o Social Aut\u00f4nomo Ag\u00eancia de Promo\u00e7\u00e3o de Exporta\u00e7\u00f5es do Brasil (APEX-Brasil) e Servi\u00e7o Social Aut\u00f4nomo Ag\u00eancia Brasileira de Desenvolvimento Industrial (ABDI) n\u00e3o \u00e9 limitada a 20 vezes o maior sal\u00e1rio m\u00ednimo vigente no pa\u00eds (artigo 4\u00ba, par\u00e1grafo \u00fanico, da Lei 6.950\/1981).<\/p><p><strong>Leia tamb\u00e9m:&nbsp;<\/strong><a href=\"https:\/\/www.stj.jus.br\/sites\/portalp\/Paginas\/Comunicacao\/Noticias\/2026\/23022026-Repetitivo-afasta-teto-de-20-salarios-minimos-para-base-de-calculo-das-contribuicoes-parafiscais.aspx\">Repetitivo afasta teto de 20 sal\u00e1rios m\u00ednimos para base de c\u00e1lculo das contribui\u00e7\u00f5es parafiscais<\/a><\/p><p><a href=\"https:\/\/processo.stj.jus.br\/repetitivos\/temas_repetitivos\/pesquisa.jsp?novaConsulta=true&amp;tipo_pesquisa=T&amp;cod_tema_inicial=1401&amp;cod_tema_final=1401\"><strong>Tema 1.401<\/strong><\/a>&nbsp;(REsp 2.238.302; REsp 2.177.031)<\/p><p>N\u00e3o s\u00e3o aplic\u00e1veis a bloqueios do Fundo de Participa\u00e7\u00e3o dos Munic\u00edpios (FPM) em raz\u00e3o de d\u00edvidas com contribui\u00e7\u00f5es previdenci\u00e1rias os limites de 9% da cota-parte (artigo 1\u00ba,&nbsp;<em>caput<\/em>, da Lei 9.639\/1998) e de 15% da receita corrente l\u00edquida \u2013 RCL (artigo 5\u00ba, par\u00e1grafo 4\u00ba, da Lei 9.639\/1998).<\/p><p><a href=\"https:\/\/processo.stj.jus.br\/repetitivos\/temas_repetitivos\/pesquisa.jsp?novaConsulta=true&amp;tipo_pesquisa=T&amp;cod_tema_inicial=1402&amp;cod_tema_final=1402\"><strong>Tema 1.402<\/strong><\/a><strong>&nbsp;<\/strong>(REsp 2.231.007)<\/p><p>1. A&nbsp;senten\u00e7a&nbsp;coletiva que condena a administra\u00e7\u00e3o centralizada ao pagamento de verba remunerat\u00f3ria n\u00e3o pode ser executada por servidores de autarquias e funda\u00e7\u00f5es p\u00fablicas.<\/p><p>2. Os servidores que integravam os quadros de autarquias e de funda\u00e7\u00f5es p\u00fablicas do Distrito Federal na data da propositura da A\u00e7\u00e3o Coletiva 32.159\/97 n\u00e3o foram beneficiados pela&nbsp;coisa julgada.<\/p><p><a href=\"https:\/\/processo.stj.jus.br\/repetitivos\/temas_repetitivos\/pesquisa.jsp?novaConsulta=true&amp;tipo_pesquisa=T&amp;cod_tema_inicial=1408&amp;cod_tema_final=1408\"><strong>Tema 1.408<\/strong><\/a><strong>&nbsp;<\/strong>(REsp 2.228.331; REsp 2.228.559)<\/p><p>O sindicato n\u00e3o tem leg\u00edtimo interesse para propor a\u00e7\u00e3o civil p\u00fablica buscando a condena\u00e7\u00e3o ao pagamento de diferen\u00e7as de complementa\u00e7\u00e3o do Fundo de Manuten\u00e7\u00e3o e Desenvolvimento do Ensino Fundamental e de Valoriza\u00e7\u00e3o do Magist\u00e9rio (Fundef) ou do Fundo de Manuten\u00e7\u00e3o e Desenvolvimento da Educa\u00e7\u00e3o B\u00e1sica e de Valoriza\u00e7\u00e3o dos Profissionais da Educa\u00e7\u00e3o (Fundeb).\u200b\u200b\u200b\u200b\u200b\u200b\u200b\u200b\u200b<\/p><figure class=\"wp-block-image\"><img decoding=\"async\" src=\"https:\/\/www.stj.jus.br\/sites\/portalp\/SiteAssets\/imagens\/internas_noticias\/professora-escrevendo-na-lousa-29072026.jpg\" alt=\"\"\/><figcaption class=\"wp-element-caption\">Muitos sindicatos v\u00eam tentando assegurar o repasse de verbas que se destinam, em parte, \u00e0 remunera\u00e7\u00e3o dos profissionais da educa\u00e7\u00e3o.<\/figcaption><\/figure><p><strong>Leia tamb\u00e9m:&nbsp;<\/strong><a href=\"https:\/\/www.stj.jus.br\/sites\/portalp\/Paginas\/Comunicacao\/Noticias\/2026\/28072026-Sindicatos-nao-tem-legitimidade-para-ajuizar-acao-civil-publica-sobre-repasses-do-Fundef-Fundeb.aspx\">Sindicatos n\u00e3o t\u00eam legitimidade para ajuizar a\u00e7\u00e3o civil p\u00fablica sobre repasses do Fundef\/ Fundeb<\/a><\/p><p>\u200b\u200b\u200b\u200b\u200b\u200b<a href=\"https:\/\/processo.stj.jus.br\/repetitivos\/temas_repetitivos\/pesquisa.jsp?novaConsulta=true&amp;tipo_pesquisa=T&amp;cod_tema_inicial=1410&amp;cod_tema_final=1410\"><strong>Tema 1.410<\/strong><\/a>&nbsp;(REsp 2.228.834; REsp 2.228.837)<\/p><p>1. Nas rela\u00e7\u00f5es jur\u00eddicas de trato sucessivo em que a Fazenda P\u00fablica figure como devedora, a&nbsp;prescri\u00e7\u00e3o&nbsp;do fundo de direito depende da negativa expressa do direito reclamado, em ato normativo de efeito concreto ou ato administrativo formalizado e com ci\u00eancia ao servidor.<\/p><p>2. A in\u00e9rcia do Munic\u00edpio de Estreito em implantar adicional por tempo de servi\u00e7o, na forma do artigo 288 da Lei Municipal 7\/1990, em folha de pagamento, n\u00e3o deu in\u00edcio ao prazo de&nbsp;prescri\u00e7\u00e3o&nbsp;do fundo de direito.<\/p><p><a href=\"https:\/\/processo.stj.jus.br\/repetitivos\/temas_repetitivos\/pesquisa.jsp?novaConsulta=true&amp;tipo_pesquisa=T&amp;cod_tema_inicial=1413&amp;cod_tema_final=1413\"><strong>Tema 1.413<\/strong><\/a><strong>&nbsp;<\/strong>(REsp 2.215.141; REsp 2.239.970; REsp 2.215.553)<\/p><p>Em respeito ao&nbsp;princ\u00edpio da causalidade&nbsp;e da norma extra\u00edda do texto do artigo 85, par\u00e1grafo 10, do CPC\/2015, \u00e9 cab\u00edvel a condena\u00e7\u00e3o do executado ao pagamento de honor\u00e1rios advocat\u00edcios em a\u00e7\u00e3o de execu\u00e7\u00e3o fiscal extinta por perda superveniente do objeto, quando h\u00e1 a quita\u00e7\u00e3o extrajudicial do d\u00e9bito ap\u00f3s o ajuizamento da a\u00e7\u00e3o executiva, ainda que antes da efetiva&nbsp;cita\u00e7\u00e3o.<\/p><p><strong>Leia tamb\u00e9m:&nbsp;<\/strong><a href=\"https:\/\/www.stj.jus.br\/sites\/portalp\/Paginas\/Comunicacao\/Noticias\/2026\/01072026-Sao-devidos-honorarios-mesmo-quando-execucao-fiscal-e-extinta-pelo-pagamento-da-divida-antes-da-citacao.aspx\">S\u00e3o devidos honor\u00e1rios mesmo quando execu\u00e7\u00e3o fiscal \u00e9 extinta pelo pagamento da d\u00edvida antes da cita\u00e7\u00e3o<\/a><\/p><p><a href=\"https:\/\/processo.stj.jus.br\/repetitivos\/temas_repetitivos\/pesquisa.jsp?novaConsulta=true&amp;tipo_pesquisa=T&amp;cod_tema_inicial=1421&amp;cod_tema_final=1421\"><strong>Tema 1.421<\/strong><\/a><strong>&nbsp;<\/strong>(REsp 2.256.869; REsp 2.240.220)<\/p><p>N\u00e3o retroage \u00e0 data do \u00f3bito ou do recolhimento \u00e0 pris\u00e3o o in\u00edcio dos efeitos financeiros da pens\u00e3o por morte ou do aux\u00edlio-reclus\u00e3o&nbsp;requerido por filho menor de 16 anos ap\u00f3s 180 dias do evento ocorrido na vig\u00eancia da modifica\u00e7\u00e3o do artigo 74, inciso I, da Lei 8.213\/1991, pela Medida Provis\u00f3ria 871\/2019, convertida na Lei 13.846\/2019.<\/p><p><strong>Leia tamb\u00e9m:&nbsp;<\/strong><a href=\"https:\/\/www.stj.jus.br\/sites\/portalp\/Paginas\/Comunicacao\/Noticias\/2026\/24062026-Pensao-por-morte-e-auxilio-reclusao-a-menores-de-16-anos-nao-retroagem-se-pedido-e-posterior-ao-prazo-legal.aspx\">Pens\u00e3o por morte e aux\u00edlio-reclus\u00e3o a menores de 16 anos n\u00e3o retroagem se pedido \u00e9 posterior ao prazo legal<\/a><\/p><h2 class=\"wp-block-heading\">Segunda Se\u00e7\u00e3o \u2013 direito privado<\/h2><p><a href=\"https:\/\/processo.stj.jus.br\/repetitivos\/temas_repetitivos\/pesquisa.jsp?novaConsulta=true&amp;tipo_pesquisa=T&amp;cod_tema_inicial=1047&amp;cod_tema_final=1047\"><strong>Tema 1.047<\/strong><\/a><strong>&nbsp;<\/strong>(REsp 1.841.692; REsp 1.856.311)&nbsp;&nbsp;<\/p><p>A resili\u00e7\u00e3o unilateral, pela operadora, do contrato de plano de sa\u00fade coletivo empresarial com menos de 30 benefici\u00e1rios \u00e9 v\u00e1lida, desde que apresentada motiva\u00e7\u00e3o id\u00f4nea.<\/p><p><strong>Leia tamb\u00e9m:&nbsp;<\/strong><a href=\"https:\/\/www.stj.jus.br\/sites\/portalp\/Paginas\/Comunicacao\/Noticias\/2026\/20032026-Rescisao-unilateral-de-plano-de-saude-empresarial-com-menos-de-30-pessoas-exige-motivacao-idonea.aspx\">Rescis\u00e3o unilateral de plano de sa\u00fade empresarial com menos de 30 pessoas exige motiva\u00e7\u00e3o id\u00f4nea<\/a><\/p><p><a href=\"https:\/\/processo.stj.jus.br\/repetitivos\/temas_repetitivos\/pesquisa.jsp?novaConsulta=true&amp;tipo_pesquisa=T&amp;cod_tema_inicial=1210&amp;cod_tema_final=1210\"><strong>Tema 1.210<\/strong><\/a><strong>&nbsp;<\/strong>(REsp 1.873.187; REsp 1.873.811)<\/p><p>Nas rela\u00e7\u00f5es jur\u00eddicas de direito civil e empresarial, a&nbsp;desconsidera\u00e7\u00e3o da personalidade jur\u00eddica&nbsp;requer a efetiva comprova\u00e7\u00e3o de abuso da personalidade jur\u00eddica, caracterizado por desvio de finalidade ou por confus\u00e3o patrimonial, nos termos exigidos pelo artigo 50 do C\u00f3digo Civil (teoria maior), sendo insuficiente a mera inexist\u00eancia de bens penhor\u00e1veis e\/ou o encerramento irregular das atividades da sociedade empres\u00e1ria.<\/p><p><a href=\"https:\/\/processo.stj.jus.br\/repetitivos\/temas_repetitivos\/pesquisa.jsp?novaConsulta=true&amp;tipo_pesquisa=T&amp;cod_tema_inicial=1295&amp;cod_tema_final=1295\"><strong>Tema 1.295<\/strong><\/a>&nbsp;(REsp 2.167.050; REsp 2.153.672)<\/p><p>\u00c9 abusiva a limita\u00e7\u00e3o do n\u00famero de sess\u00f5es de terapia multidisciplinar \u2013 psicologia, fonoaudiologia, fisioterapia e terapia ocupacional \u2013 prescritas ao paciente com TEA.<\/p><p><strong>Leia tamb\u00e9m:&nbsp;<\/strong><a href=\"https:\/\/www.stj.jus.br\/sites\/portalp\/Paginas\/Comunicacao\/Noticias\/2026\/13032026-Limitacao-de-sessoes-de-terapia-multidisciplinar-prescritas-a-paciente-com-TEA-e-abusiva.aspx\">Limita\u00e7\u00e3o de sess\u00f5es de terapia multidisciplinar prescritas a paciente com TEA \u00e9 abusiva<\/a><\/p><p><a href=\"https:\/\/processo.stj.jus.br\/repetitivos\/temas_repetitivos\/pesquisa.jsp?novaConsulta=true&amp;tipo_pesquisa=T&amp;cod_tema_inicial=1315&amp;cod_tema_final=1315\"><strong>Tema 1.315<\/strong><\/a><strong>&nbsp;<\/strong>(REsp 2.171.177; REsp 2.175.268; REsp 2.171.003)<\/p><p>Para os fins do artigo 43, par\u00e1grafo 2\u00ba, do C\u00f3digo de Defesa do Consumidor (CDC), \u00e9 v\u00e1lida a comunica\u00e7\u00e3o ao consumidor realizada por meio eletr\u00f4nico, desde que comprovados o envio da notifica\u00e7\u00e3o e a respectiva entrega ao destinat\u00e1rio.<\/p><p><strong>Leia tamb\u00e9m:&nbsp;<\/strong><a href=\"https:\/\/www.stj.jus.br\/sites\/portalp\/Paginas\/Comunicacao\/Noticias\/2026\/11032026-Repetitivo-STJ-valida-notificacao-eletronica-a-consumidor-sobre-abertura-de-cadastro-nao-solicitado.aspx\">Repetitivo: STJ valida notifica\u00e7\u00e3o eletr\u00f4nica a consumidor sobre abertura de cadastro n\u00e3o solicitado<\/a><\/p><p><a href=\"https:\/\/processo.stj.jus.br\/repetitivos\/temas_repetitivos\/pesquisa.jsp?novaConsulta=true&amp;tipo_pesquisa=T&amp;cod_tema_inicial=1316&amp;cod_tema_final=1316\"><strong>Tema 1.316<\/strong><\/a><strong>&nbsp;<\/strong>(REsp 2.168.627; REsp 2.169.656)<\/p><p>1. As inova\u00e7\u00f5es trazidas pela Lei 14.454\/2022 aplicam-se de imediato, a partir da sua vig\u00eancia, aos contratos de plano de sa\u00fade, mesmo que tenham sido firmados anteriormente.<\/p><p>2. O sistema de infus\u00e3o cont\u00ednua de insulina n\u00e3o se enquadra nas exce\u00e7\u00f5es dos incisos VI e VII do artigo 10 da Lei 9.656\/1998, sendo inv\u00e1lidas as cl\u00e1usulas contratuais que de qualquer forma exclu\u00edrem a cobertura de tal sistema.<\/p><p>3. A an\u00e1lise pelo Poder Judici\u00e1rio quanto \u00e0 obrigatoriedade de custeio, pela operadora do plano de sa\u00fade, do sistema de infus\u00e3o cont\u00ednua de insulina, por ser tratamento n\u00e3o elencado no rol da Ag\u00eancia Nacional de Sa\u00fade Suplementar (ANS), deve observar os par\u00e2metros estabelecidos pelo Supremo Tribunal Federal na A\u00e7\u00e3o Direta de Inconstitucionalidade (ADI) 7.265.<\/p><p>4. Sendo comuns a todos os pedidos de cobertura da bomba de insulina, consideram-se preenchidos os seguintes requisitos constantes da tese fixada na ADI 7.265: item 2. ii. (inexist\u00eancia de negativa expressa da ANS ou de pend\u00eancia de an\u00e1lise em proposta de atualiza\u00e7\u00e3o do rol); item 2. iv. (comprova\u00e7\u00e3o de efic\u00e1cia e seguran\u00e7a do tratamento \u00e0 luz da medicina baseada em evid\u00eancias de alto grau ou Avalia\u00e7\u00e3o de Tecnologia em Sa\u00fade \u2013 ATS, necessariamente respaldadas por evid\u00eancias cient\u00edficas de alto n\u00edvel); e item 3. b. (an\u00e1lise do ato administrativo de n\u00e3o incorpora\u00e7\u00e3o pela ANS \u00e0 luz das circunst\u00e2ncias do caso concreto e da legisla\u00e7\u00e3o de reg\u00eancia, sem incurs\u00e3o no&nbsp;m\u00e9rito&nbsp;t\u00e9cnico-administrativo).<\/p><p>5. Em rela\u00e7\u00e3o aos demais requisitos do item 2 da tese da ADI 7.265, dever\u00e1 o Poder Judici\u00e1rio analisar em rela\u00e7\u00e3o a cada caso concreto a presen\u00e7a de: 2. i. (prescri\u00e7\u00e3o&nbsp;por m\u00e9dico assistente habilitado); 2. iii. (aus\u00eancia de alternativa terap\u00eautica adequada para a condi\u00e7\u00e3o do paciente no rol de procedimentos da ANS); e 2. v. (exist\u00eancia de registro na Anvisa), todos a serem demonstrados na forma do artigo 373 do CPC.\u200b\u200b\u200b\u200b\u200b\u200b\u200b\u200b\u200b<\/p><figure class=\"wp-block-image\"><img decoding=\"async\" src=\"https:\/\/www.stj.jus.br\/sites\/portalp\/SiteAssets\/imagens\/internas_noticias\/colocacao-de-bomba-de-insulina-29072026.jpg\" alt=\"\"\/><figcaption class=\"wp-element-caption\">A Segunda Se\u00e7\u00e3o definiu crit\u00e9rios para o fornecimento da bomba utilizada no controle cont\u00ednuo de glicose pelas pessoas com diabetes.<\/figcaption><\/figure><p>6. Sob pena de nulidade da decis\u00e3o judicial, o Poder Judici\u00e1rio, ao apreciar pedido de cobertura do sistema de infus\u00e3o cont\u00ednuo de insulina, dever\u00e1 obrigatoriamente atender, ainda, aos seguintes itens, tamb\u00e9m constantes da tese fixada na ADI 7.265: 3. a. (verificar se h\u00e1 prova do pr\u00e9vio requerimento \u00e0 operadora de sa\u00fade, com a negativa,&nbsp;mora&nbsp;irrazo\u00e1vel ou omiss\u00e3o da operadora na autoriza\u00e7\u00e3o do tratamento n\u00e3o incorporado ao rol da ANS); 3. c. (aferir a presen\u00e7a dos requisitos previstos no item 2. i., 2. iii. e 2. v., a partir de consulta pr\u00e9via ao N\u00facleo de Apoio T\u00e9cnico do Poder Judici\u00e1rio \u2013 Natjus, sempre que dispon\u00edvel, ou a entes ou pessoas com&nbsp;<em>expertise<\/em>&nbsp;t\u00e9cnica, n\u00e3o podendo fundamentar sua decis\u00e3o apenas em&nbsp;prescri\u00e7\u00e3o, relat\u00f3rio ou laudo m\u00e9dico apresentado pela parte); e 3. d. (em caso de deferimento judicial do pedido, oficiar a ANS para avaliar a possibilidade de inclus\u00e3o do tratamento no rol de cobertura obrigat\u00f3ria) da tese fixada na ADI 7.265.<\/p><p><strong>Leia tamb\u00e9m:&nbsp;<\/strong><a href=\"https:\/\/www.stj.jus.br\/sites\/portalp\/Paginas\/Comunicacao\/Noticias\/2026\/12032026-Repetitivo-define-criterios-para-fornecimento-de-bomba-de-insulina-por-planos-de-saude.aspx\">Repetitivo define crit\u00e9rios para fornecimento de bomba de insulina por planos de sa\u00fade<\/a><\/p><p><a href=\"https:\/\/processo.stj.jus.br\/repetitivos\/temas_repetitivos\/pesquisa.jsp?novaConsulta=true&amp;tipo_pesquisa=T&amp;cod_tema_inicial=1365&amp;cod_tema_final=1365\"><strong>Tema 1.365<\/strong><\/a><strong>&nbsp;<\/strong>(REsp 2.197.574; REsp 2.165.670)<\/p><p>A simples recusa indevida de cobertura m\u00e9dico-assistencial por operadora de plano de sa\u00fade n\u00e3o gera, por si s\u00f3, dano moral presumido (<em>in re ipsa<\/em>), sendo imprescind\u00edvel a presen\u00e7a de outros elementos que permitam constatar a altera\u00e7\u00e3o an\u00edmica da v\u00edtima em grau suficiente para ultrapassar o mero aborrecimento ou dissabor.<\/p><p><strong>Leia tamb\u00e9m:&nbsp;<\/strong><a href=\"https:\/\/www.stj.jus.br\/sites\/portalp\/Paginas\/Comunicacao\/Noticias\/2026\/15042026-Recusa-indevida-de-cobertura-pelo-plano-de-saude-nao-gera-dano-moral-presumido.aspx\">Recusa indevida de cobertura pelo plano de sa\u00fade n\u00e3o gera dano moral presumido<\/a><\/p><p><a href=\"https:\/\/processo.stj.jus.br\/repetitivos\/temas_repetitivos\/pesquisa.jsp?novaConsulta=true&amp;tipo_pesquisa=T&amp;cod_tema_inicial=1391&amp;cod_tema_final=1391\"><strong>Tema 1.391<\/strong><\/a><strong>&nbsp;<\/strong>(REsp 2.206.633; REsp 2.203.524; REsp 2.206.292)<\/p><p>Os d\u00e9bitos condominiais, mesmo anteriores ao pedido de recupera\u00e7\u00e3o judicial, s\u00e3o cr\u00e9ditos extraconcursais, n\u00e3o se submetendo ao ju\u00edzo da recupera\u00e7\u00e3o judicial, podendo ser executados no ju\u00edzo c\u00edvel competente.<\/p><h2 class=\"wp-block-heading\">Terceira Se\u00e7\u00e3o \u2013 direito penal<\/h2><p><a href=\"https:\/\/processo.stj.jus.br\/repetitivos\/temas_repetitivos\/pesquisa.jsp?novaConsulta=true&amp;tipo_pesquisa=T&amp;cod_tema_inicial=1154&amp;cod_tema_final=1154\"><strong>Tema 1.154<\/strong><\/a><strong>&nbsp;<\/strong>e<strong>&nbsp;<\/strong><a href=\"https:\/\/processo.stj.jus.br\/repetitivos\/temas_repetitivos\/pesquisa.jsp?novaConsulta=true&amp;tipo_pesquisa=T&amp;cod_tema_inicial=1241&amp;cod_tema_final=1241\"><strong>Tema 1.241<\/strong><\/a><strong>&nbsp;<\/strong>(REsp 1.963.433; REsp 1.963.489; REsp 1.964.296; REsp 2.059.576; REsp 2.059.577)<\/p><p>A apreens\u00e3o de quantidade de drogas de tal modo expressiva que, por sua pr\u00f3pria dimens\u00e3o, seja incompat\u00edvel com a figura do traficante eventual ou do pequeno traficante, configura fundamento id\u00f4neo para afastar a minorante do artigo 33, par\u00e1grafo 4\u00ba, da Lei 11.343\/2006. Fora dessa hip\u00f3tese, a natureza e a quantidade das drogas podem afastar a minorante quando associadas a outros elementos do caso concreto \u2013 como alto grau de profissionalismo, sofisticada log\u00edstica de transporte ou complexa estrutura de armazenamento \u2013, dos quais se possa inferir, mediante fundamenta\u00e7\u00e3o concreta, a dedica\u00e7\u00e3o do agente a atividades criminosas ou sua integra\u00e7\u00e3o a organiza\u00e7\u00e3o criminosa.<\/p><p><a href=\"https:\/\/processo.stj.jus.br\/repetitivos\/temas_repetitivos\/pesquisa.jsp?novaConsulta=true&amp;tipo_pesquisa=T&amp;cod_tema_inicial=1353&amp;cod_tema_final=1353\"><strong>Tema 1.353<\/strong><\/a><strong>&nbsp;<\/strong>(REsp 2.094.362; REsp 2.078.417)<\/p><p>\u00c9 invi\u00e1vel reconhecer a&nbsp;continuidade delitiva&nbsp;entre os delitos de apropria\u00e7\u00e3o ind\u00e9bita previdenci\u00e1ria (artigo 168-A do C\u00f3digo Penal) e de sonega\u00e7\u00e3o de contribui\u00e7\u00e3o previdenci\u00e1ria (artigo 337-A do C\u00f3digo Penal), por se tratar de esp\u00e9cies diversas que descrevem condutas t\u00edpicas distintas, embora sejam do mesmo g\u00eanero.<\/p><p><strong>Leia tamb\u00e9m:&nbsp;<\/strong><a href=\"https:\/\/www.stj.jus.br\/sites\/portalp\/Paginas\/Comunicacao\/Noticias\/2026\/09072026-Contribuicao-previdenciaria-repetitivo-veda-continuidade-delitiva-entre-apropriacao-indebita-e-sonegacao.aspx\">Contribui\u00e7\u00e3o previdenci\u00e1ria: repetitivo veda continuidade delitiva entre apropria\u00e7\u00e3o ind\u00e9bita e sonega\u00e7\u00e3o<\/a><\/p><p><a href=\"https:\/\/processo.stj.jus.br\/repetitivos\/temas_repetitivos\/pesquisa.jsp?novaConsulta=true&amp;tipo_pesquisa=T&amp;cod_tema_inicial=1354&amp;cod_tema_final=1354\"><strong>Tema 1.354<\/strong><\/a>&nbsp;(REsp 2.037.377; REsp 2.037.447)<\/p><p>\u00c9 poss\u00edvel, para fins de c\u00e1lculo para&nbsp;progress\u00e3o&nbsp;de regime, a aplica\u00e7\u00e3o de percentuais distintos para cada condena\u00e7\u00e3o isoladamente, em uma mesma execu\u00e7\u00e3o, reconhecendo-se a retroatividade da Lei 13.964\/2019 e a ultratividade da reda\u00e7\u00e3o anterior do artigo 112 da Lei de Execu\u00e7\u00e3o Penal, em respeito \u00e0 norma mais favor\u00e1vel ao executado.<\/p><p><strong>Leia tamb\u00e9m:&nbsp;<\/strong><a href=\"https:\/\/www.stj.jus.br\/sites\/portalp\/Paginas\/Comunicacao\/Noticias\/2026\/14072026-Repetitivo-admite-retroatividade-do-Pacote-Anticrime-em-execucao-penal-unificada.aspx\">Repetitivo admite retroatividade do Pacote Anticrime em execu\u00e7\u00e3o penal unificada<\/a><\/p><p><a href=\"https:\/\/processo.stj.jus.br\/repetitivos\/temas_repetitivos\/pesquisa.jsp?novaConsulta=true&amp;tipo_pesquisa=T&amp;cod_tema_inicial=1355&amp;cod_tema_final=1355\"><strong>Tema 1.355<\/strong><\/a><strong>&nbsp;<\/strong>(REsp 2.073.971; REsp 2.089.938)<\/p><p>Por for\u00e7a da incid\u00eancia do&nbsp;princ\u00edpio da especialidade, aplica-se a fra\u00e7\u00e3o de cumprimento de pena prevista no par\u00e1grafo \u00fanico do artigo 44 da Lei 11.343\/2006 ao delito de associa\u00e7\u00e3o para o tr\u00e1fico de drogas, previsto no artigo 35 dessa lei federal, para fins de deferimento do livramento condicional.<\/p><p><a href=\"https:\/\/processo.stj.jus.br\/repetitivos\/temas_repetitivos\/pesquisa.jsp?novaConsulta=true&amp;tipo_pesquisa=T&amp;cod_tema_inicial=1357&amp;cod_tema_final=1357\"><strong>Tema 1.357<\/strong><\/a><strong>&nbsp;<\/strong>(REsp 2.072.985; REsp 2.082.712; REsp 2.117.779; REsp 2.073.005; REsp 2.082.999)<\/p><p>1. \u00c9 cab\u00edvel a&nbsp;remi\u00e7\u00e3o&nbsp;da pena por aprova\u00e7\u00e3o no Exame Nacional do Ensino M\u00e9dio (Enem), ainda que o sentenciado tenha conclu\u00eddo o ensino m\u00e9dio anteriormente ao in\u00edcio do cumprimento da pena, pois a aprova\u00e7\u00e3o no exame demanda estudo por conta pr\u00f3pria e representa fato gerador distinto da mera certifica\u00e7\u00e3o de conclus\u00e3o do ensino m\u00e9dio.<\/p><p>2. \u00c9 cab\u00edvel a&nbsp;remi\u00e7\u00e3o&nbsp;da pena pela aprova\u00e7\u00e3o no Exame Nacional para Certifica\u00e7\u00e3o de Compet\u00eancias de Jovens e Adultos (Encceja), ainda que o sentenciado j\u00e1 possu\u00edsse, ao ingressar no sistema prisional, certifica\u00e7\u00e3o de conclus\u00e3o do mesmo n\u00edvel de ensino avaliado, pois a aprova\u00e7\u00e3o no exame durante o cumprimento da pena configura esfor\u00e7o educacional aut\u00f4nomo apto a justificar a&nbsp;remi\u00e7\u00e3o.<\/p><p>3. N\u00e3o \u00e9 cab\u00edvel nova&nbsp;remi\u00e7\u00e3o&nbsp;de pena quando o fato gerador educacional \u2013 aprova\u00e7\u00e3o em exame ou conclus\u00e3o de n\u00edvel de ensino \u2013 j\u00e1 tiver sido integralmente utilizado para&nbsp;remi\u00e7\u00e3o&nbsp;anteriormente concedida na mesma execu\u00e7\u00e3o penal, configurando-se, na hip\u00f3tese, indevido&nbsp;<em>bis in idem<\/em>.<\/p><p><a href=\"https:\/\/processo.stj.jus.br\/repetitivos\/temas_repetitivos\/pesquisa.jsp?novaConsulta=true&amp;tipo_pesquisa=T&amp;cod_tema_inicial=1367&amp;cod_tema_final=1367\"><strong>Tema 1.367<\/strong><\/a><strong>&nbsp;<\/strong>(REsp 2.205.262; REsp 2.201.422; REsp 2.200.477)<\/p><p>O cumprimento de pena relativa a delito praticado no curso de livramento condicional ter\u00e1 como seu termo inicial o dia subsequente ao fim do per\u00edodo de prova, dada a impossibilidade de cumprimento simult\u00e2neo de duas penas n\u00e3o unificadas.<\/p><p><strong>Leia tamb\u00e9m:&nbsp;<\/strong><a href=\"https:\/\/www.stj.jus.br\/sites\/portalp\/Paginas\/Comunicacao\/Noticias\/2026\/29052026-Repetitivo-define-que-pena-por-crime-cometido-sob-livramento-condicional-comeca-apos-fim-do-beneficio.aspx\">Repetitivo define que pena por crime cometido sob livramento condicional come\u00e7a ap\u00f3s fim do benef\u00edcio<\/a><\/p><p><a href=\"https:\/\/processo.stj.jus.br\/repetitivos\/temas_repetitivos\/pesquisa.jsp?novaConsulta=true&amp;tipo_pesquisa=T&amp;cod_tema_inicial=1394&amp;cod_tema_final=1394\"><strong>Tema 1.394<\/strong><\/a><strong>&nbsp;<\/strong>(REsp 2.195.921)<\/p><p>\u00c9 v\u00e1lida a exaspera\u00e7\u00e3o da pena-base, em raz\u00e3o das consequ\u00eancias do delito, na hip\u00f3tese de a v\u00edtima de homic\u00eddio haver deixado filho(s) menor(es) de idade.<\/p><p><strong>Leia tamb\u00e9m:&nbsp;<\/strong><a href=\"https:\/\/www.stj.jus.br\/sites\/portalp\/Paginas\/Comunicacao\/Noticias\/2026\/21072026-Vitima-com-filho-menor-pode-levar-a-aumento-da-pena-por-homicidio--reafirma-Terceira-Secao-em-repetitivo.aspx\">V\u00edtima com filho menor pode levar a aumento da pena por homic\u00eddio, reafirma Terceira Se\u00e7\u00e3o em repetitivo<\/a><\/p><p><a href=\"https:\/\/processo.stj.jus.br\/repetitivos\/temas_repetitivos\/pesquisa.jsp?novaConsulta=true&amp;tipo_pesquisa=T&amp;cod_tema_inicial=1405&amp;cod_tema_final=1405\"><strong>Tema 1.405<\/strong><\/a>&nbsp;(REsp 2.225.431)<\/p><p>A altera\u00e7\u00e3o promovida no artigo 51 do C\u00f3digo Penal n\u00e3o afastou o car\u00e1ter penal da multa, a qual permanece como san\u00e7\u00e3o criminal. Em raz\u00e3o disso, embora \u00e0 sua execu\u00e7\u00e3o sejam aplic\u00e1veis as causas suspensivas da&nbsp;prescri\u00e7\u00e3o&nbsp;previstas na Lei 6.830\/1980, bem como as causas interruptivas estabelecidas no artigo 174 do C\u00f3digo Tribut\u00e1rio Nacional, o prazo prescricional da multa continua sendo regido pelo artigo 114, incisos I e II, do C\u00f3digo Penal.<\/p><p><strong>Leia tamb\u00e9m:&nbsp;<\/strong>&nbsp;<a href=\"https:\/\/www.stj.jus.br\/sites\/portalp\/Paginas\/Comunicacao\/Noticias\/2026\/27032026-Prazo-prescricional-da-pena-de-multa-continua-regido-pelo-Codigo-Penal-mesmo-apos-transito-em-julgado.aspx\">Prazo prescricional da pena de multa continua regido pelo C\u00f3digo Penal mesmo ap\u00f3s tr\u00e2nsito em julgado<\/a><\/p><p><a href=\"https:\/\/www.stj.jus.br\/sites\/portalp\/Paginas\/Comunicacao\/Noticias\/2026\/29072026-STJ-julgou-39-temas-repetitivos-no-primeiro-semestre-de-2026--confira-todas-as-teses-fixadas.aspx#pstj_elContTitNoticia\">Voltar para o in\u00edcio da not\u00edcia<\/a><\/p><p>Saiba o significado de termos publicados nesta not\u00edcia:<\/p><ul class=\"wp-block-list\"><li>1\u00ba termo &#8211; Repetitivos:\u00a0Recurso repetitivo \u00e9 um recurso escolhido para ser julgado como representativo de uma quest\u00e3o jur\u00eddica presente em muitos outros processos, para que a tese fixada pelo tribunal seja aplicada na solu\u00e7\u00e3o dos casos semelhantes em todo o pa\u00eds.<\/li>\n\n<li>2\u00ba termo &#8211; Astreintes:\u00a0Multa cominat\u00f3ria (ou astreintes, ou ainda multa coercitiva) \u00e9 a multa di\u00e1ria imposta pelo ju\u00edzo para o caso de descumprimento de uma ordem judicial.<\/li>\n\n<li>3\u00ba termo &#8211; Intima\u00e7\u00e3o:\u00a0A comunica\u00e7\u00e3o escrita para dar ci\u00eancia de atos e termos de um processo.<\/li>\n\n<li>4\u00ba termo &#8211; Senten\u00e7a:\u00a0Decis\u00e3o do ju\u00edzo de primeiro grau que encerra o processo nessa inst\u00e2ncia.<\/li>\n\n<li>5\u00ba termo &#8211; Remessa necess\u00e1ria:\u00a0A lei diz que as senten\u00e7as contra os entes p\u00fablicos, suas autarquias ou funda\u00e7\u00f5es de direito p\u00fablico ser\u00e3o obrigatoriamente reexaminadas pelo tribunal de segunda inst\u00e2ncia. Se a parte perdedora n\u00e3o apelar, o juiz dever\u00e1 enviar ele pr\u00f3prio o processo ao tribunal, salvo quando o valor envolvido for pequeno ou a senten\u00e7a estiver baseada em jurisprud\u00eancia consolidada. Esse procedimento \u00e9 chamado de v\u00e1rias formas no meio jur\u00eddico: remessa necess\u00e1ria, reexame de of\u00edcio, duplo grau obrigat\u00f3rio, recurso de of\u00edcio e outras.<\/li>\n\n<li>6\u00ba termo &#8211; S\u00famula 410:\u00a0A pr\u00e9via intima\u00e7\u00e3o pessoal do devedor constitui condi\u00e7\u00e3o necess\u00e1ria para a cobran\u00e7a de multa pelo descumprimento de obriga\u00e7\u00e3o de fazer ou n\u00e3o fazer<\/li>\n\n<li>7\u00ba termo &#8211; Cita\u00e7\u00e3o:\u00a0Ato de convocar o r\u00e9u, interessado ou executado a integrar a rela\u00e7\u00e3o processual.<\/li>\n\n<li>8\u00ba termo &#8211; Cofins:\u00a0Contribui\u00e7\u00e3o para o Financiamento da Seguridade Social<\/li>\n\n<li>9\u00ba termo &#8211; Sisbajud:\u00a0Sisbajud (Sistema de Busca de Ativos do Poder Judici\u00e1rio), criado para substituir o antigo Bacenjud, serve para os magistrados requisitarem informa\u00e7\u00f5es das institui\u00e7\u00f5es financeiras (dados cadastrais de clientes, saldos, extratos, contratos etc.) e emitirem ordens de bloqueio de valores nas contas.<\/li>\n\n<li>10\u00ba termo &#8211; PIS\/Pasep:\u00a0Programa de Integra\u00e7\u00e3o Social e Programa de Forma\u00e7\u00e3o do Patrim\u00f4nio do Servidor P\u00fablico<\/li>\n\n<li>11\u00ba termo &#8211; ICMS:\u00a0Imposto sobre Opera\u00e7\u00f5es Relativas \u00e0 Circula\u00e7\u00e3o de Mercadorias e sobre Presta\u00e7\u00f5es de Servi\u00e7os de Transporte Interestadual e Intermunicipal e de Comunica\u00e7\u00e3o<\/li>\n\n<li>12\u00ba termo &#8211; IPI:\u00a0Imposto sobre Produtos Industrializados<\/li>\n\n<li>13\u00ba termo &#8211; Caput:\u00a0Cabe\u00e7a. Em textos legislativos, remete \u00e0 parte principal de um artigo.<\/li>\n\n<li>14\u00ba termo &#8211; Coisa julgada:\u00a0Tamb\u00e9m chamada de res judicata, em latim, a coisa julgada \u00e9 aquilo que foi decidido de forma definitiva pela Justi\u00e7a e n\u00e3o pode mais ser mudado. Segundo o C\u00f3digo de Processo Civil, coisa julgada \u00e9 \u201ca autoridade que torna imut\u00e1vel e indiscut\u00edvel a decis\u00e3o de m\u00e9rito n\u00e3o mais sujeita a recurso\u201d.<\/li>\n\n<li>15\u00ba termo &#8211; Prescri\u00e7\u00e3o:\u00a0Perda da possibilidade de entrar na Justi\u00e7a para pleitear um direito, em raz\u00e3o do transcurso de determinado prazo previsto em lei. No caso de crimes, a prescri\u00e7\u00e3o extingue a punibilidade, ou seja, o Estado perde o direito de punir o r\u00e9u por decurso do prazo para conden\u00e1-lo ou para lhe impor o cumprimento da pena.<\/li>\n\n<li>16\u00ba termo &#8211; Princ\u00edpio da causalidade:\u00a0Segundo o princ\u00edpio da causalidade, as despesas processuais (como custas e honor\u00e1rios do advogado da parte contr\u00e1ria) devem ser pagas por quem deu motivos para a instaura\u00e7\u00e3o do processo.<\/li>\n\n<li>17\u00ba termo &#8211; Desconsidera\u00e7\u00e3o da personalidade jur\u00eddica:\u00a0Desconsidera\u00e7\u00e3o da personalidade jur\u00eddica \u00e9 o ato judicial que permite que o s\u00f3cio seja cobrado pela d\u00edvida da empresa, arcando com seu patrim\u00f4nio pessoal.<\/li>\n\n<li>18\u00ba termo &#8211; Teoria maior:\u00a0Segundo a chamada teoria maior da desconsidera\u00e7\u00e3o da personalidade jur\u00eddica \u2013 que \u00e9 a regra geral no Brasil \u2013, o redirecionamento da execu\u00e7\u00e3o contra o patrim\u00f4nio pessoal dos s\u00f3cios s\u00f3 pode ser decretada se ficar provado que houve desvio de finalidade da pessoa jur\u00eddica ou confus\u00e3o patrimonial entre os bens da empresa e dos s\u00f3cios.<\/li>\n\n<li>19\u00ba termo &#8211; Mora:\u00a0Mora \u00e9 o retardamento ou imperfeito cumprimento de uma obriga\u00e7\u00e3o. Juros de mora, ou morat\u00f3rios, s\u00e3o aqueles cobrados como compensa\u00e7\u00e3o pelo atraso no pagamento.<\/li>\n\n<li>20\u00ba termo &#8211; In re ipsa:\u00a0Dano in re ipsa \u00e9 o dano presumido, que se reconhece a partir da ocorr\u00eancia de determinado fato, n\u00e3o se exigindo prova do preju\u00edzo material ou do abalo ps\u00edquico (no caso de dano moral).<\/li>\n\n<li>21\u00ba termo &#8211; Crime continuado:\u00a0Artigo 71 do C\u00f3digo Penal: Quando o agente, mediante mais de uma a\u00e7\u00e3o ou omiss\u00e3o, pratica dois ou mais crimes da mesma esp\u00e9cie e, pelas condi\u00e7\u00f5es de tempo, lugar, maneira de execu\u00e7\u00e3o e outras semelhantes, devem os subsequentes ser havidos como continua\u00e7\u00e3o do primeiro, aplica-se-lhe a pena de um s\u00f3 dos crimes, se id\u00eanticas, ou a mais grave, se diversas, aumentada, em qualquer caso, de um sexto a dois ter\u00e7os.<\/li>\n\n<li>22\u00ba termo &#8211; Progress\u00e3o:\u00a0A progress\u00e3o de regime penal \u00e9 o sistema que permite ao preso mudar (progredir) de um regime de cumprimento de pena mais rigoroso para outro mais brando (do fechado ao aberto, passando pelo semiaberto). Para ter direito \u00e0 progress\u00e3o, o preso precisa cumprir um certo percentual da pena (requisito objetivo) e ter bom comportamento (requisito subjetivo). Os percentuais est\u00e3o definidos no artigo 112 da Lei de Execu\u00e7\u00e3o Penal. J\u00e1 a regress\u00e3o de regime pode ocorrer quando o preso comete alguma falta disciplinar.<\/li>\n\n<li>23\u00ba termo &#8211; Princ\u00edpio da especialidade:\u00a0O princ\u00edpio da especialidade determina que, havendo conflito entre uma norma especial (que trata do assunto de forma mais espec\u00edfica) e outra de car\u00e1ter geral, a primeira deve prevalecer. A ideia \u00e9 que a norma especial derroga a norma geral (em latim, lex specialis derogat legi generali).<\/li>\n\n<li>24\u00ba termo &#8211; Remi\u00e7\u00e3o:\u00a0Sin\u00f4nimo de resgate. Na execu\u00e7\u00e3o penal, remi\u00e7\u00e3o \u00e9 a diminui\u00e7\u00e3o da pena a ser cumprida em virtude de trabalho ou estudo feito pelo preso. Na execu\u00e7\u00e3o de d\u00edvidas, remi\u00e7\u00e3o \u00e9 o pagamento do d\u00e9bito para evitar que os bens penhorados sejam vendidos.<\/li>\n\n<li>25\u00ba termo &#8211; Bis in idem:\u00a0Express\u00e3o latina que significa \u201cduas vezes o mesmo\u201d. No direito penal, por exemplo, o princ\u00edpio non bis in idem impede que o r\u00e9u seja punido duas vezes pelo mesmo fato.<\/li><\/ul><p>Fim do significado dos termos apresentados.<\/p><p>Destaques de hoje<\/p><ul class=\"wp-block-list\"><li><a href=\"https:\/\/www.stj.jus.br\/sites\/portalp\/Paginas\/Comunicacao\/Noticias\/2026\/29072026-STJ-julgou-39-temas-repetitivos-no-primeiro-semestre-de-2026--confira-todas-as-teses-fixadas.aspx\">STJ julgou 39 temas repetitivos no primeiro semestre de 2026; confira todas as teses fixadas<\/a><\/li>\n\n<li><a href=\"https:\/\/www.stj.jus.br\/sites\/portalp\/Paginas\/Comunicacao\/Noticias\/2026\/29072026-Segurado-com-HIV--mesmo-assintomatico--tem-direito-a-indenizacao-por-invalidez-funcional-permanente.aspx\">Segurado com HIV, mesmo assintom\u00e1tico, tem direito \u00e0 indeniza\u00e7\u00e3o por invalidez funcional permanente<\/a><\/li>\n\n<li><a href=\"https:\/\/www.stj.jus.br\/sites\/portalp\/Paginas\/Comunicacao\/Noticias\/2026\/29072026-Boletim-STJ-Noticias-chega-a-20-mil-assinantes--saiba-como-se-cadastrar.aspx\">Boletim STJ Not\u00edcias chega a 20 mil assinantes; saiba como se cadastrar<\/a><\/li>\n\n<li><a href=\"https:\/\/www.stj.jus.br\/sites\/portalp\/Paginas\/Comunicacao\/Noticias\/2026\/29072026-Reportagem-especial-aborda-os-desafios-da-protecao-de-criancas-e-adolescentes-no-ambiente-digital.aspx\">Reportagem especial aborda os desafios da prote\u00e7\u00e3o de crian\u00e7as e adolescentes no ambiente digital<\/a><\/li><\/ul><p><strong>Fonte: STJ<\/strong><\/p>\n    <div class=\"xs_social_share_widget xs_share_url after_content \t\tmain_content  wslu-style-1 wslu-share-box-shaped wslu-fill-colored wslu-none wslu-share-horizontal wslu-theme-font-no wslu-main_content\">\n\n\t\t\n        <ul>\n\t\t\t        <\/ul>\n    <\/div> \n","protected":false},"excerpt":{"rendered":"<p>No primeiro semestre de 2026, o Superior Tribunal de Justi\u00e7a (STJ) julgou 39 temas sob o rito dos recursos repetitivos. As teses fixadas nesses precedentes t\u00eam como finalidade consolidar a interpreta\u00e7\u00e3o da legisla\u00e7\u00e3o federal e orientar, de forma vinculante, magistrados e tribunais na an\u00e1lise de processos com quest\u00f5es jur\u00eddicas semelhantes, promovendo maior uniformidade nas decis\u00f5es, al\u00e9m de reduzir a quantidade de recursos e tornar a presta\u00e7\u00e3o jurisdicional mais r\u00e1pida em todo o pa\u00eds.<\/p>\n","protected":false},"author":5,"featured_media":19183,"comment_status":"open","ping_status":"open","sticky":false,"template":"","format":"standard","meta":{"postBodyCss":"","postBodyMargin":[],"postBodyPadding":[],"postBodyBackground":{"backgroundType":"classic","gradient":""},"_price":"","_stock":"","_tribe_ticket_header":"","_tribe_default_ticket_provider":"","_tribe_ticket_capacity":"0","_ticket_start_date":"","_ticket_end_date":"","_tribe_ticket_show_description":"","_tribe_ticket_show_not_going":false,"_tribe_ticket_use_global_stock":"","_tribe_ticket_global_stock_level":"","_global_stock_mode":"","_global_stock_cap":"","_tribe_rsvp_for_event":"","_tribe_ticket_going_count":"","_tribe_ticket_not_going_count":"","_tribe_tickets_list":"[]","_tribe_ticket_has_attendee_info_fields":false,"footnotes":""},"categories":[46],"tags":[],"class_list":["post-19182","post","type-post","status-publish","format-standard","has-post-thumbnail","hentry","category-noticias"],"acf":[],"_links":{"self":[{"href":"https:\/\/sgpsolucoes.com.br\/site\/wp-json\/wp\/v2\/posts\/19182"}],"collection":[{"href":"https:\/\/sgpsolucoes.com.br\/site\/wp-json\/wp\/v2\/posts"}],"about":[{"href":"https:\/\/sgpsolucoes.com.br\/site\/wp-json\/wp\/v2\/types\/post"}],"author":[{"embeddable":true,"href":"https:\/\/sgpsolucoes.com.br\/site\/wp-json\/wp\/v2\/users\/5"}],"replies":[{"embeddable":true,"href":"https:\/\/sgpsolucoes.com.br\/site\/wp-json\/wp\/v2\/comments?post=19182"}],"version-history":[{"count":1,"href":"https:\/\/sgpsolucoes.com.br\/site\/wp-json\/wp\/v2\/posts\/19182\/revisions"}],"predecessor-version":[{"id":19184,"href":"https:\/\/sgpsolucoes.com.br\/site\/wp-json\/wp\/v2\/posts\/19182\/revisions\/19184"}],"wp:featuredmedia":[{"embeddable":true,"href":"https:\/\/sgpsolucoes.com.br\/site\/wp-json\/wp\/v2\/media\/19183"}],"wp:attachment":[{"href":"https:\/\/sgpsolucoes.com.br\/site\/wp-json\/wp\/v2\/media?parent=19182"}],"wp:term":[{"taxonomy":"category","embeddable":true,"href":"https:\/\/sgpsolucoes.com.br\/site\/wp-json\/wp\/v2\/categories?post=19182"},{"taxonomy":"post_tag","embeddable":true,"href":"https:\/\/sgpsolucoes.com.br\/site\/wp-json\/wp\/v2\/tags?post=19182"}],"curies":[{"name":"wp","href":"https:\/\/api.w.org\/{rel}","templated":true}]}}