{"id":19188,"date":"2026-07-29T16:15:18","date_gmt":"2026-07-29T19:15:18","guid":{"rendered":"https:\/\/sgpsolucoes.com.br\/site\/?p=19188"},"modified":"2026-07-29T16:15:19","modified_gmt":"2026-07-29T19:15:19","slug":"boletim-de-jurisprudencia-do-tcu-13","status":"publish","type":"post","link":"https:\/\/sgpsolucoes.com.br\/site\/boletim-de-jurisprudencia-do-tcu-13\/","title":{"rendered":"BOLETIM DE JURISPRUD\u00caNCIA DO TCU"},"content":{"rendered":"<h4 class=\"wp-block-heading\">J\u00e1 est\u00e1 dispon\u00edvel o Boletim de Jurisprud\u00eancia n\u00b0 593&nbsp;do Tribunal de Contas da Uni\u00e3o, referente \u00e0s sess\u00f5es de 7 e 8 de julho de 2026:<\/h4><ul class=\"wp-block-list\"><li><strong>Ac\u00f3rd\u00e3o 1774\/2026 Plen\u00e1rio <\/strong>(Representa\u00e7\u00e3o, Relator Ministro Walton Alencar Rodrigues) Direito Processual. Representa\u00e7\u00e3o. Admissibilidade. Interesse p\u00fablico. Interesse privado. Den\u00fancia. N\u00e3o se conhece de den\u00fancia ou representa\u00e7\u00e3o em que haja evid\u00eancia da presen\u00e7a de interesses predominantemente privados perante a Administra\u00e7\u00e3o P\u00fablica. Embora sempre exista interesse p\u00fablico na corre\u00e7\u00e3o de atos administrativos praticados pelos jurisdicionados, cabe ao TCU limitar sua atua\u00e7\u00e3o aos casos em que o interesse p\u00fablico seja preponderante em rela\u00e7\u00e3o aos interesses privados que possa vir a tutelar.<\/li><\/ul><ul class=\"wp-block-list\"><li><strong>Ac\u00f3rd\u00e3o 1777\/2026 Plen\u00e1rio <\/strong>(Consulta, Relator Ministro Benjamin Zymler) Pessoal. Tempo de servi\u00e7o. Estagi\u00e1rio. Solicitador acad\u00eamico. Magistrado. Aposentadoria. Contribui\u00e7\u00e3o previdenci\u00e1ria. Contagem de tempo de servi\u00e7o. Consulta. O tempo de est\u00e1gio ou de solicitador acad\u00eamico anterior \u00e0 promulga\u00e7\u00e3o da EC 20\/1998, sem a comprova\u00e7\u00e3o dos recolhimentos previdenci\u00e1rios correspondentes, n\u00e3o \u00e9 comput\u00e1vel para fins de aposentadoria dos magistrados, por aus\u00eancia de previs\u00e3o legal.<\/li><\/ul><ul class=\"wp-block-list\"><li><strong>Ac\u00f3rd\u00e3o 1788\/2026 Plen\u00e1rio <\/strong>(Representa\u00e7\u00e3o, Relator Ministro Bruno Dantas) Licita\u00e7\u00e3o. Habilita\u00e7\u00e3o de licitante. Documenta\u00e7\u00e3o. Dilig\u00eancia. Documento novo. Veda\u00e7\u00e3o. Exce\u00e7\u00e3o. Balan\u00e7o patrimonial. A veda\u00e7\u00e3o \u00e0 inclus\u00e3o de novo documento (art. 64 da Lei 14.133\/2021) n\u00e3o alcan\u00e7a aquele, apresentado em resposta a dilig\u00eancia, destinado a atestar condi\u00e7\u00e3o de habilita\u00e7\u00e3o preexistente \u00e0 abertura da sess\u00e3o p\u00fablica (art. 64, inciso I), a exemplo de balan\u00e7o patrimonial \u2013 ainda que seu registro na junta comercial pertinente tenha ocorrido ap\u00f3s a abertura do certame \u2013, tendo em vista sua natureza declarat\u00f3ria da situa\u00e7\u00e3o econ\u00f4mico-financeira da empresa em momento pret\u00e9rito.<\/li><\/ul><ul class=\"wp-block-list\"><li><strong>Ac\u00f3rd\u00e3o 1792\/2026 Plen\u00e1rio <\/strong>(Tomada de Contas Especial, Relator Ministro Jorge Oliveira) Responsabilidade. Prescri\u00e7\u00e3o. Termo inicial. Benef\u00edcio previdenci\u00e1rio. Fraude. Pagamento indevido. Irregularidade continuada. Em caso de concess\u00e3o fraudulenta de benef\u00edcio previdenci\u00e1rio de natureza continuada, o termo inicial para a contagem do prazo prescricional \u00e9 a data da ci\u00eancia dos fatos (art. 4\u00ba, inciso IV, da Resolu\u00e7\u00e3o TCU 344\/2022), e n\u00e3o a data do \u00faltimo pagamento realizado (inciso V do mesmo dispositivo).<\/li><\/ul><ul class=\"wp-block-list\"><li><strong>Ac\u00f3rd\u00e3o 1802\/2026 Plen\u00e1rio <\/strong>(Den\u00fancia, Relator Ministro Odair Cunha) Licita\u00e7\u00e3o. Habilita\u00e7\u00e3o de licitante. Exig\u00eancia. Reserva legal. Aprendizagem. Empregado-aprendiz. Pessoa com defici\u00eancia. Previd\u00eancia social. Reabilitado. Contrato administrativo. Cl\u00e1usula obrigat\u00f3ria. A exig\u00eancia de comprova\u00e7\u00e3o de cotas de aprendizes como requisito de habilita\u00e7\u00e3o carece de respaldo legal, uma vez que o art. 63, inciso IV, da Lei 14.133\/2021 restringe a exig\u00eancia formal de reserva de vagas a pessoas com defici\u00eancia e a reabilitados da Previd\u00eancia Social (art. 93 da Lei 8.213\/1991). O cumprimento da legisla\u00e7\u00e3o que disp\u00f5e sobre reserva de cotas para aprendizes deve figurar como cl\u00e1usula necess\u00e1ria do contrato, a ser fiscalizada rotineiramente ao longo da presta\u00e7\u00e3o dos servi\u00e7os, sob pena de extin\u00e7\u00e3o do ajuste (arts. 92, inciso XVII, 116 e 137, inciso IX, da Lei 14.133\/2021).<\/li><\/ul><ul class=\"wp-block-list\"><li><strong>Ac\u00f3rd\u00e3o 3503\/2026 Primeira C\u00e2mara <\/strong>(Tomada de Contas Especial, Relator Ministro Odair Cunha) Responsabilidade. D\u00e9bito. Princ\u00edpio da insignific\u00e2ncia. Requisito. Princ\u00edpio da racionalidade administrativa. Princ\u00edpio da economia processual. \u00c9 poss\u00edvel aplicar o princ\u00edpio da insignific\u00e2ncia para afastar d\u00e9bito de baixa materialidade, diante da m\u00ednima ofensividade da conduta do respons\u00e1vel e da inexpressividade da les\u00e3o jur\u00eddica provocada, levando-se em considera\u00e7\u00e3o o custo do controle e o atendimento aos princ\u00edpios da racionalidade administrativa e da economia processual.<\/li><\/ul><ul class=\"wp-block-list\"><li><strong>Ac\u00f3rd\u00e3o 3516\/2026 Primeira C\u00e2mara <\/strong>(Tomada de Contas Especial, Relator Ministro Walton Alencar Rodrigues) Responsabilidade. Prescri\u00e7\u00e3o. Interrup\u00e7\u00e3o. Irregularidade. Identidade. Diversidade. Apura\u00e7\u00e3o. Abrang\u00eancia. Em processos que envolvam a an\u00e1lise de diversas irregularidades, o ato de apura\u00e7\u00e3o relativo a uma irregularidade espec\u00edfica n\u00e3o interrompe a contagem da prescri\u00e7\u00e3o para as demais. A interrup\u00e7\u00e3o da prescri\u00e7\u00e3o por ato inequ\u00edvoco que importe apura\u00e7\u00e3o do fato (art. 5\u00ba, inciso II, da Resolu\u00e7\u00e3o TCU 344\/2022) exige identidade entre as irregularidades investigadas e aquelas que futuramente venham a justificar o exerc\u00edcio da pretens\u00e3o punitiva ou ressarcit\u00f3ria.<\/li><\/ul><ul class=\"wp-block-list\"><li><strong>Ac\u00f3rd\u00e3o 3435\/2026 Segunda C\u00e2mara <\/strong>(Recurso de Reconsidera\u00e7\u00e3o, Relator Ministro Antonio Anastasia) Responsabilidade. D\u00e9bito. Falecimento de respons\u00e1vel. Julgamento de contas. Certid\u00e3o. Bens. Inexist\u00eancia. Invent\u00e1rio. Patrim\u00f4nio. A informa\u00e7\u00e3o de inexist\u00eancia de bens a inventariar, constante em certid\u00e3o de \u00f3bito, n\u00e3o impede o julgamento das contas de respons\u00e1vel falecido e a condena\u00e7\u00e3o em d\u00e9bito do seu esp\u00f3lio, pois n\u00e3o representa prova inequ\u00edvoca da situa\u00e7\u00e3o patrimonial do <em>de cujus<\/em>. Eventual inexist\u00eancia de bens a inventariar ou insufici\u00eancia de patrim\u00f4nio transferido \u00e9 quest\u00e3o a ser dirimida no \u00e2mbito da execu\u00e7\u00e3o do ac\u00f3rd\u00e3o condenat\u00f3rio.<\/li><\/ul><h4 class=\"wp-block-heading\">&nbsp;<\/h4><h4 class=\"wp-block-heading\">Acesse a \u00edntegra: <a href=\"https:\/\/contas.tcu.gov.br\/egestao\/ObterDocumentoSisdoc?codArqCatalogado=33472606\" target=\"_blank\" rel=\"noreferrer noopener\">vers\u00e3o PDF |&nbsp;<\/a><a href=\"https:\/\/contas.tcu.gov.br\/egestao\/ObterDocumentoSisdoc?codArqCatalogado=33472606&amp;codVersao=1\" target=\"_blank\" rel=\"noreferrer noopener\">vers\u00e3o DOCX<\/a><br><br><\/h4><p><strong>Fonte: TCU<\/strong><\/p>\n    <div class=\"xs_social_share_widget xs_share_url after_content \t\tmain_content  wslu-style-1 wslu-share-box-shaped wslu-fill-colored wslu-none wslu-share-horizontal wslu-theme-font-no wslu-main_content\">\n\n\t\t\n        <ul>\n\t\t\t        <\/ul>\n    <\/div> \n","protected":false},"excerpt":{"rendered":"<p>J\u00e1 est\u00e1 dispon\u00edvel o Boletim de Jurisprud\u00eancia n\u00b0 593\u00a0do Tribunal de Contas da Uni\u00e3o, referente \u00e0s sess\u00f5es de 7 e 8 de julho de 2026<\/p>\n","protected":false},"author":5,"featured_media":19189,"comment_status":"open","ping_status":"open","sticky":false,"template":"","format":"standard","meta":{"postBodyCss":"","postBodyMargin":[],"postBodyPadding":[],"postBodyBackground":{"backgroundType":"classic","gradient":""},"_price":"","_stock":"","_tribe_ticket_header":"","_tribe_default_ticket_provider":"","_tribe_ticket_capacity":"0","_ticket_start_date":"","_ticket_end_date":"","_tribe_ticket_show_description":"","_tribe_ticket_show_not_going":false,"_tribe_ticket_use_global_stock":"","_tribe_ticket_global_stock_level":"","_global_stock_mode":"","_global_stock_cap":"","_tribe_rsvp_for_event":"","_tribe_ticket_going_count":"","_tribe_ticket_not_going_count":"","_tribe_tickets_list":"[]","_tribe_ticket_has_attendee_info_fields":false,"footnotes":""},"categories":[46],"tags":[],"class_list":["post-19188","post","type-post","status-publish","format-standard","has-post-thumbnail","hentry","category-noticias"],"acf":[],"_links":{"self":[{"href":"https:\/\/sgpsolucoes.com.br\/site\/wp-json\/wp\/v2\/posts\/19188"}],"collection":[{"href":"https:\/\/sgpsolucoes.com.br\/site\/wp-json\/wp\/v2\/posts"}],"about":[{"href":"https:\/\/sgpsolucoes.com.br\/site\/wp-json\/wp\/v2\/types\/post"}],"author":[{"embeddable":true,"href":"https:\/\/sgpsolucoes.com.br\/site\/wp-json\/wp\/v2\/users\/5"}],"replies":[{"embeddable":true,"href":"https:\/\/sgpsolucoes.com.br\/site\/wp-json\/wp\/v2\/comments?post=19188"}],"version-history":[{"count":1,"href":"https:\/\/sgpsolucoes.com.br\/site\/wp-json\/wp\/v2\/posts\/19188\/revisions"}],"predecessor-version":[{"id":19190,"href":"https:\/\/sgpsolucoes.com.br\/site\/wp-json\/wp\/v2\/posts\/19188\/revisions\/19190"}],"wp:featuredmedia":[{"embeddable":true,"href":"https:\/\/sgpsolucoes.com.br\/site\/wp-json\/wp\/v2\/media\/19189"}],"wp:attachment":[{"href":"https:\/\/sgpsolucoes.com.br\/site\/wp-json\/wp\/v2\/media?parent=19188"}],"wp:term":[{"taxonomy":"category","embeddable":true,"href":"https:\/\/sgpsolucoes.com.br\/site\/wp-json\/wp\/v2\/categories?post=19188"},{"taxonomy":"post_tag","embeddable":true,"href":"https:\/\/sgpsolucoes.com.br\/site\/wp-json\/wp\/v2\/tags?post=19188"}],"curies":[{"name":"wp","href":"https:\/\/api.w.org\/{rel}","templated":true}]}}