{"id":21699,"date":"2026-07-30T16:14:44","date_gmt":"2026-07-30T19:14:44","guid":{"rendered":"https:\/\/sgpsolucoes.com.br\/site\/?p=21699"},"modified":"2026-07-30T16:14:45","modified_gmt":"2026-07-30T19:14:45","slug":"stf-rejeita-pedido-de-prefeito-afastado-de-ourinhos-sp-para-retornar-ao-cargo","status":"publish","type":"post","link":"https:\/\/sgpsolucoes.com.br\/site\/stf-rejeita-pedido-de-prefeito-afastado-de-ourinhos-sp-para-retornar-ao-cargo\/","title":{"rendered":"STF rejeita pedido de prefeito afastado de Ourinhos (SP) para retornar ao cargo"},"content":{"rendered":"<p><em>Foto: Prefeitura de Ourinhos\/Divulga\u00e7\u00e3o<\/em><\/p><p><em>Ministro Alexandre de Moraes destacou que a jurisprud\u00eancia da Corte n\u00e3o admite esse tipo de pedido quando a an\u00e1lise exige o reexame de fatos e provas da a\u00e7\u00e3o de origem<\/em><\/p><p>O vice-presidente do Supremo Tribunal Federal (STF), ministro Alexandre de Moraes, negou seguimento ao pedido de Suspens\u00e3o de Tutela Provis\u00f3ria<strong>&nbsp;<\/strong><a href=\"https:\/\/portal.stf.jus.br\/processos\/detalhe.asp?incidente=7654019\" target=\"_blank\" rel=\"noreferrer noopener\"><strong>(STP) 1147<\/strong><\/a>&nbsp;apresentado pelo prefeito afastado de Ourinhos (SP), Guilherme Andrew Gon\u00e7alves da Silva, para retornar imediatamente ao cargo. O prefeito contestava decis\u00e3o da Presid\u00eancia do Tribunal de Justi\u00e7a de S\u00e3o Paulo (TJ-SP) que determinou o afastamento da chefia do Executivo municipal por 90 dias.&nbsp;<\/p><p>Guilherme Gon\u00e7alves responde a a\u00e7\u00e3o de improbidade administrativa que apura supostas irregularidades em contratos de terceiriza\u00e7\u00e3o de atividade-fim com uma entidade do terceiro setor. No STF, alegou que o&nbsp;afastamento&nbsp;provoca grave les\u00e3o \u00e0 ordem p\u00fablica e compromete a administra\u00e7\u00e3o municipal, sustentando que o vice-prefeito, no exerc\u00edcio interino do cargo, promove exonera\u00e7\u00f5es em massa e estaria \u201cdesmantelando a m\u00e1quina administrativa\u201d.&nbsp;<\/p><h5 class=\"wp-block-heading\"><strong>Via processual inadequada&nbsp;<\/strong><\/h5><p>No exerc\u00edcio interino da Presid\u00eancia do STF, Alexandre de Moraes ressaltou que a jurisprud\u00eancia da Corte n\u00e3o admite pedido de suspens\u00e3o apresentado por ocupante de cargo eletivo para reverter afastamento quando a controv\u00e9rsia depende de exame aprofundado de fatos e provas da a\u00e7\u00e3o de origem.&nbsp;<\/p><p>Segundo o ministro, o pedido busca, essencialmente, \u201cdemonstrar a lisura do requerente e o desacerto da decis\u00e3o impugnada\u201d, objetivo incompat\u00edvel com a via processual escolhida (STP).&nbsp;<\/p><p>O ministro observou ainda que o prefeito n\u00e3o apresentou elementos concretos que demonstrassem rela\u00e7\u00e3o entre seu afastamento e a alegada les\u00e3o \u00e0 ordem p\u00fablica. Ao contr\u00e1rio, destacou que a a\u00e7\u00e3o de origem registra que o quadro de desorganiza\u00e7\u00e3o administrativa ocorreu durante sua gest\u00e3o, marcada por grave crise financeira decorrente de d\u00edvida de R$ 28,8 milh\u00f5es com o Instituto de Previd\u00eancia dos Servidores P\u00fablicos do Munic\u00edpio de Ourinhos.&nbsp;<\/p><p>Por fim, Alexandre de Moraes assinalou que n\u00e3o ficou comprovado que as exonera\u00e7\u00f5es promovidas pelo prefeito interino tenham prejudicado a presta\u00e7\u00e3o dos servi\u00e7os p\u00fablicos. Tamb\u00e9m frisou que o pedido ao STF foi apresentado cerca de um m\u00eas ap\u00f3s o afastamento, circunst\u00e2ncia que enfraquece a alega\u00e7\u00e3o de urg\u00eancia, j\u00e1 que havia transcorrido um ter\u00e7o do prazo de 90 dias&nbsp;estabelecido pela&nbsp;medida cautelar&nbsp;questionada.&nbsp;<\/p><p>Leia a&nbsp;<a href=\"https:\/\/portal.stf.jus.br\/processos\/downloadPeca.asp?id=15388931889&amp;ext=.pdf\" target=\"_blank\" rel=\"noreferrer noopener\">\u00edntegra da decis\u00e3o<\/a>.&nbsp;<\/p><p><em>(Adriana Romeo\/AS\/\/JP)&nbsp;<\/em><\/p><p><strong>Fonte: STF<\/strong><\/p>\n    <div class=\"xs_social_share_widget xs_share_url after_content \t\tmain_content  wslu-style-1 wslu-share-box-shaped wslu-fill-colored wslu-none wslu-share-horizontal wslu-theme-font-no wslu-main_content\">\n\n\t\t\n        <ul>\n\t\t\t        <\/ul>\n    <\/div> \n","protected":false},"excerpt":{"rendered":"<p>STF rejeita pedido de prefeito afastado de Ourinhos (SP) para retornar ao cargo<br \/>\nMinistro Alexandre de Moraes destacou que a jurisprud\u00eancia da Corte n\u00e3o admite esse tipo de pedido quando a an\u00e1lise exige o reexame de fatos e provas da a\u00e7\u00e3o de origem<\/p>\n","protected":false},"author":5,"featured_media":21700,"comment_status":"open","ping_status":"open","sticky":false,"template":"","format":"standard","meta":{"postBodyCss":"","postBodyMargin":[],"postBodyPadding":[],"postBodyBackground":{"backgroundType":"classic","gradient":""},"_price":"","_stock":"","_tribe_ticket_header":"","_tribe_default_ticket_provider":"","_tribe_ticket_capacity":"0","_ticket_start_date":"","_ticket_end_date":"","_tribe_ticket_show_description":"","_tribe_ticket_show_not_going":false,"_tribe_ticket_use_global_stock":"","_tribe_ticket_global_stock_level":"","_global_stock_mode":"","_global_stock_cap":"","_tribe_rsvp_for_event":"","_tribe_ticket_going_count":"","_tribe_ticket_not_going_count":"","_tribe_tickets_list":"[]","_tribe_ticket_has_attendee_info_fields":false,"footnotes":""},"categories":[46],"tags":[],"class_list":["post-21699","post","type-post","status-publish","format-standard","has-post-thumbnail","hentry","category-noticias"],"acf":[],"_links":{"self":[{"href":"https:\/\/sgpsolucoes.com.br\/site\/wp-json\/wp\/v2\/posts\/21699"}],"collection":[{"href":"https:\/\/sgpsolucoes.com.br\/site\/wp-json\/wp\/v2\/posts"}],"about":[{"href":"https:\/\/sgpsolucoes.com.br\/site\/wp-json\/wp\/v2\/types\/post"}],"author":[{"embeddable":true,"href":"https:\/\/sgpsolucoes.com.br\/site\/wp-json\/wp\/v2\/users\/5"}],"replies":[{"embeddable":true,"href":"https:\/\/sgpsolucoes.com.br\/site\/wp-json\/wp\/v2\/comments?post=21699"}],"version-history":[{"count":1,"href":"https:\/\/sgpsolucoes.com.br\/site\/wp-json\/wp\/v2\/posts\/21699\/revisions"}],"predecessor-version":[{"id":21701,"href":"https:\/\/sgpsolucoes.com.br\/site\/wp-json\/wp\/v2\/posts\/21699\/revisions\/21701"}],"wp:featuredmedia":[{"embeddable":true,"href":"https:\/\/sgpsolucoes.com.br\/site\/wp-json\/wp\/v2\/media\/21700"}],"wp:attachment":[{"href":"https:\/\/sgpsolucoes.com.br\/site\/wp-json\/wp\/v2\/media?parent=21699"}],"wp:term":[{"taxonomy":"category","embeddable":true,"href":"https:\/\/sgpsolucoes.com.br\/site\/wp-json\/wp\/v2\/categories?post=21699"},{"taxonomy":"post_tag","embeddable":true,"href":"https:\/\/sgpsolucoes.com.br\/site\/wp-json\/wp\/v2\/tags?post=21699"}],"curies":[{"name":"wp","href":"https:\/\/api.w.org\/{rel}","templated":true}]}}