{"id":21702,"date":"2026-07-30T16:18:02","date_gmt":"2026-07-30T19:18:02","guid":{"rendered":"https:\/\/sgpsolucoes.com.br\/site\/?p=21702"},"modified":"2026-07-30T16:18:03","modified_gmt":"2026-07-30T19:18:03","slug":"stf-suspende-ordem-de-nomeacao-de-policiais-civis-em-aguas-de-lindoia-sp","status":"publish","type":"post","link":"https:\/\/sgpsolucoes.com.br\/site\/stf-suspende-ordem-de-nomeacao-de-policiais-civis-em-aguas-de-lindoia-sp\/","title":{"rendered":"STF suspende ordem de nomea\u00e7\u00e3o de policiais civis em \u00c1guas de Lindoia (SP)"},"content":{"rendered":"<p><em>Foto: Antonio Augusto\/STF<\/em><\/p><p><em>Para o ministro Alexandre de Moraes, Justi\u00e7a n\u00e3o pode predeterminar n\u00famero de contrata\u00e7\u00f5es de servidores nem distribui\u00e7\u00e3o por cargos<\/em><\/p><p>O ministro Alexandre de Moraes, vice-presidente do Supremo Tribunal Federal (STF) no exerc\u00edcio da Presid\u00eancia, suspendeu decis\u00e3o da Justi\u00e7a de S\u00e3o Paulo que determinava a nomea\u00e7\u00e3o de 22 servidores da Pol\u00edcia Civil, em cargos previamente definidos, para a Delegacia de Pol\u00edcia de \u00c1guas de Lind\u00f3ia (SP), sob pena de multa di\u00e1ria. A liminar foi concedida na Reclama\u00e7\u00e3o&nbsp;<strong><a href=\"https:\/\/portal.stf.jus.br\/processos\/detalhe.asp?incidente=7651723\" target=\"_blank\" rel=\"noreferrer noopener\">(Rcl) 97828<\/a><\/strong>, ajuizada pelo Estado de S\u00e3o Paulo, e tamb\u00e9m suspende a multa di\u00e1ria de R$ 1 mil fixada pelo Tribunal de Justi\u00e7a paulista (TJ-SP) em caso de descumprimento.<\/p><p>Em a\u00e7\u00e3o ajuizada na Justi\u00e7a paulista, o Minist\u00e9rio P\u00fablico estadual apontava defici\u00eancia na seguran\u00e7a p\u00fablica em \u00c1guas de Lind\u00f3ia. De acordo com o \u00f3rg\u00e3o, apenas seis policiais civis atuavam na delegacia local, embora o efetivo considerado necess\u00e1rio fosse de 22 servidores.<\/p><p>Na decis\u00e3o questionada, o TJ-SP decidiu que o estado deveria garantir \u00e0 delegacia, no m\u00ednimo, um delegado, sete investigadores, cinco escriv\u00e3es, dois agentes de telecomunica\u00e7\u00f5es policiais, um auxiliar de papiloscopista, tr\u00eas carcereiros e dois agentes de pol\u00edcia. As nomea\u00e7\u00f5es deveriam ocorrer imediatamente, caso houvesse concurso em andamento, ou nos pr\u00f3ximos certames de cada carreira.<\/p><h5 class=\"wp-block-heading\"><strong>Limites da atua\u00e7\u00e3o judicial<\/strong><\/h5><p>Ao conceder a liminar, o ministro Alexandre destacou que a decis\u00e3o do TJ-SP contrariou a tese de repercuss\u00e3o geral fixada pelo STF (Tema 698), que estabelece os par\u00e2metros para a atua\u00e7\u00e3o do Judici\u00e1rio na implementa\u00e7\u00e3o de pol\u00edticas p\u00fablicas.<\/p><p>Segundo o ministro, a jurisprud\u00eancia do Supremo admite a interven\u00e7\u00e3o judicial diante de defici\u00eancia grave na presta\u00e7\u00e3o de servi\u00e7o p\u00fablico essencial. Nesses casos, por\u00e9m, a decis\u00e3o deve indicar os resultados a serem alcan\u00e7ados e determinar que a administra\u00e7\u00e3o p\u00fablica apresente um plano ou os meios adequados para atingi-los, sem impor medidas administrativas espec\u00edficas. No caso, ao determinar a nomea\u00e7\u00e3o de um n\u00famero exato de servidores e definir a distribui\u00e7\u00e3o por cargos, o TJ-SP interferiu diretamente na pol\u00edtica p\u00fablica estadual de seguran\u00e7a, em desacordo com essa orienta\u00e7\u00e3o.<\/p><p>O ministro Alexandre de Moraes responde pela Presid\u00eancia do STF na segunda quinzena de julho e, nessa condi\u00e7\u00e3o, analisa os pedidos urgentes. Encerrado o per\u00edodo, o processo ser\u00e1 encaminhado ao relator, ministro Luiz Fux.<\/p><p>Leia a&nbsp;<strong><a href=\"https:\/\/portal.stf.jus.br\/processos\/downloadPeca.asp?id=15388905227&amp;ext=.pdf\">\u00edntegra da decis\u00e3o<\/a><\/strong>.<\/p><p><em>(Adriana Romeo\/AS\/\/JP)<\/em><\/p><p>Leia mais:<\/p><p>10\/7\/2023 \u2013&nbsp;<a href=\"https:\/\/noticias.stf.jus.br\/postsnoticias\/stf-define-parametros-para-nortear-decisoes-judiciais-a-respeito-de-politicas-publicas\/\" target=\"_blank\" rel=\"noreferrer noopener\">STF define par\u00e2metros para nortear decis\u00f5es judiciais a respeito de pol\u00edticas p\u00fablicas<\/a><\/p><p><strong>Fonte: STF<\/strong><\/p>\n    <div class=\"xs_social_share_widget xs_share_url after_content \t\tmain_content  wslu-style-1 wslu-share-box-shaped wslu-fill-colored wslu-none wslu-share-horizontal wslu-theme-font-no wslu-main_content\">\n\n\t\t\n        <ul>\n\t\t\t        <\/ul>\n    <\/div> \n","protected":false},"excerpt":{"rendered":"<p>STF suspende ordem de nomea\u00e7\u00e3o de policiais civis em \u00c1guas de Lindoia (SP)<br \/>\nPara o ministro Alexandre de Moraes, Justi\u00e7a n\u00e3o pode predeterminar n\u00famero de contrata\u00e7\u00f5es de servidores nem distribui\u00e7\u00e3o por cargos<br \/>\nO ministro Alexandre de Moraes, vice-presidente do Supremo Tribunal Federal (STF) no exerc\u00edcio da Presid\u00eancia, suspendeu decis\u00e3o da Justi\u00e7a de S\u00e3o Paulo que determinava a nomea\u00e7\u00e3o de 22 servidores da Pol\u00edcia Civil, em cargos previamente definidos, para a Delegacia de Pol\u00edcia de \u00c1guas de Lind\u00f3ia (SP), sob pena de multa di\u00e1ria. A liminar foi concedida na Reclama\u00e7\u00e3o (Rcl) 97828, ajuizada pelo Estado de S\u00e3o Paulo, e tamb\u00e9m suspende a multa di\u00e1ria de R$ 1 mil fixada pelo Tribunal de Justi\u00e7a paulista (TJ-SP) em caso de descumprimento.<\/p>\n","protected":false},"author":5,"featured_media":21703,"comment_status":"open","ping_status":"open","sticky":false,"template":"","format":"standard","meta":{"postBodyCss":"","postBodyMargin":[],"postBodyPadding":[],"postBodyBackground":{"backgroundType":"classic","gradient":""},"_price":"","_stock":"","_tribe_ticket_header":"","_tribe_default_ticket_provider":"","_tribe_ticket_capacity":"0","_ticket_start_date":"","_ticket_end_date":"","_tribe_ticket_show_description":"","_tribe_ticket_show_not_going":false,"_tribe_ticket_use_global_stock":"","_tribe_ticket_global_stock_level":"","_global_stock_mode":"","_global_stock_cap":"","_tribe_rsvp_for_event":"","_tribe_ticket_going_count":"","_tribe_ticket_not_going_count":"","_tribe_tickets_list":"[]","_tribe_ticket_has_attendee_info_fields":false,"footnotes":""},"categories":[46],"tags":[],"class_list":["post-21702","post","type-post","status-publish","format-standard","has-post-thumbnail","hentry","category-noticias"],"acf":[],"_links":{"self":[{"href":"https:\/\/sgpsolucoes.com.br\/site\/wp-json\/wp\/v2\/posts\/21702"}],"collection":[{"href":"https:\/\/sgpsolucoes.com.br\/site\/wp-json\/wp\/v2\/posts"}],"about":[{"href":"https:\/\/sgpsolucoes.com.br\/site\/wp-json\/wp\/v2\/types\/post"}],"author":[{"embeddable":true,"href":"https:\/\/sgpsolucoes.com.br\/site\/wp-json\/wp\/v2\/users\/5"}],"replies":[{"embeddable":true,"href":"https:\/\/sgpsolucoes.com.br\/site\/wp-json\/wp\/v2\/comments?post=21702"}],"version-history":[{"count":1,"href":"https:\/\/sgpsolucoes.com.br\/site\/wp-json\/wp\/v2\/posts\/21702\/revisions"}],"predecessor-version":[{"id":21704,"href":"https:\/\/sgpsolucoes.com.br\/site\/wp-json\/wp\/v2\/posts\/21702\/revisions\/21704"}],"wp:featuredmedia":[{"embeddable":true,"href":"https:\/\/sgpsolucoes.com.br\/site\/wp-json\/wp\/v2\/media\/21703"}],"wp:attachment":[{"href":"https:\/\/sgpsolucoes.com.br\/site\/wp-json\/wp\/v2\/media?parent=21702"}],"wp:term":[{"taxonomy":"category","embeddable":true,"href":"https:\/\/sgpsolucoes.com.br\/site\/wp-json\/wp\/v2\/categories?post=21702"},{"taxonomy":"post_tag","embeddable":true,"href":"https:\/\/sgpsolucoes.com.br\/site\/wp-json\/wp\/v2\/tags?post=21702"}],"curies":[{"name":"wp","href":"https:\/\/api.w.org\/{rel}","templated":true}]}}