{"id":21787,"date":"2026-08-07T16:17:17","date_gmt":"2026-08-07T19:17:17","guid":{"rendered":"https:\/\/sgpsolucoes.com.br\/site\/?p=21787"},"modified":"2026-08-07T16:17:18","modified_gmt":"2026-08-07T19:17:18","slug":"tce-orienta-gestores-a-enquadrar-professores-da-educacao-infantil-no-conceito-de-magisterio-publico","status":"publish","type":"post","link":"https:\/\/sgpsolucoes.com.br\/site\/tce-orienta-gestores-a-enquadrar-professores-da-educacao-infantil-no-conceito-de-magisterio-publico\/","title":{"rendered":"TCE orienta gestores a enquadrar professores da educa\u00e7\u00e3o infantil no conceito de magist\u00e9rio p\u00fablico"},"content":{"rendered":"<p>O presidente do Tribunal de Contas do Estado de Minas Gerais (TCEMG), conselheiro Durval \u00c2ngelo, publicou comunicado orientando o Governo de Minas, os munic\u00edpios e demais jurisdicionados do Tribunal sobre a aplica\u00e7\u00e3o da Lei Federal n. 15.326\/2026, que alterou a legisla\u00e7\u00e3o educacional e incluiu os professores da educa\u00e7\u00e3o infantil no conceito de profissionais do magist\u00e9rio p\u00fablico da educa\u00e7\u00e3o b\u00e1sica.<\/p><p>O documento destaca que o enquadramento desses profissionais deve considerar as atividades efetivamente exercidas e n\u00e3o apenas a nomenclatura do cargo ocupado. Segundo o comunicado, os profissionais que atuam diretamente com crian\u00e7as na educa\u00e7\u00e3o infantil possuem a forma\u00e7\u00e3o exigida pela legisla\u00e7\u00e3o educacional e ingressaram no servi\u00e7o p\u00fablico por meio de concurso devem ser avaliados de acordo com as novas regras federais, mesmo que seus cargos tenham denomina\u00e7\u00f5es diferentes da express\u00e3o \u201cprofessor\u201d.<\/p><p>A orienta\u00e7\u00e3o do Tribunal observa as altera\u00e7\u00f5es promovidas pela Lei Federal n. 15.326\/2026 na Lei Federal n. 11.738\/2008, que institui o Piso Salarial Profissional Nacional do Magist\u00e9rio, e na Lei Federal n. 9.394\/1996 (Lei de Diretrizes e Bases da Educa\u00e7\u00e3o Nacional). As mudan\u00e7as passaram a reconhecer os professores da educa\u00e7\u00e3o infantil como integrantes do magist\u00e9rio p\u00fablico da educa\u00e7\u00e3o b\u00e1sica.<\/p><p>O comunicado tamb\u00e9m aponta que, quando caracterizada a condi\u00e7\u00e3o de professor da educa\u00e7\u00e3o infantil nos termos da legisla\u00e7\u00e3o federal, devem ser observadas as normas relativas \u00e0 carreira do magist\u00e9rio e ao piso salarial nacional. Ao mesmo tempo, destaca que a inclus\u00e3o formal de servidores na carreira depende da legisla\u00e7\u00e3o espec\u00edfica de cada ente federativo, respeitando a autonomia administrativa de estados e munic\u00edpios.<\/p><p>Outro ponto destacado pelo TCEMG \u00e9 que a nova legisla\u00e7\u00e3o n\u00e3o autoriza enquadramentos autom\u00e1ticos de cargos de apoio escolar, assist\u00eancia, monitoramento ou cuidado que n\u00e3o configurem efetivo exerc\u00edcio de atividade docente ou de suporte pedag\u00f3gico \u00e0 doc\u00eancia. A Corte orienta que sejam observados crit\u00e9rios objetivos, como atribui\u00e7\u00f5es exercidas, forma\u00e7\u00e3o profissional, natureza das atividades e forma de ingresso no servi\u00e7o p\u00fablico.<\/p><p>A Presid\u00eancia tamb\u00e9m alerta que eventuais altera\u00e7\u00f5es em planos de carreira, reestrutura\u00e7\u00f5es funcionais ou medidas administrativas decorrentes da aplica\u00e7\u00e3o da lei devem observar a legisla\u00e7\u00e3o fiscal, especialmente a Lei de Responsabilidade Fiscal (LRF), bem como as normas or\u00e7ament\u00e1rias e eleitorais vigentes.<\/p><p>As orienta\u00e7\u00f5es seguem os entendimentos da Nota Recomendat\u00f3ria Conjunta Atricon-IRB n. 01\/2026, elaborada pela Associa\u00e7\u00e3o dos Membros dos Tribunais de Contas do Brasil (Atricon) e pelo Instituto Rui Barbosa (IRB), cujo objetivo \u00e9 promover a uniformiza\u00e7\u00e3o da interpreta\u00e7\u00e3o da legisla\u00e7\u00e3o e auxiliar os tribunais de contas na atua\u00e7\u00e3o orientadora e fiscalizadora sobre o tema.<\/p><p>Para ampliar o alcance das orienta\u00e7\u00f5es e proporcionar seguran\u00e7a jur\u00eddica aos gestores p\u00fablicos no estabelecimento desta nova legisla\u00e7\u00e3o, a Presid\u00eancia do TCEMG determinou o envio de of\u00edcios aos prefeitos, secret\u00e1rios municipais de Educa\u00e7\u00e3o e ao Governo de Minas, \u00e0 Secretaria de Estado de Educa\u00e7\u00e3o e \u00e0 Comiss\u00e3o de Ci\u00eancia e Tecnologia da Assembleia Legislativa de Minas Gerais.<\/p><p>De acordo com o comunicado, o Tribunal acompanhar\u00e1 o cumprimento da legisla\u00e7\u00e3o, podendo fiscalizar os processos de presta\u00e7\u00e3o e tomada de contas dos jurisdicionados sobre o tema.<\/p><p><strong>Efeitos trazidos pela altera\u00e7\u00e3o na legisla\u00e7\u00e3o<\/strong><\/p><p>Os gestores p\u00fablicos estaduais e municipais dever\u00e3o se atentar para as altera\u00e7\u00f5es trazidas pela mudan\u00e7a da legisla\u00e7\u00e3o e revisar os quadros de pessoal da educa\u00e7\u00e3o infantil, os planos de carreira e o aumento dos gastos com pessoal.<\/p><p><strong>Para acessar a legisla\u00e7\u00e3o:<\/strong><\/p><p><a href=\"https:\/\/www2.camara.leg.br\/legin\/fed\/lei\/2026\/lei-15326-6-janeiro-2026-798629-publicacaooriginal-177701-pl.html\">Lei Federal n. 15.326\/2026, de 6\/1\/2026 que altera a Lei n. 11.738, de 16 de julho de 2008<\/a><\/p><p><a href=\"https:\/\/www.planalto.gov.br\/ccivil_03\/_ato2007-2010\/2008\/lei\/l11738.htm\">Lei Federal n. 11.738\/2008, que institui o Piso Salarial Profissional Nacional do Magist\u00e9rio<\/a><\/p><p><a href=\"https:\/\/www.planalto.gov.br\/ccivil_03\/leis\/l9394.htm\">Lei Federal n. 9.394\/1996, que estabelece as diretrizes e bases da educa\u00e7\u00e3o nacional<\/a><\/p><p><em>Regina Kelles | Coordenadoria de Imprensa<\/em><\/p><p><strong>Fonte: TCE-MG<\/strong><\/p>\n    <div class=\"xs_social_share_widget xs_share_url after_content \t\tmain_content  wslu-style-1 wslu-share-box-shaped wslu-fill-colored wslu-none wslu-share-horizontal wslu-theme-font-no wslu-main_content\">\n\n\t\t\n        <ul>\n\t\t\t        <\/ul>\n    <\/div> \n","protected":false},"excerpt":{"rendered":"<p>TCE orienta gestores a enquadrar professores da educa\u00e7\u00e3o infantil no conceito de magist\u00e9rio p\u00fablico<br \/>\nO presidente do Tribunal de Contas do Estado de Minas Gerais (TCEMG), conselheiro Durval \u00c2ngelo, publicou comunicado orientando o Governo de Minas, os munic\u00edpios e demais jurisdicionados do Tribunal sobre a aplica\u00e7\u00e3o da Lei Federal n. 15.326\/2026, que alterou a legisla\u00e7\u00e3o educacional e incluiu os professores da educa\u00e7\u00e3o infantil no conceito de profissionais do magist\u00e9rio p\u00fablico da educa\u00e7\u00e3o b\u00e1sica.<\/p>\n","protected":false},"author":5,"featured_media":21788,"comment_status":"open","ping_status":"open","sticky":false,"template":"","format":"standard","meta":{"postBodyCss":"","postBodyMargin":[],"postBodyPadding":[],"postBodyBackground":{"backgroundType":"classic","gradient":""},"_price":"","_stock":"","_tribe_ticket_header":"","_tribe_default_ticket_provider":"","_tribe_ticket_capacity":"0","_ticket_start_date":"","_ticket_end_date":"","_tribe_ticket_show_description":"","_tribe_ticket_show_not_going":false,"_tribe_ticket_use_global_stock":"","_tribe_ticket_global_stock_level":"","_global_stock_mode":"","_global_stock_cap":"","_tribe_rsvp_for_event":"","_tribe_ticket_going_count":"","_tribe_ticket_not_going_count":"","_tribe_tickets_list":"[]","_tribe_ticket_has_attendee_info_fields":false,"footnotes":""},"categories":[46],"tags":[],"class_list":["post-21787","post","type-post","status-publish","format-standard","has-post-thumbnail","hentry","category-noticias"],"acf":[],"_links":{"self":[{"href":"https:\/\/sgpsolucoes.com.br\/site\/wp-json\/wp\/v2\/posts\/21787"}],"collection":[{"href":"https:\/\/sgpsolucoes.com.br\/site\/wp-json\/wp\/v2\/posts"}],"about":[{"href":"https:\/\/sgpsolucoes.com.br\/site\/wp-json\/wp\/v2\/types\/post"}],"author":[{"embeddable":true,"href":"https:\/\/sgpsolucoes.com.br\/site\/wp-json\/wp\/v2\/users\/5"}],"replies":[{"embeddable":true,"href":"https:\/\/sgpsolucoes.com.br\/site\/wp-json\/wp\/v2\/comments?post=21787"}],"version-history":[{"count":1,"href":"https:\/\/sgpsolucoes.com.br\/site\/wp-json\/wp\/v2\/posts\/21787\/revisions"}],"predecessor-version":[{"id":21789,"href":"https:\/\/sgpsolucoes.com.br\/site\/wp-json\/wp\/v2\/posts\/21787\/revisions\/21789"}],"wp:featuredmedia":[{"embeddable":true,"href":"https:\/\/sgpsolucoes.com.br\/site\/wp-json\/wp\/v2\/media\/21788"}],"wp:attachment":[{"href":"https:\/\/sgpsolucoes.com.br\/site\/wp-json\/wp\/v2\/media?parent=21787"}],"wp:term":[{"taxonomy":"category","embeddable":true,"href":"https:\/\/sgpsolucoes.com.br\/site\/wp-json\/wp\/v2\/categories?post=21787"},{"taxonomy":"post_tag","embeddable":true,"href":"https:\/\/sgpsolucoes.com.br\/site\/wp-json\/wp\/v2\/tags?post=21787"}],"curies":[{"name":"wp","href":"https:\/\/api.w.org\/{rel}","templated":true}]}}