{"id":21894,"date":"2026-08-14T17:45:01","date_gmt":"2026-08-14T20:45:01","guid":{"rendered":"https:\/\/sgpsolucoes.com.br\/site\/?p=21894"},"modified":"2026-08-14T17:45:02","modified_gmt":"2026-08-14T20:45:02","slug":"edicao-n-384-do-boletim-repercussao-geral-em-pauta-do-stf","status":"publish","type":"post","link":"https:\/\/sgpsolucoes.com.br\/site\/edicao-n-384-do-boletim-repercussao-geral-em-pauta-do-stf\/","title":{"rendered":"Edi\u00e7\u00e3o n\u00b0 384 do Boletim Repercuss\u00e3o Geral \u2013 em pauta do STF"},"content":{"rendered":"<p>O N\u00facleo de Gerenciamento de Precedentes do Supremo Tribunal Federal j\u00e1 disponibilizou a&nbsp;<a href=\"http:\/\/www.stf.jus.br\/arquivo\/cms\/newsletterInformativoRG\/anexo\/Edio384.pdf\" target=\"_blank\" rel=\"noreferrer noopener\">edi\u00e7\u00e3o n. 384 do boletim Repercuss\u00e3o Geral \u2013 em pauta.<\/a><\/p><p>Confira nossos destaques:<\/p><p><strong>Julgamentos:<\/strong><\/p><ul class=\"wp-block-list\"><li>Tema: 1.455 \u2013 Processo(s): ARE 1.593.784 \u2013 Relator: Min. Dias Toffoli \u2013 T\u00edtulo: Fixa\u00e7\u00e3o por lei municipal, posterior \u00e0 EC n\u00ba 29\/2000, de al\u00edquotas de IPTU em fun\u00e7\u00e3o da \u00e1rea do im\u00f3vel. O Tribunal fixou a seguinte tese: &#8220;\u00c9 inconstitucional a fixa\u00e7\u00e3o, por lei municipal posterior \u00e0 EC n\u00ba 29\/2000, de al\u00edquota do IPTU em raz\u00e3o da \u00e1rea do im\u00f3vel\u201d.<\/li><\/ul><p><strong>Temas com Tr\u00e2nsito em Julgado<\/strong><\/p><ul class=\"wp-block-list\"><li>Tema: 1.370 \u2013 Processo(s): RE 1.520.468 \u2013 Relator: Min. Fl\u00e1vio Dino \u2013 T\u00edtulo: Defini\u00e7\u00f5es acerca da natureza jur\u00eddica previdenci\u00e1ria ou assistencial e da responsabilidade pelo \u00f4nus remunerat\u00f3rio decorrente da manuten\u00e7\u00e3o do v\u00ednculo trabalhista de mulheres v\u00edtimas de viol\u00eancia dom\u00e9stica, quando necess\u00e1rio o afastamento de seu local de trabalho em raz\u00e3o da implementa\u00e7\u00e3o de medidas protetivas por aplica\u00e7\u00e3o do art. 9\u00ba, \u00a7 2\u00ba, II, da Lei Maria da Penha (Lei n\u00ba 11.340\/2006). Consequentemente, an\u00e1lise da compet\u00eancia do ju\u00edzo estadual, no exerc\u00edcio da jurisdi\u00e7\u00e3o penal, para a fixa\u00e7\u00e3o da medida protetiva disposta no art. 9\u00ba, \u00a7 2\u00ba, II, da Lei n\u00ba 11.340\/2006, inclusive no que concerne \u00e0 determina\u00e7\u00e3o eventualmente dirigida ao INSS para que garanta o afastamento remunerado. O Tribunal fixou a seguinte tese: \u201c1) Compete ao ju\u00edzo estadual, no exerc\u00edcio da jurisdi\u00e7\u00e3o criminal, especialmente aquele respons\u00e1vel pela aplica\u00e7\u00e3o da Lei n\u00ba 11.340\/2006 (Lei Maria da Penha), fixar a medida protetiva prevista no art. 9\u00ba, \u00a7 2\u00ba, II, da referida lei, inclusive quanto \u00e0 requisi\u00e7\u00e3o de pagamento de presta\u00e7\u00e3o pecuni\u00e1ria em favor da v\u00edtima afastada do local de trabalho, ainda que o cumprimento material da decis\u00e3o fique sob o encargo do INSS e do empregador; 2) Nos termos do que disp\u00f5e o art. 109, I, da Constitui\u00e7\u00e3o Federal, compete \u00e0 Justi\u00e7a Federal processar e julgar as a\u00e7\u00f5es regressivas que, com fundamento no art. 120, II, da Lei n\u00ba 8.213\/1991, dever\u00e3o ser ajuizadas pela Autarquia Previdenci\u00e1ria Federal contra os respons\u00e1veis nos casos de viol\u00eancia dom\u00e9stica e familiar contra a mulher; 3) A express\u00e3o constante da Lei (\u201cv\u00ednculo trabalhista\u201d) deve abranger a prote\u00e7\u00e3o da mulher visando \u00e0 manuten\u00e7\u00e3o de sua fonte de renda, qualquer que seja ela, da qual tenha que se afastar em face da viol\u00eancia sofrida, conforme aprecia\u00e7\u00e3o do Poder Judici\u00e1rio. A presta\u00e7\u00e3o pecuni\u00e1ria decorrente da efetiva\u00e7\u00e3o da medida protetiva prevista no art. 9\u00ba, \u00a7 2\u00ba, II, da Lei n\u00ba 11.340\/2006 possui natureza previdenci\u00e1ria ou assistencial, conforme o v\u00ednculo jur\u00eddico da mulher com a seguridade social: (i) previdenci\u00e1ria, quando a mulher for segurada do Regime Geral de Previd\u00eancia Social, como empregada, contribuinte individual, facultativa ou segurada especial, hip\u00f3tese em que a remunera\u00e7\u00e3o dos primeiros 15 dias ser\u00e1 de responsabilidade do empregador (quando houver), e o per\u00edodo subsequente ser\u00e1 custeado pelo INSS, independentemente de cumprimento de per\u00edodo de car\u00eancia. No caso de inexist\u00eancia de rela\u00e7\u00e3o de emprego de segurada do Regime Geral de Previd\u00eancia Social, o benef\u00edcio ser\u00e1 arcado integralmente pelo INSS; (ii) assistencial, quando a mulher n\u00e3o for segurada da previd\u00eancia social, hip\u00f3tese em que a presta\u00e7\u00e3o assume natureza de benef\u00edcio eventual decorrente de vulnerabilidade tempor\u00e1ria, cabendo ao Estado, na forma da Lei n\u00ba 8.742\/1993 (LOAS), prover a assist\u00eancia financeira necess\u00e1ria. Nesse caso, o ju\u00edzo competente dever\u00e1 atestar que a mulher destinat\u00e1ria da medida de afastamento do local de trabalho n\u00e3o possuir\u00e1, em raz\u00e3o de sua implementa\u00e7\u00e3o, quaisquer meios de prover a pr\u00f3pria manuten\u00e7\u00e3o.\u201d<\/li><\/ul><ul class=\"wp-block-list\"><li>Tema: 1.461 \u2013 Processo(s): RE 1.573.271 \u2013 Relator: Min. Edson Fachin (Presidente) \u2013 T\u00edtulo: Condi\u00e7\u00f5es para promo\u00e7\u00e3o de policial militar do Estado do Amazonas. O Tribunal fixou a seguinte tese: \u201c\u00c9 infraconstitucional e f\u00e1tica a controv\u00e9rsia sobre a promo\u00e7\u00e3o de policiais militares do Estado do Amazonas, consideradas as circunst\u00e2ncias relativas \u00e0 alega\u00e7\u00e3o de omiss\u00e3o estatal na organiza\u00e7\u00e3o da lista de antiguidade, \u00e0 discuss\u00e3o sobre a exist\u00eancia ou n\u00e3o de vagas e \u00e0 poss\u00edvel preteri\u00e7\u00e3o da ordem de antiguidade.<\/li><\/ul><p>Acesse a \u00edntegra: <a href=\"http:\/\/www.stf.jus.br\/arquivo\/cms\/newsletterInformativoRG\/anexo\/Edio384.pdf\" target=\"_blank\" rel=\"noreferrer noopener\">edi\u00e7\u00e3o n. 384 do boletim Repercuss\u00e3o Geral \u2013 em pauta.<\/a><\/p><p><strong>Fonte: STF<\/strong><\/p>\n    <div class=\"xs_social_share_widget xs_share_url after_content \t\tmain_content  wslu-style-1 wslu-share-box-shaped wslu-fill-colored wslu-none wslu-share-horizontal wslu-theme-font-no wslu-main_content\">\n\n\t\t\n        <ul>\n\t\t\t        <\/ul>\n    <\/div> \n","protected":false},"excerpt":{"rendered":"<p>O N\u00facleo de Gerenciamento de Precedentes do Supremo Tribunal Federal j\u00e1 disponibilizou a\u00a0edi\u00e7\u00e3o n. 384 do boletim Repercuss\u00e3o Geral \u2013 em pauta.<\/p>\n","protected":false},"author":5,"featured_media":21895,"comment_status":"open","ping_status":"open","sticky":false,"template":"","format":"standard","meta":{"postBodyCss":"","postBodyMargin":[],"postBodyPadding":[],"postBodyBackground":{"backgroundType":"classic","gradient":""},"_price":"","_stock":"","_tribe_ticket_header":"","_tribe_default_ticket_provider":"","_tribe_ticket_capacity":"0","_ticket_start_date":"","_ticket_end_date":"","_tribe_ticket_show_description":"","_tribe_ticket_show_not_going":false,"_tribe_ticket_use_global_stock":"","_tribe_ticket_global_stock_level":"","_global_stock_mode":"","_global_stock_cap":"","_tribe_rsvp_for_event":"","_tribe_ticket_going_count":"","_tribe_ticket_not_going_count":"","_tribe_tickets_list":"[]","_tribe_ticket_has_attendee_info_fields":false,"footnotes":""},"categories":[46],"tags":[],"class_list":["post-21894","post","type-post","status-publish","format-standard","has-post-thumbnail","hentry","category-noticias"],"acf":[],"_links":{"self":[{"href":"https:\/\/sgpsolucoes.com.br\/site\/wp-json\/wp\/v2\/posts\/21894"}],"collection":[{"href":"https:\/\/sgpsolucoes.com.br\/site\/wp-json\/wp\/v2\/posts"}],"about":[{"href":"https:\/\/sgpsolucoes.com.br\/site\/wp-json\/wp\/v2\/types\/post"}],"author":[{"embeddable":true,"href":"https:\/\/sgpsolucoes.com.br\/site\/wp-json\/wp\/v2\/users\/5"}],"replies":[{"embeddable":true,"href":"https:\/\/sgpsolucoes.com.br\/site\/wp-json\/wp\/v2\/comments?post=21894"}],"version-history":[{"count":1,"href":"https:\/\/sgpsolucoes.com.br\/site\/wp-json\/wp\/v2\/posts\/21894\/revisions"}],"predecessor-version":[{"id":21896,"href":"https:\/\/sgpsolucoes.com.br\/site\/wp-json\/wp\/v2\/posts\/21894\/revisions\/21896"}],"wp:featuredmedia":[{"embeddable":true,"href":"https:\/\/sgpsolucoes.com.br\/site\/wp-json\/wp\/v2\/media\/21895"}],"wp:attachment":[{"href":"https:\/\/sgpsolucoes.com.br\/site\/wp-json\/wp\/v2\/media?parent=21894"}],"wp:term":[{"taxonomy":"category","embeddable":true,"href":"https:\/\/sgpsolucoes.com.br\/site\/wp-json\/wp\/v2\/categories?post=21894"},{"taxonomy":"post_tag","embeddable":true,"href":"https:\/\/sgpsolucoes.com.br\/site\/wp-json\/wp\/v2\/tags?post=21894"}],"curies":[{"name":"wp","href":"https:\/\/api.w.org\/{rel}","templated":true}]}}