{"id":21960,"date":"2026-08-19T11:40:18","date_gmt":"2026-08-19T14:40:18","guid":{"rendered":"https:\/\/sgpsolucoes.com.br\/site\/?p=21960"},"modified":"2026-08-19T11:40:19","modified_gmt":"2026-08-19T14:40:19","slug":"stf-veda-contratacao-temporaria-de-policiais-penais-sem-concurso-publico-no-acre","status":"publish","type":"post","link":"https:\/\/sgpsolucoes.com.br\/site\/stf-veda-contratacao-temporaria-de-policiais-penais-sem-concurso-publico-no-acre\/","title":{"rendered":"STF veda contrata\u00e7\u00e3o tempor\u00e1ria de policiais penais sem concurso p\u00fablico no Acre"},"content":{"rendered":"<p><em>Foto: Deppen\/PR<\/em><\/p><p><em>Em sess\u00e3o virtual, o Plen\u00e1rio decidiu que o concurso \u00e9 a \u00fanica forma v\u00e1lida para ingresso na carreira, conforme a EC 104\/2019<\/em><\/p><p>O&nbsp;Plen\u00e1rio do Supremo Tribunal Federal (STF) invalidou parte de uma lei do Acre que permitia a contrata\u00e7\u00e3o tempor\u00e1ria, sem concurso p\u00fablico, de policiais penais estaduais.&nbsp;A decis\u00e3o&nbsp;un\u00e2nime&nbsp;foi tomada no julgamento da&nbsp;A\u00e7\u00e3o Direta de Inconstitucionalidade&nbsp;<a href=\"https:\/\/portal.stf.jus.br\/processos\/detalhe.asp?incidente=7002191\" target=\"_blank\" rel=\"noreferrer noopener\"><strong>(ADI) 7699<\/strong><\/a>, na sess\u00e3o virtual encerrada em 5 de agosto.&nbsp;<\/p><p>Na a\u00e7\u00e3o,&nbsp;a Associa\u00e7\u00e3o dos Policiais Penais do Brasil (Ageppen-Brasil) questionava dispositivos da Lei Complementar estadual 58\/1998. As normas autorizam a contrata\u00e7\u00e3o tempor\u00e1ria, por processo seletivo simplificado, para atender \u00e0 necessidade de manter ou restabelecer a normalidade de atividades de seguran\u00e7a p\u00fablica e outros servi\u00e7os essenciais. O contrato pode durar at\u00e9 24 meses, com possibilidade de prorroga\u00e7\u00e3o ou renova\u00e7\u00e3o por igual per\u00edodo.&nbsp;<\/p><h5 class=\"wp-block-heading\"><strong>Exig\u00eancia expressa<\/strong><\/h5><p>O ministro Cristiano Zanin, relator da ADI, explicou que a&nbsp;Emenda Constitucional (EC) 104\/2019 incluiu os policiais penais no sistema de seguran\u00e7a p\u00fablica e estabeleceu&nbsp;expressamente que&nbsp;os cargos s\u00f3 podem ser preenchidos&nbsp;por concurso p\u00fablico ou pela transforma\u00e7\u00e3o de&nbsp;cargos anteriormente existentes.&nbsp;Esse entendimento foi consolidado pelo STF ao julgar casos semelhantes do Maranh\u00e3o&nbsp;(ADI 7098) e de Minas Gerais (ADI 7505).&nbsp;&nbsp;<\/p><p>Em rela\u00e7\u00e3o \u00e0s demais carreiras previstas na lei, o colegiado manteve a possibilidade de contrata\u00e7\u00e3o por processo seletivo&nbsp;simplificado em&nbsp;casos de necessidade tempor\u00e1ria de excepcional interesse p\u00fablico nas \u00e1reas de seguran\u00e7a e sa\u00fade.&nbsp;<\/p><h5 class=\"wp-block-heading\"><strong>Efeitos<\/strong><strong>&nbsp;<\/strong><\/h5><p>O ministro tamb\u00e9m rejeitou o pedido&nbsp;do governo&nbsp;do Acre&nbsp;para que fossem mantidas as&nbsp;contrata\u00e7\u00f5es&nbsp;tempor\u00e1rias&nbsp;at\u00e9 a conclus\u00e3o do concurso realizado em 2023 para recompor os quadros da pol\u00edcia penal.&nbsp;Zanin lembrou que a proibi\u00e7\u00e3o dessa forma de&nbsp;contrata\u00e7\u00e3o para essas fun\u00e7\u00f5es est\u00e1 em vigor desde 2019&nbsp;e que&nbsp;apenas 105 dos 1.171 policiais penais em atividade&nbsp;foram&nbsp;contratados temporariamente. Al\u00e9m disso, h\u00e1&nbsp;informa\u00e7\u00f5es&nbsp;nos autos&nbsp;de que&nbsp;os candidatos aprovados no concurso foram convocados para posse em maio de 2026.&nbsp;<\/p><p><em>(Adriana Romeo\/CR\/\/CF)<\/em><\/p><p><strong>Fonte: STF<\/strong><\/p>\n    <div class=\"xs_social_share_widget xs_share_url after_content \t\tmain_content  wslu-style-1 wslu-share-box-shaped wslu-fill-colored wslu-none wslu-share-horizontal wslu-theme-font-no wslu-main_content\">\n\n\t\t\n        <ul>\n\t\t\t        <\/ul>\n    <\/div> \n","protected":false},"excerpt":{"rendered":"<p>STF veda contrata\u00e7\u00e3o tempor\u00e1ria de policiais penais sem concurso p\u00fablico no Acre<br \/>\nEm sess\u00e3o virtual, o Plen\u00e1rio decidiu que o concurso \u00e9 a \u00fanica forma v\u00e1lida para ingresso na carreira, conforme a EC 104\/2019<br \/>\nO Plen\u00e1rio do Supremo Tribunal Federal (STF) invalidou parte de uma lei do Acre que permitia a contrata\u00e7\u00e3o tempor\u00e1ria, sem concurso p\u00fablico, de policiais penais estaduais. A decis\u00e3o un\u00e2nime foi tomada no julgamento da A\u00e7\u00e3o Direta de Inconstitucionalidade (ADI) 7699, na sess\u00e3o virtual encerrada em 5 de agosto. <\/p>\n","protected":false},"author":5,"featured_media":21961,"comment_status":"open","ping_status":"open","sticky":false,"template":"","format":"standard","meta":{"postBodyCss":"","postBodyMargin":[],"postBodyPadding":[],"postBodyBackground":{"backgroundType":"classic","gradient":""},"_price":"","_stock":"","_tribe_ticket_header":"","_tribe_default_ticket_provider":"","_tribe_ticket_capacity":"0","_ticket_start_date":"","_ticket_end_date":"","_tribe_ticket_show_description":"","_tribe_ticket_show_not_going":false,"_tribe_ticket_use_global_stock":"","_tribe_ticket_global_stock_level":"","_global_stock_mode":"","_global_stock_cap":"","_tribe_rsvp_for_event":"","_tribe_ticket_going_count":"","_tribe_ticket_not_going_count":"","_tribe_tickets_list":"[]","_tribe_ticket_has_attendee_info_fields":false,"footnotes":""},"categories":[46],"tags":[],"class_list":["post-21960","post","type-post","status-publish","format-standard","has-post-thumbnail","hentry","category-noticias"],"acf":[],"_links":{"self":[{"href":"https:\/\/sgpsolucoes.com.br\/site\/wp-json\/wp\/v2\/posts\/21960"}],"collection":[{"href":"https:\/\/sgpsolucoes.com.br\/site\/wp-json\/wp\/v2\/posts"}],"about":[{"href":"https:\/\/sgpsolucoes.com.br\/site\/wp-json\/wp\/v2\/types\/post"}],"author":[{"embeddable":true,"href":"https:\/\/sgpsolucoes.com.br\/site\/wp-json\/wp\/v2\/users\/5"}],"replies":[{"embeddable":true,"href":"https:\/\/sgpsolucoes.com.br\/site\/wp-json\/wp\/v2\/comments?post=21960"}],"version-history":[{"count":1,"href":"https:\/\/sgpsolucoes.com.br\/site\/wp-json\/wp\/v2\/posts\/21960\/revisions"}],"predecessor-version":[{"id":21962,"href":"https:\/\/sgpsolucoes.com.br\/site\/wp-json\/wp\/v2\/posts\/21960\/revisions\/21962"}],"wp:featuredmedia":[{"embeddable":true,"href":"https:\/\/sgpsolucoes.com.br\/site\/wp-json\/wp\/v2\/media\/21961"}],"wp:attachment":[{"href":"https:\/\/sgpsolucoes.com.br\/site\/wp-json\/wp\/v2\/media?parent=21960"}],"wp:term":[{"taxonomy":"category","embeddable":true,"href":"https:\/\/sgpsolucoes.com.br\/site\/wp-json\/wp\/v2\/categories?post=21960"},{"taxonomy":"post_tag","embeddable":true,"href":"https:\/\/sgpsolucoes.com.br\/site\/wp-json\/wp\/v2\/tags?post=21960"}],"curies":[{"name":"wp","href":"https:\/\/api.w.org\/{rel}","templated":true}]}}