{"id":21976,"date":"2026-08-19T12:11:08","date_gmt":"2026-08-19T15:11:08","guid":{"rendered":"https:\/\/sgpsolucoes.com.br\/site\/?p=21976"},"modified":"2026-08-19T12:11:09","modified_gmt":"2026-08-19T15:11:09","slug":"com-falhas-orcamentarias-e-financeiras-prestacao-de-contas-anual-de-2024-de-sao-jose-do-calcado-recebem-parecer-pela-rejeicao-no-tce-es","status":"publish","type":"post","link":"https:\/\/sgpsolucoes.com.br\/site\/com-falhas-orcamentarias-e-financeiras-prestacao-de-contas-anual-de-2024-de-sao-jose-do-calcado-recebem-parecer-pela-rejeicao-no-tce-es\/","title":{"rendered":"Com falhas or\u00e7ament\u00e1rias e financeiras, presta\u00e7\u00e3o de contas anual de 2024 de S\u00e3o Jos\u00e9 do Cal\u00e7ado recebem parecer pela rejei\u00e7\u00e3o no TCE-ES"},"content":{"rendered":"<p>A 2\u00aa C\u00e2mara do&nbsp;Tribunal de Contas do Estado (TCE-ES)&nbsp;decidiu emitir&nbsp;<mark>Parecer&nbsp;Pr\u00e9vio pela rejei\u00e7\u00e3o das contas&nbsp;de 2024<\/mark>&nbsp;do prefeito de&nbsp;<mark>S\u00e3o Jos\u00e9 do Cal\u00e7ado,<\/mark>&nbsp;Ant\u00f4nio Coimbra de Almeida,&nbsp;em raz\u00e3o de&nbsp;<mark>cinco irregularidades<\/mark>&nbsp;que comprometeram&nbsp;as \u00e1reas or\u00e7ament\u00e1ria, financeira, cont\u00e1bil e previdenci\u00e1ria do munic\u00edpio.&nbsp;&nbsp;<\/p><p>A decis\u00e3o ocorreu na sess\u00e3o virtual do \u00faltimo dia 7, conforme o voto do relator, conselheiro Rodrigo Coelho, que considerou que esses problemas trouxeram&nbsp;<mark>repercuss\u00e3o relevante<\/mark>&nbsp;sobre o equil\u00edbrio fiscal, a liquidez municipal e a sustentabilidade das contas p\u00fablicas.&nbsp;<\/p><p>Segundo a an\u00e1lise t\u00e9cnica, constatou-se abertura de cr\u00e9ditos adicionais suplementares e especiais sem fonte de recursos, d\u00e9ficit na execu\u00e7\u00e3o or\u00e7ament\u00e1ria, d\u00e9ficit financeiro em diversas fontes de recursos, inscri\u00e7\u00e3o de restos a pagar processados e n\u00e3o processados sem suficiente disponibilidade de caixa e assun\u00e7\u00e3o de obriga\u00e7\u00e3o de despesa nos dois \u00faltimos quadrimestres do mandato sem lastro financeiro suficiente.&nbsp;<\/p><p>Quanto \u00e0 primeira irregularidade, relativa aos&nbsp;<mark>cr\u00e9ditos suplementares sem fonte de recursos,<\/mark>&nbsp;registrou-se um valor&nbsp;estimado em cerca de R$ 8 milh\u00f5es,&nbsp;o que, segundo o relator,&nbsp;possui materialidade relevante e n\u00e3o pode ser tratado como impropriedade meramente formal.&nbsp;\u201cTrata-se de falha que compromete a regularidade da execu\u00e7\u00e3o or\u00e7ament\u00e1ria, fragiliza o controle das disponibilidades por fonte e repercute diretamente sobre a responsabilidade fiscal do ente municipal\u201d, destacou.&nbsp;<\/p><p>J\u00e1 o&nbsp;<mark>d\u00e9ficit na execu\u00e7\u00e3o or\u00e7ament\u00e1ria<\/mark>&nbsp;revelou-se com o resultado deficit\u00e1rio no montante de R$ 346.452,19 decorrente da arrecada\u00e7\u00e3o de receitas em montante inferior \u00e0s despesas empenhadas no exerc\u00edcio. A \u00e1rea t\u00e9cnica destacou, contudo, que o resultado se agrava substancialmente quando exclu\u00eddo o super\u00e1vit or\u00e7ament\u00e1rio do Fundo Previdenci\u00e1rio do RPPS.&nbsp;Desconsiderado o resultado previdenci\u00e1rio, o d\u00e9ficit or\u00e7ament\u00e1rio do Munic\u00edpio alcan\u00e7aria R$ 5.325.654,63.&nbsp;&nbsp;<\/p><p>O relator pontuou que o principal aspecto desta situa\u00e7\u00e3o reside no fato de que o resultado positivo do RPPS n\u00e3o pode ser utilizado para absorver artificialmente o desempenho fiscal do or\u00e7amento fiscal e da seguridade social do Munic\u00edpio.&nbsp;<\/p><p>Tamb\u00e9m&nbsp;verificou-se&nbsp;a exist\u00eancia de&nbsp;<mark>d\u00e9ficit financeiro em diversas fontes de recursos<\/mark>&nbsp;ao final do exerc\u00edcio de 2024, inclusive na fonte de recursos ordin\u00e1rios, evidenciando desequil\u00edbrio financeiro da municipalidade. \u201cA exist\u00eancia de fragilidades fiscais j\u00e1 identificadas em exerc\u00edcios anteriores exigia atua\u00e7\u00e3o preventiva da Administra\u00e7\u00e3o, especialmente mediante limita\u00e7\u00e3o de empenho, controle rigoroso da expans\u00e3o das despesas e prioriza\u00e7\u00e3o dos gastos efetivamente essenciais\u201d, frisou Coelho.&nbsp;<\/p><h5 class=\"wp-block-heading\">Hist\u00f3rico&nbsp;<\/h5><p>Na an\u00e1lise do processo, verificou-se, ainda, a&nbsp;<mark>reitera\u00e7\u00e3o de irregularidades fiscais e financeiras j\u00e1 apontadas em exerc\u00edcios anteriores,<\/mark>&nbsp;sem demonstra\u00e7\u00e3o de efetiva supera\u00e7\u00e3o das fragilidades estruturais da gest\u00e3o, evidenciando comprometimento progressivo da governan\u00e7a fiscal e da sustentabilidade das contas p\u00fablicas municipais.&nbsp;&nbsp;<\/p><p>\u201cA repeti\u00e7\u00e3o sucessiva de desequil\u00edbrios financeiros demonstra que as medidas adotadas pela administra\u00e7\u00e3o municipal n\u00e3o se mostraram suficientes para restabelecer o equil\u00edbrio estrutural das contas p\u00fablicas.&nbsp;Esse quadro revela n\u00e3o apenas descumprimentos pontuais de normas, mas d\u00e9ficit estrutural de governan\u00e7a que compromete a capacidade institucional do&nbsp;munic\u00edpio de planejar, executar e monitorar sua gest\u00e3o fiscal de forma respons\u00e1vel\u201d, avaliou o relator.&nbsp;<\/p><p>Al\u00e9m das 5 irregularidades, outras cinco condutas foram registradas no campo das ressalvas: a abertura de cr\u00e9ditos adicionais especiais sem pr\u00e9via autoriza\u00e7\u00e3o legislativa, a aus\u00eancia de indica\u00e7\u00e3o dos programas priorit\u00e1rios de governo no PPA e na LDO, bem como de quais seriam contingenciados, a aplica\u00e7\u00e3o dos recursos da complementa\u00e7\u00e3o VAAT ao Fundeb em valores inferiores aos par\u00e2metros, e a reserva matem\u00e1tica previdenci\u00e1ria evidenciada com inconsist\u00eancia nas demonstra\u00e7\u00f5es cont\u00e1beis.&nbsp;&nbsp;<\/p><p>Outras ocorr\u00eancias verificadas nos autos foram notificadas em forma de&nbsp;<mark>alerta ao gestor.<\/mark>&nbsp;O Parecer Pr\u00e9vio \u00e9 encaminhado \u00e0 C\u00e2mara Municipal de S\u00e3o Jos\u00e9 do Cal\u00e7ado, que far\u00e1 o julgamento das contas do prefeito.&nbsp;<\/p><p><strong><a href=\"https:\/\/www.tcees.tc.br\/consultas\/processo\/detalhar-processo?numero=6476&amp;ano=2025&amp;key=04b491c309300987fb7739c9ef1d7e0c03883ffc27eb026f4571ce800a9291fc064b5a4e790be33129f28a56f08076d8f68bf9bc0648471748a04c92419e055f\" target=\"_blank\" rel=\"noreferrer noopener\">Processo TC 6476\/2025<\/a><\/strong><\/p><p><strong>Fonte: TCE-ES<\/strong><\/p>\n    <div class=\"xs_social_share_widget xs_share_url after_content \t\tmain_content  wslu-style-1 wslu-share-box-shaped wslu-fill-colored wslu-none wslu-share-horizontal wslu-theme-font-no wslu-main_content\">\n\n\t\t\n        <ul>\n\t\t\t        <\/ul>\n    <\/div> \n","protected":false},"excerpt":{"rendered":"<p>Com falhas or\u00e7ament\u00e1rias e financeiras, presta\u00e7\u00e3o de contas anual de 2024 de S\u00e3o Jos\u00e9 do Cal\u00e7ado recebem parecer pela rejei\u00e7\u00e3o no TCE-ES<br \/>\nA 2\u00aa C\u00e2mara do Tribunal de Contas do Estado (TCE-ES) decidiu emitir Parecer Pr\u00e9vio pela rejei\u00e7\u00e3o das contas de 2024 do prefeito de S\u00e3o Jos\u00e9 do Cal\u00e7ado, Ant\u00f4nio Coimbra de Almeida, em raz\u00e3o de cinco irregularidades que comprometeram as \u00e1reas or\u00e7ament\u00e1ria, financeira, cont\u00e1bil e previdenci\u00e1ria do munic\u00edpio.  <\/p>\n","protected":false},"author":5,"featured_media":21977,"comment_status":"open","ping_status":"open","sticky":false,"template":"","format":"standard","meta":{"postBodyCss":"","postBodyMargin":[],"postBodyPadding":[],"postBodyBackground":{"backgroundType":"classic","gradient":""},"_price":"","_stock":"","_tribe_ticket_header":"","_tribe_default_ticket_provider":"","_tribe_ticket_capacity":"0","_ticket_start_date":"","_ticket_end_date":"","_tribe_ticket_show_description":"","_tribe_ticket_show_not_going":false,"_tribe_ticket_use_global_stock":"","_tribe_ticket_global_stock_level":"","_global_stock_mode":"","_global_stock_cap":"","_tribe_rsvp_for_event":"","_tribe_ticket_going_count":"","_tribe_ticket_not_going_count":"","_tribe_tickets_list":"[]","_tribe_ticket_has_attendee_info_fields":false,"footnotes":""},"categories":[46],"tags":[],"class_list":["post-21976","post","type-post","status-publish","format-standard","has-post-thumbnail","hentry","category-noticias"],"acf":[],"_links":{"self":[{"href":"https:\/\/sgpsolucoes.com.br\/site\/wp-json\/wp\/v2\/posts\/21976"}],"collection":[{"href":"https:\/\/sgpsolucoes.com.br\/site\/wp-json\/wp\/v2\/posts"}],"about":[{"href":"https:\/\/sgpsolucoes.com.br\/site\/wp-json\/wp\/v2\/types\/post"}],"author":[{"embeddable":true,"href":"https:\/\/sgpsolucoes.com.br\/site\/wp-json\/wp\/v2\/users\/5"}],"replies":[{"embeddable":true,"href":"https:\/\/sgpsolucoes.com.br\/site\/wp-json\/wp\/v2\/comments?post=21976"}],"version-history":[{"count":1,"href":"https:\/\/sgpsolucoes.com.br\/site\/wp-json\/wp\/v2\/posts\/21976\/revisions"}],"predecessor-version":[{"id":21978,"href":"https:\/\/sgpsolucoes.com.br\/site\/wp-json\/wp\/v2\/posts\/21976\/revisions\/21978"}],"wp:featuredmedia":[{"embeddable":true,"href":"https:\/\/sgpsolucoes.com.br\/site\/wp-json\/wp\/v2\/media\/21977"}],"wp:attachment":[{"href":"https:\/\/sgpsolucoes.com.br\/site\/wp-json\/wp\/v2\/media?parent=21976"}],"wp:term":[{"taxonomy":"category","embeddable":true,"href":"https:\/\/sgpsolucoes.com.br\/site\/wp-json\/wp\/v2\/categories?post=21976"},{"taxonomy":"post_tag","embeddable":true,"href":"https:\/\/sgpsolucoes.com.br\/site\/wp-json\/wp\/v2\/tags?post=21976"}],"curies":[{"name":"wp","href":"https:\/\/api.w.org\/{rel}","templated":true}]}}