{"id":21979,"date":"2026-08-19T12:13:45","date_gmt":"2026-08-19T15:13:45","guid":{"rendered":"https:\/\/sgpsolucoes.com.br\/site\/?p=21979"},"modified":"2026-08-19T12:13:45","modified_gmt":"2026-08-19T15:13:45","slug":"tce-es-determina-que-prefeitura-de-pedro-canario-suspenda-novas-contratacoes-e-horas-extras-ate-decisao-final-em-processo","status":"publish","type":"post","link":"https:\/\/sgpsolucoes.com.br\/site\/tce-es-determina-que-prefeitura-de-pedro-canario-suspenda-novas-contratacoes-e-horas-extras-ate-decisao-final-em-processo\/","title":{"rendered":"TCE-ES determina que prefeitura de Pedro Can\u00e1rio suspenda novas contrata\u00e7\u00f5es e horas extras at\u00e9 decis\u00e3o final em processo"},"content":{"rendered":"<p>Os conselheiros do&nbsp;<mark><\/mark><strong>Tribunal de Contas do Estado do Esp\u00edrito Santo (TCE-ES)<\/strong>&nbsp;determinaram, em medida cautelar, que a prefeitura de&nbsp;<strong><a href=\"https:\/\/pedrocanario.es.gov.br\/\" target=\"_blank\" rel=\"noreferrer noopener\">Pedro Can\u00e1rio<\/a><\/strong>&nbsp;n\u00e3o contrate novos servidores e pro\u00edba a realiza\u00e7\u00e3o de horas extras na administra\u00e7\u00e3o municipal at\u00e9 que o processo na Corte seja julgado. A decis\u00e3o ratificada em&nbsp;&nbsp;sess\u00e3o da 1\u00aa C\u00e2mara, realizada no final de julho.&nbsp;<\/p><figure class=\"wp-block-image size-full\"><img fetchpriority=\"high\" decoding=\"async\" width=\"480\" height=\"405\" src=\"https:\/\/sgpsolucoes.com.br\/site\/wp-content\/uploads\/2026\/08\/Cautelar-01.webp\" alt=\"\" class=\"wp-image-21980\" srcset=\"https:\/\/sgpsolucoes.com.br\/site\/wp-content\/uploads\/2026\/08\/Cautelar-01.webp 480w, https:\/\/sgpsolucoes.com.br\/site\/wp-content\/uploads\/2026\/08\/Cautelar-01-300x253.webp 300w\" sizes=\"(max-width: 480px) 100vw, 480px\" \/><\/figure><p>De acordo com informa\u00e7\u00f5es dispon\u00edveis no&nbsp;<strong><a href=\"https:\/\/paineldecontrole.tcees.tc.br\/\" target=\"_blank\" rel=\"noreferrer noopener\">Painel de Controle do TCE-ES<\/a><\/strong>, as despesas com pessoal em Pedro Can\u00e1rio aumentaram quase 10% entre dezembro de 2024 e dezembro de 2025. Isso fez com que as despesas chegassem muito perto do limite m\u00e1ximo permitido pela Lei de Responsabilidade Fiscal (LRF).&nbsp;<\/p><p>Essa proximidade do limite de gastos fez com que a \u00e1rea t\u00e9cnica passasse a acompanhar mais de perto as despesas de Pedro Can\u00e1rio. Isso porque a proximidade com o limite de gastos j\u00e1 acarreta algumas responsabilidades. N\u00e3o se pode, por exemplo, contratar horas extras, nem nomear novos servidores \u2013 exceto reposi\u00e7\u00e3o em caso de morte ou aposentadoria de pessoas que atuem nas \u00e1reas de sa\u00fade, seguran\u00e7a e educa\u00e7\u00e3o.&nbsp;<\/p><h5 class=\"wp-block-heading\">An\u00e1lise&nbsp;<\/h5><p>Segundo a an\u00e1lise da \u00e1rea t\u00e9cnica do Tribunal, neste ano, a prefeitura seguiu aumentando suas despesas. \u201cO Poder Executivo Municipal de Pedro Can\u00e1rio contratou horas extras, ressalvadas as situa\u00e7\u00f5es previstas na Lei de Diretrizes Or\u00e7ament\u00e1rias, no exerc\u00edcio de 2026; e proveu cargo p\u00fablico, admitiu ou contratou pessoal a qualquer t\u00edtulo, ressalvadas as reposi\u00e7\u00f5es decorrentes de aposentadoria ou falecimento de servidores das \u00e1reas de educa\u00e7\u00e3o, sa\u00fade e seguran\u00e7a, no exerc\u00edcio de 2026.\u201d&nbsp;<\/p><p>O relator do processo, conselheiro S\u00e9rgio Aboudib, destacou que, apesar de conhecer as restri\u00e7\u00f5es impostas pela legisla\u00e7\u00e3o fiscal, a administra\u00e7\u00e3o seguiu conduta vedada pela LRF. \u201cCom efeito, verificou-se a autoriza\u00e7\u00e3o e o pagamento de horas extraordin\u00e1rias entre&nbsp;os meses de janeiro e abril de 2026, totalizando R$ 935.552,18, mesmo inexistindo&nbsp;hip\u00f3tese autorizadora prevista na Lei de Diretrizes Or\u00e7ament\u00e1rias que afastasse a&nbsp;veda\u00e7\u00e3o estabelecida no art. 22, par\u00e1grafo \u00fanico, inciso V, da LRF\u201d, destacou&nbsp;Aboubid.&nbsp;<\/p><p>\u201cDa mesma forma, verificou-se a realiza\u00e7\u00e3o de provimento de cargos efetivos, inclusive&nbsp;para cargos n\u00e3o inseridos nas exce\u00e7\u00f5es previstas na pr\u00f3pria Lei de Responsabilidade&nbsp;Fiscal, tendo sido identificada a convoca\u00e7\u00e3o de 99 candidatos, dos quais 23 destinados a cargos que n\u00e3o pertencem \u00e0s \u00e1reas de educa\u00e7\u00e3o, sa\u00fade e seguran\u00e7a, al\u00e9m da&nbsp;aus\u00eancia de comprova\u00e7\u00e3o documental de que as demais&nbsp;nomea\u00e7\u00f5es decorreram de&nbsp;reposi\u00e7\u00f5es por aposentadoria ou falecimento\u201d, acrescentou.&nbsp;<\/p><p>Ainda de acordo com a equipe t\u00e9cnica do Tribunal, somente as nomea\u00e7\u00f5es j\u00e1 efetivadas representam impacto financeiro anual estimado em aproximadamente R$ 2.165.282,67, sem considerar encargos patronais e demais vantagens funcionais, circunst\u00e2ncia que contribuiu para a manuten\u00e7\u00e3o do descumprimento dos limites de despesa com pessoal no exerc\u00edcio de 2026.&nbsp;<\/p><p>\u201cDessa forma, mostra-se necess\u00e1ria a ado\u00e7\u00e3o imediata de provid\u00eancias preventivas&nbsp;destinadas exclusivamente a impedir o prosseguimento das condutas potencialmente&nbsp;irregulares\u201d, concluiu Aboudib.&nbsp;<\/p><h5 class=\"wp-block-heading\">Decis\u00e3o&nbsp;<\/h5><p>Por conta das situa\u00e7\u00f5es observadas, os conselheiros do TCE-ES determinaram, de forma cautelar, que a prefeitura&nbsp;se&nbsp;abstenha&nbsp;de autorizar a realiza\u00e7\u00e3o de horas&nbsp;extraordin\u00e1rias por seus servidores enquanto a Despesa Total com Pessoal (DTP) permanecer acima do limite prudencial estabelecido no art. 22 da Lei Complementar n\u00ba 101\/2000, ressalvadas exclusivamente as hip\u00f3teses legalmente admitidas.&nbsp;<\/p><p>Da mesma forma, abstenha-se de praticar atos de provimento de cargos efetivos, incluindo&nbsp;nomea\u00e7\u00f5es, ressalvada apenas a reposi\u00e7\u00e3o decorrente de aposentadoria ou falecimento&nbsp;de servidores das \u00e1reas de educa\u00e7\u00e3o, sa\u00fade e seguran\u00e7a, nos termos do art. 22,&nbsp;par\u00e1grafo \u00fanico, inciso IV, da Lei Complementar n\u00ba 101\/2000.&nbsp;<\/p><p>Por fim, o vice-prefeito no exerc\u00edcio do Executivo de Pedro Can\u00e1rio, Denis&nbsp;Amancio, recebeu um prazo de cinco dias para comprovar o cumprimento da decis\u00e3o. Ele poder\u00e1, num prazo de 10 dias, apresentar os esclarecimentos e documentos que entender pertinentes acerca dos ind\u00edcios de irregularidade apurados pela \u00e1rea t\u00e9cnica.&nbsp;<\/p><p><strong><a href=\"https:\/\/www.tcees.tc.br\/consultas\/processo\/detalhar-processo?numero=766&amp;ano=2026&amp;key=b82b28e69fe534a84c376a77e81a628d6b29e8a652919e6ecdfb2769c0d62b09a148541b49c3dea04fb6680c8b210d71aa323842d12d8306e10d798e5ece478a\" target=\"_blank\" rel=\"noreferrer noopener\">Processo TC 766\/2026<\/a><\/strong>&nbsp;&nbsp;<\/p><p><strong>Fonte: TCE-ES<\/strong><\/p>\n    <div class=\"xs_social_share_widget xs_share_url after_content \t\tmain_content  wslu-style-1 wslu-share-box-shaped wslu-fill-colored wslu-none wslu-share-horizontal wslu-theme-font-no wslu-main_content\">\n\n\t\t\n        <ul>\n\t\t\t        <\/ul>\n    <\/div> \n","protected":false},"excerpt":{"rendered":"<p>TCE-ES determina que prefeitura de Pedro Can\u00e1rio suspenda novas contrata\u00e7\u00f5es e horas extras at\u00e9 decis\u00e3o final em processo<br \/>\nOs conselheiros do Tribunal de Contas do Estado do Esp\u00edrito Santo (TCE-ES) determinaram, em medida cautelar, que a prefeitura de Pedro Can\u00e1rio n\u00e3o contrate novos servidores e pro\u00edba a realiza\u00e7\u00e3o de horas extras na administra\u00e7\u00e3o municipal at\u00e9 que o processo na Corte seja julgado. A decis\u00e3o ratificada em  sess\u00e3o da 1\u00aa C\u00e2mara, realizada no final de julho. <\/p>\n","protected":false},"author":5,"featured_media":21981,"comment_status":"open","ping_status":"open","sticky":false,"template":"","format":"standard","meta":{"postBodyCss":"","postBodyMargin":[],"postBodyPadding":[],"postBodyBackground":{"backgroundType":"classic","gradient":""},"_price":"","_stock":"","_tribe_ticket_header":"","_tribe_default_ticket_provider":"","_tribe_ticket_capacity":"0","_ticket_start_date":"","_ticket_end_date":"","_tribe_ticket_show_description":"","_tribe_ticket_show_not_going":false,"_tribe_ticket_use_global_stock":"","_tribe_ticket_global_stock_level":"","_global_stock_mode":"","_global_stock_cap":"","_tribe_rsvp_for_event":"","_tribe_ticket_going_count":"","_tribe_ticket_not_going_count":"","_tribe_tickets_list":"[]","_tribe_ticket_has_attendee_info_fields":false,"footnotes":""},"categories":[46],"tags":[],"class_list":["post-21979","post","type-post","status-publish","format-standard","has-post-thumbnail","hentry","category-noticias"],"acf":[],"_links":{"self":[{"href":"https:\/\/sgpsolucoes.com.br\/site\/wp-json\/wp\/v2\/posts\/21979"}],"collection":[{"href":"https:\/\/sgpsolucoes.com.br\/site\/wp-json\/wp\/v2\/posts"}],"about":[{"href":"https:\/\/sgpsolucoes.com.br\/site\/wp-json\/wp\/v2\/types\/post"}],"author":[{"embeddable":true,"href":"https:\/\/sgpsolucoes.com.br\/site\/wp-json\/wp\/v2\/users\/5"}],"replies":[{"embeddable":true,"href":"https:\/\/sgpsolucoes.com.br\/site\/wp-json\/wp\/v2\/comments?post=21979"}],"version-history":[{"count":1,"href":"https:\/\/sgpsolucoes.com.br\/site\/wp-json\/wp\/v2\/posts\/21979\/revisions"}],"predecessor-version":[{"id":21982,"href":"https:\/\/sgpsolucoes.com.br\/site\/wp-json\/wp\/v2\/posts\/21979\/revisions\/21982"}],"wp:featuredmedia":[{"embeddable":true,"href":"https:\/\/sgpsolucoes.com.br\/site\/wp-json\/wp\/v2\/media\/21981"}],"wp:attachment":[{"href":"https:\/\/sgpsolucoes.com.br\/site\/wp-json\/wp\/v2\/media?parent=21979"}],"wp:term":[{"taxonomy":"category","embeddable":true,"href":"https:\/\/sgpsolucoes.com.br\/site\/wp-json\/wp\/v2\/categories?post=21979"},{"taxonomy":"post_tag","embeddable":true,"href":"https:\/\/sgpsolucoes.com.br\/site\/wp-json\/wp\/v2\/tags?post=21979"}],"curies":[{"name":"wp","href":"https:\/\/api.w.org\/{rel}","templated":true}]}}