{"id":22026,"date":"2026-08-20T14:38:25","date_gmt":"2026-08-20T17:38:25","guid":{"rendered":"https:\/\/sgpsolucoes.com.br\/site\/?p=22026"},"modified":"2026-08-20T14:38:25","modified_gmt":"2026-08-20T17:38:25","slug":"boletim-de-pessoal-do-tcu-5","status":"publish","type":"post","link":"https:\/\/sgpsolucoes.com.br\/site\/boletim-de-pessoal-do-tcu-5\/","title":{"rendered":"BOLETIM DE PESSOAL DO TCU"},"content":{"rendered":"<p>J\u00e1 est\u00e1 dispon\u00edvel o Boletim de Pessoal 147&nbsp;do Tribunal de Contas da Uni\u00e3o, referente ao m\u00eas de julho de 2026.<\/p><ul class=\"wp-block-list\"><li><strong>Ac\u00f3rd\u00e3o 1777\/2026 Plen\u00e1rio <\/strong>(Consulta, Relator Ministro Benjamin Zymler) \u00a0Tempo de servi\u00e7o. Estagi\u00e1rio. Solicitador acad\u00eamico. Magistrado. Aposentadoria. Contribui\u00e7\u00e3o previdenci\u00e1ria. Contagem de tempo de servi\u00e7o. Consulta. O tempo de est\u00e1gio ou de solicitador acad\u00eamico anterior \u00e0 promulga\u00e7\u00e3o da EC 20\/1998, sem a comprova\u00e7\u00e3o dos recolhimentos previdenci\u00e1rios correspondentes, n\u00e3o \u00e9 comput\u00e1vel para fins de aposentadoria dos magistrados, por aus\u00eancia de previs\u00e3o legal.<\/li><\/ul><ul class=\"wp-block-list\"><li><strong>Ac\u00f3rd\u00e3o 1869\/2026 Plen\u00e1rio <\/strong>(Representa\u00e7\u00e3o, Redator Ministro Vital do R\u00eago) Teto constitucional. Base de c\u00e1lculo. Fun\u00e7\u00e3o de confian\u00e7a. Cargo em comiss\u00e3o. Cargo efetivo. Remunera\u00e7\u00e3o. A remunera\u00e7\u00e3o do cargo efetivo e a retribui\u00e7\u00e3o pelo exerc\u00edcio de fun\u00e7\u00e3o de confian\u00e7a ou cargo em comiss\u00e3o (art. 37, inciso V, da Constitui\u00e7\u00e3o Federal), quando decorrentes do desempenho concomitante de atribui\u00e7\u00f5es materialmente distintas, devem ser consideradas separadamente para fins de incid\u00eancia do teto remunerat\u00f3rio (art. 37, inciso XI, da Constitui\u00e7\u00e3o Federal), assegurando-se a preserva\u00e7\u00e3o de sua natureza remunerat\u00f3ria.<\/li><\/ul><ul class=\"wp-block-list\"><li><strong>Ac\u00f3rd\u00e3o 1892\/2026 Plen\u00e1rio <\/strong>(Den\u00fancia, Relator Ministro Antonio Anastasia) Admiss\u00e3o de pessoal. Funda\u00e7\u00e3o de apoio. Bolsista. Atividade-fim. Atividade-meio. \u00c9 irregular a utiliza\u00e7\u00e3o de bolsistas contratados por funda\u00e7\u00f5es de apoio para desenvolver atividades de car\u00e1ter permanente ou atribui\u00e7\u00f5es inerentes \u00e0 estrutura administrativa dos \u00f3rg\u00e3os da Administra\u00e7\u00e3o P\u00fablica, devendo o trabalho dos bolsistas ficar restrito ao desenvolvimento de projetos de apoio \u00e0 pesquisa, extens\u00e3o ou desenvolvimento institucional cient\u00edfico e tecnol\u00f3gico (art. 1\u00ba da Lei 8.958\/1994).<\/li><\/ul><ul class=\"wp-block-list\"><li><strong>Ac\u00f3rd\u00e3o 1964\/2026 Plen\u00e1rio <\/strong>(Representa\u00e7\u00e3o, Relator Ministro Antonio Anastasia) Bolsa de estudo. Veda\u00e7\u00e3o. Pagamento. OSC. LDO. Servi\u00e7o t\u00e9cnico especializado. Natureza jur\u00eddica. \u00c9 irregular o pagamento de bolsas ou aux\u00edlios acad\u00eamicos cong\u00eaneres a servidores ou empregados p\u00fablicos com recursos vinculados a parcerias pactuadas com organiza\u00e7\u00f5es da sociedade civil (OSC), uma vez que o art. 45, inciso II, da Lei 13.019\/2014 (Marco Regulat\u00f3rio das Organiza\u00e7\u00f5es da Sociedade Civil) veda-lhes pagamentos a qualquer t\u00edtulo, salvo nas hip\u00f3teses previstas em lei espec\u00edfica ou nas leis de diretrizes or\u00e7ament\u00e1rias. As disposi\u00e7\u00f5es das LDOs que permitem o pagamento de servi\u00e7os t\u00e9cnicos profissionais especializados prestados, por tempo determinado, por agentes p\u00fablicos devem ser interpretadas de forma restritiva, pois presta\u00e7\u00e3o de servi\u00e7o \u00e9 rela\u00e7\u00e3o de natureza onerosa e laborativa, sujeita \u00e0 incid\u00eancia de impostos e contribui\u00e7\u00f5es, enquanto bolsa possui natureza de doa\u00e7\u00e3o para fins de fomento acad\u00eamico (Lei 10.973\/2004), sendo, por defini\u00e7\u00e3o, isenta de encargos tribut\u00e1rios e previdenci\u00e1rios, justamente por n\u00e3o configurar contrapresta\u00e7\u00e3o de trabalho.<\/li><\/ul><ul class=\"wp-block-list\"><li><strong>Ac\u00f3rd\u00e3o 1972\/2026 Plen\u00e1rio <\/strong>(Aposentadoria, Relator Ministro-Substituto Weder de Oliveira) Ato sujeito a registro. Princ\u00edpio da razoabilidade. Aposentadoria. Contagem de tempo de servi\u00e7o. Erro. Registro com ressalva. Em situa\u00e7\u00f5es em que se verifica reduzido tempo de contribui\u00e7\u00e3o faltante para implementa\u00e7\u00e3o do requisito temporal para aposentadoria, e que a irregularidade decorreu exclusivamente de erro da Administra\u00e7\u00e3o, tendo o interessado agido de boa-f\u00e9, o TCU pode registrar o ato com ressalva (art. 7\u00ba, inciso II, da Resolu\u00e7\u00e3o TCU 353\/2023), considerando-se que os custos administrativos decorrentes e a aus\u00eancia de utilidade pr\u00e1tica de eventual retorno \u00e0 atividade do servidor aposentado n\u00e3o recomendam o desfazimento do ato concess\u00f3rio, em observ\u00e2ncia aos princ\u00edpios da razoabilidade, da proporcionalidade, da efici\u00eancia administrativa, da seguran\u00e7a jur\u00eddica e da boa-f\u00e9.<\/li><\/ul><ul class=\"wp-block-list\"><li><strong>Ac\u00f3rd\u00e3o 4049\/2026 Primeira C\u00e2mara <\/strong>(Tomada de Contas Especial, Relator Ministro Odair Cunha) Pens\u00e3o civil. Filha maior solteira. Extin\u00e7\u00e3o. Uni\u00e3o est\u00e1vel. \u00c9 irregular o recebimento de pens\u00e3o na condi\u00e7\u00e3o de filha solteira maior de 21 anos (art. 5\u00ba, par\u00e1grafo \u00fanico, da Lei 3.373\/1958) quando a pensionista houver constitu\u00eddo uni\u00e3o est\u00e1vel, que \u00e9 condi\u00e7\u00e3o resolutiva do benef\u00edcio e pode ser comprovada pela exist\u00eancia de filhos e resid\u00eancia em comum da benefici\u00e1ria com o companheiro.<\/li><\/ul><ul class=\"wp-block-list\"><li><strong>Ac\u00f3rd\u00e3o 3569\/2026 Segunda C\u00e2mara <\/strong>(Aposentadoria, Relator Ministro Augusto Nardes) Aposentadoria. Proventos. M\u00e9dia aritm\u00e9tica. Marco temporal. C\u00e1lculo. No c\u00e1lculo dos proventos de aposentadoria pela m\u00e9dia das maiores remunera\u00e7\u00f5es (art. 40, \u00a7\u00a7 3\u00ba e 17, da Constitui\u00e7\u00e3o Federal e art. 2\u00ba da EC 41\/2003), deve-se considerar 80% de todo o per\u00edodo contributivo desde julho de 1994 ou desde o in\u00edcio da contribui\u00e7\u00e3o, se posterior \u00e0quela compet\u00eancia, e n\u00e3o apenas o tempo de contribui\u00e7\u00e3o no cargo efetivo em que se deu a aposentadoria (art. 1\u00ba da Lei 10.887\/2004).<\/li><\/ul><p>Acesse a \u00edntegra: <a href=\"https:\/\/contas.tcu.gov.br\/egestao\/ObterDocumentoSisdoc?codArqCatalogado=33603344\" target=\"_blank\" rel=\"noreferrer noopener\">vers\u00e3o PDF |&nbsp;<\/a><a href=\"https:\/\/contas.tcu.gov.br\/egestao\/ObterDocumentoSisdoc?codArqCatalogado=33603344&amp;codVersao=1\" target=\"_blank\" rel=\"noreferrer noopener\">vers\u00e3o DOCX<\/a><\/p><p><strong>Fonte: TCU<\/strong><\/p>\n    <div class=\"xs_social_share_widget xs_share_url after_content \t\tmain_content  wslu-style-1 wslu-share-box-shaped wslu-fill-colored wslu-none wslu-share-horizontal wslu-theme-font-no wslu-main_content\">\n\n\t\t\n        <ul>\n\t\t\t        <\/ul>\n    <\/div> \n","protected":false},"excerpt":{"rendered":"<p>J\u00e1 est\u00e1 dispon\u00edvel o Boletim de Pessoal 147\u00a0do Tribunal de Contas da Uni\u00e3o, referente ao m\u00eas de julho de 2026.<\/p>\n","protected":false},"author":5,"featured_media":22027,"comment_status":"open","ping_status":"open","sticky":false,"template":"","format":"standard","meta":{"postBodyCss":"","postBodyMargin":[],"postBodyPadding":[],"postBodyBackground":{"backgroundType":"classic","gradient":""},"_price":"","_stock":"","_tribe_ticket_header":"","_tribe_default_ticket_provider":"","_tribe_ticket_capacity":"0","_ticket_start_date":"","_ticket_end_date":"","_tribe_ticket_show_description":"","_tribe_ticket_show_not_going":false,"_tribe_ticket_use_global_stock":"","_tribe_ticket_global_stock_level":"","_global_stock_mode":"","_global_stock_cap":"","_tribe_rsvp_for_event":"","_tribe_ticket_going_count":"","_tribe_ticket_not_going_count":"","_tribe_tickets_list":"[]","_tribe_ticket_has_attendee_info_fields":false,"footnotes":""},"categories":[46],"tags":[],"class_list":["post-22026","post","type-post","status-publish","format-standard","has-post-thumbnail","hentry","category-noticias"],"acf":[],"_links":{"self":[{"href":"https:\/\/sgpsolucoes.com.br\/site\/wp-json\/wp\/v2\/posts\/22026"}],"collection":[{"href":"https:\/\/sgpsolucoes.com.br\/site\/wp-json\/wp\/v2\/posts"}],"about":[{"href":"https:\/\/sgpsolucoes.com.br\/site\/wp-json\/wp\/v2\/types\/post"}],"author":[{"embeddable":true,"href":"https:\/\/sgpsolucoes.com.br\/site\/wp-json\/wp\/v2\/users\/5"}],"replies":[{"embeddable":true,"href":"https:\/\/sgpsolucoes.com.br\/site\/wp-json\/wp\/v2\/comments?post=22026"}],"version-history":[{"count":1,"href":"https:\/\/sgpsolucoes.com.br\/site\/wp-json\/wp\/v2\/posts\/22026\/revisions"}],"predecessor-version":[{"id":22028,"href":"https:\/\/sgpsolucoes.com.br\/site\/wp-json\/wp\/v2\/posts\/22026\/revisions\/22028"}],"wp:featuredmedia":[{"embeddable":true,"href":"https:\/\/sgpsolucoes.com.br\/site\/wp-json\/wp\/v2\/media\/22027"}],"wp:attachment":[{"href":"https:\/\/sgpsolucoes.com.br\/site\/wp-json\/wp\/v2\/media?parent=22026"}],"wp:term":[{"taxonomy":"category","embeddable":true,"href":"https:\/\/sgpsolucoes.com.br\/site\/wp-json\/wp\/v2\/categories?post=22026"},{"taxonomy":"post_tag","embeddable":true,"href":"https:\/\/sgpsolucoes.com.br\/site\/wp-json\/wp\/v2\/tags?post=22026"}],"curies":[{"name":"wp","href":"https:\/\/api.w.org\/{rel}","templated":true}]}}